{"id":9996,"date":"2023-10-31T17:34:01","date_gmt":"2023-10-31T20:34:01","guid":{"rendered":"https:\/\/maxradio923.com\/index.php\/2023\/10\/31\/sergio-massa-arraso-en-las-carceles-aventajo-por-56-puntos-a-javier-milei\/"},"modified":"2023-10-31T17:34:01","modified_gmt":"2023-10-31T20:34:01","slug":"sergio-massa-arraso-en-las-carceles-aventajo-por-56-puntos-a-javier-milei","status":"publish","type":"post","link":"https:\/\/maxradio923.com.ar\/index.php\/2023\/10\/31\/sergio-massa-arraso-en-las-carceles-aventajo-por-56-puntos-a-javier-milei\/","title":{"rendered":"Sergio Massa arras\u00f3 en las c\u00e1rceles: aventaj\u00f3 por 56 puntos a Javier Milei"},"content":{"rendered":"<p>Sergio Massa arras\u00f3 en las c\u00e1rceles: aventaj\u00f3 por 56 puntos a Javier Milei<\/p>\n<p>La provincia de Santiago del Estero era donde hab\u00eda sacado su marca m\u00e1s alta Sergio Massa en las elecciones generales, con el 65,5% de los votos afirmativos. Pero ahora <strong>Massa super\u00f3 ese registro, con el 71,9%,<\/strong> que obtuvo entre las personas privadas de su libertad en todo el pa\u00eds, superando por 56,4 puntos a la f\u00f3rmula encabezada por Javier Milei.<\/p>\n<p>El dato se conoci\u00f3 este martes, cuando la C\u00e1mara Nacional Electoral finaliz\u00f3 el <strong>escrutinio definitivo en c\u00e1rceles e institutos de menores<\/strong>, que tuvieron una muy baja participaci\u00f3n, ya que votaron 25.526 personas, el 36,7% del padr\u00f3n electoral (frente al 77,6% registrado a nivel general). <\/p>\n<p>Seg\u00fan las actas a las que tuvo acceso <strong>Clar\u00edn<\/strong>, la f\u00f3rmula encabezada por Massa obtuvo 17.268 votos (71,9%); seguida de lejos por Milei, con 3.722 votos (15,5%); en tercer lugar Patricia Bullrich, que tuvo 1.257 votos (5,2%); luego Juan Schiaretti, con 1053 (4,4%); y Myriam Bregman, con 728 votos (3%). <\/p>\n<p>En realidad, <strong>el quinto lugar fue para los votos en blanco, con 965<\/strong>, y los nulos se ubicaron en \u00faltimo lugar, con 533 votos. Pero en las elecciones generales no se contabilizan, porque solo se cuentan los votos afirmativos que fueron para algunos de los candidatos presidenciales. <\/p>\n<p>M\u00e1s de la mitad de los votos provinieron de la <strong>provincia de Buenos Aires, donde votaron 13.634 <\/strong>personas privadas de su libertad y Massa consigui\u00f3 10.546 votos, el 77,3% del total. Aunque super\u00f3 ese porcentaje en <strong>Santiago del Estero, donde consigui\u00f3 465 votos, el 83,6% del total. <\/strong><\/p>\n<p>Las \u00fanicas dos provincias donde<strong> Uni\u00f3n por la Patria no gan\u00f3 fueron C\u00f3rdoba y San Luis. <\/strong>All\u00ed salieron primeros Schiaretti, de Hacemos por Nuestro Pa\u00eds, con 368 votos; y Milei, de La Libertad Avanza, con 135 votos, respectivamente.<\/p>\n<p>Los detenidos<strong> pueden votar, excepto aquellos presos que tienen condena firme.<\/strong> El C\u00f3digo Nacional Electoral establece que \u201clos procesados que se encuentren cumpliendo prisi\u00f3n preventiva tendr\u00e1n derecho a emitir su voto en todos los actos eleccionarios que se celebren durante el lapso en que se encuentren detenidos\u201d.<\/p>\n<p><strong>Y no tienen escrutinio provisorio, el d\u00eda de las elecciones<\/strong>. Por eso, este resultado no se incluy\u00f3 en los datos que se difundieron en la noche del domingo 22 de octubre. <\/p>\n<p><img decoding=\"async\" alt=\"Sergio Massa arras\u00f3 en la elecci\u00f3n en las c\u00e1rceles.\" src=\"https:\/\/www.clarin.com\/img\/2023\/10\/26\/M6QLxQrNm_720x0__1.jpg\"\/>Sergio Massa arras\u00f3 en la elecci\u00f3n en las c\u00e1rceles.<\/p>\n<p>Adem\u00e1s, <strong>los presos votaron con boleta \u00fanica de papel,<\/strong> que agrupa a todos los candidatos por categor\u00eda -en lugar de por agrupaci\u00f3n partidaria-, de modo que el votante escribe una cruz al lado del candidato elegido, o ninguna, si quiere votar en blanco.<\/p>\n<h2>La comparaci\u00f3n con las PASO<\/h2>\n<p>La f\u00f3rmula presidencial de Uni\u00f3n por la Patria fue la que m\u00e1s creci\u00f3, con respecto a las Primarias Abiertas, Simult\u00e1neas y Obligatorias (PASO), ya que en esa ocasi\u00f3n Massa obtuvo el 42% y Juan Grabois el 5%. Es decir, que<strong> en las elecciones generales sac\u00f3 25 puntos m\u00e1s que en agosto pasado.<\/strong><\/p>\n<p><strong>La Libertad Avanza baj\u00f3 un punto<\/strong> en las elecciones generales, pasando del 16,5% al 15,5%. <strong>Y Juntos por el Cambio se desplom\u00f3 siete puntos, del 12,2% al 5,2% de los votos<\/strong>.<\/p>\n<p>En las PASO se contabiliz\u00f3 el voto en blanco dentro de los porcentajes totales, obteniendo <strong>7.196 votos<\/strong>, el 35,1%; mientras que en las elecciones generales tuvo muchos menos votos, <strong>965<\/strong>, pero no se contabilizaron, porque la normativa vigente establece que en esta nueva ronda electoral solo se tienen en cuenta los votos afirmativos. <\/p>\n<p>Y si bien fue muy baja la participaci\u00f3n, <strong>aument\u00f3 poco m\u00e1s de cuatro puntos, del 32,5% en las PASO, al 36,7%<\/strong> del padr\u00f3n penitenciario en las elecciones generales del 22 de octubre pasado. <\/p>\n<p>Las personas privadas de su libertad volver\u00e1n a votar en el balotaje, el pr\u00f3ximo 19 de noviembre. <\/p>\n","protected":false},"excerpt":{"rendered":"<p>Sergio Massa arras\u00f3 en las c\u00e1rceles: aventaj\u00f3 por 56 puntos a Javier MileiLa provincia de Santiago del Estero era donde hab\u00eda sacado su marca m\u00e1s alta Sergio Massa en las elecciones generales, con el 65,5% de los votos afirmativos. Pero ahora Massa super\u00f3 ese registro, con el 71,9%, que obtuvo entre las personas privadas de su libertad en todo el pa\u00eds, superando por 56,4 puntos a la f\u00f3rmula encabezada por Javier Milei.<br \/>\nEl dato se conoci\u00f3 este martes, cuando la C\u00e1mara Nacional Electoral finaliz\u00f3 el escrutinio definitivo en c\u00e1rceles e institutos de menores, que tuvieron una muy baja participaci\u00f3n, ya que votaron 25.526 personas, el 36,7% del padr\u00f3n electoral (frente al 77,6% registrado a nivel general).<br \/>\nSeg\u00fan las actas a las que tuvo acceso Clar\u00edn, la f\u00f3rmula encabezada por Massa obtuvo 17.268 votos (71,9%); seguida de lejos por Milei, con 3.722 votos (15,5%); en tercer lugar Patricia Bullrich, que tuvo 1.257 votos (5,2%); luego Juan Schiaretti, con 1053 (4,4%); y Myriam Bregman, con 72..<\/p>\n","protected":false},"author":2,"featured_media":9997,"comment_status":"","ping_status":"","sticky":false,"template":"","format":"standard","meta":{"footnotes":""},"categories":[7],"tags":[],"_links":{"self":[{"href":"https:\/\/maxradio923.com.ar\/index.php\/wp-json\/wp\/v2\/posts\/9996"}],"collection":[{"href":"https:\/\/maxradio923.com.ar\/index.php\/wp-json\/wp\/v2\/posts"}],"about":[{"href":"https:\/\/maxradio923.com.ar\/index.php\/wp-json\/wp\/v2\/types\/post"}],"author":[{"embeddable":true,"href":"https:\/\/maxradio923.com.ar\/index.php\/wp-json\/wp\/v2\/users\/2"}],"replies":[{"embeddable":true,"href":"https:\/\/maxradio923.com.ar\/index.php\/wp-json\/wp\/v2\/comments?post=9996"}],"version-history":[{"count":0,"href":"https:\/\/maxradio923.com.ar\/index.php\/wp-json\/wp\/v2\/posts\/9996\/revisions"}],"wp:featuredmedia":[{"embeddable":true,"href":"https:\/\/maxradio923.com.ar\/index.php\/wp-json\/wp\/v2\/media\/9997"}],"wp:attachment":[{"href":"https:\/\/maxradio923.com.ar\/index.php\/wp-json\/wp\/v2\/media?parent=9996"}],"wp:term":[{"taxonomy":"category","embeddable":true,"href":"https:\/\/maxradio923.com.ar\/index.php\/wp-json\/wp\/v2\/categories?post=9996"},{"taxonomy":"post_tag","embeddable":true,"href":"https:\/\/maxradio923.com.ar\/index.php\/wp-json\/wp\/v2\/tags?post=9996"}],"curies":[{"name":"wp","href":"https:\/\/api.w.org\/{rel}","templated":true}]}}