{"id":9992,"date":"2023-10-31T17:34:00","date_gmt":"2023-10-31T20:34:00","guid":{"rendered":"https:\/\/maxradio923.com\/index.php\/2023\/10\/31\/faure-quartett-cerro-la-temporada-del-mozarteum-con-un-viaje-al-corazon-de-la-musica-de-camara-romantica\/"},"modified":"2023-10-31T17:34:00","modified_gmt":"2023-10-31T20:34:00","slug":"faure-quartett-cerro-la-temporada-del-mozarteum-con-un-viaje-al-corazon-de-la-musica-de-camara-romantica","status":"publish","type":"post","link":"https:\/\/maxradio923.com.ar\/index.php\/2023\/10\/31\/faure-quartett-cerro-la-temporada-del-mozarteum-con-un-viaje-al-corazon-de-la-musica-de-camara-romantica\/","title":{"rendered":"Faur\u00e9 Quartett cerr\u00f3 la temporada del Mozarteum con un viaje al coraz\u00f3n de la m\u00fasica de c\u00e1mara rom\u00e1ntica"},"content":{"rendered":"<ul>\n<li>El prestigioso cuarteto se present\u00f3 en el Teatro Col\u00f3n.<\/li>\n<li>Hubo obras de obras de Schubert, Brahms y Schumann, con un bis de Mussorgsky y Dvor\u00e1k.<\/li>\n<\/ul>\n","protected":false},"excerpt":{"rendered":"<p>El prestigioso cuarteto se present\u00f3 en el Teatro Col\u00f3n. Hubo obras de obras de Schubert, Brahms y Schumann, con un bis de Mussorgsky y Dvor\u00e1k.<\/p>\n","protected":false},"author":2,"featured_media":9993,"comment_status":"","ping_status":"","sticky":false,"template":"","format":"standard","meta":{"footnotes":""},"categories":[4],"tags":[],"_links":{"self":[{"href":"https:\/\/maxradio923.com.ar\/index.php\/wp-json\/wp\/v2\/posts\/9992"}],"collection":[{"href":"https:\/\/maxradio923.com.ar\/index.php\/wp-json\/wp\/v2\/posts"}],"about":[{"href":"https:\/\/maxradio923.com.ar\/index.php\/wp-json\/wp\/v2\/types\/post"}],"author":[{"embeddable":true,"href":"https:\/\/maxradio923.com.ar\/index.php\/wp-json\/wp\/v2\/users\/2"}],"replies":[{"embeddable":true,"href":"https:\/\/maxradio923.com.ar\/index.php\/wp-json\/wp\/v2\/comments?post=9992"}],"version-history":[{"count":0,"href":"https:\/\/maxradio923.com.ar\/index.php\/wp-json\/wp\/v2\/posts\/9992\/revisions"}],"wp:featuredmedia":[{"embeddable":true,"href":"https:\/\/maxradio923.com.ar\/index.php\/wp-json\/wp\/v2\/media\/9993"}],"wp:attachment":[{"href":"https:\/\/maxradio923.com.ar\/index.php\/wp-json\/wp\/v2\/media?parent=9992"}],"wp:term":[{"taxonomy":"category","embeddable":true,"href":"https:\/\/maxradio923.com.ar\/index.php\/wp-json\/wp\/v2\/categories?post=9992"},{"taxonomy":"post_tag","embeddable":true,"href":"https:\/\/maxradio923.com.ar\/index.php\/wp-json\/wp\/v2\/tags?post=9992"}],"curies":[{"name":"wp","href":"https:\/\/api.w.org\/{rel}","templated":true}]}}