{"id":9974,"date":"2023-10-31T15:25:15","date_gmt":"2023-10-31T18:25:15","guid":{"rendered":"https:\/\/maxradio923.com\/index.php\/2023\/10\/31\/a-40-anos-de-la-democracia-alfredo-cornejo-se-mostro-con-los-jueces-del-nunca-mas\/"},"modified":"2023-10-31T15:25:15","modified_gmt":"2023-10-31T18:25:15","slug":"a-40-anos-de-la-democracia-alfredo-cornejo-se-mostro-con-los-jueces-del-nunca-mas","status":"publish","type":"post","link":"https:\/\/maxradio923.com.ar\/index.php\/2023\/10\/31\/a-40-anos-de-la-democracia-alfredo-cornejo-se-mostro-con-los-jueces-del-nunca-mas\/","title":{"rendered":"A 40 a\u00f1os de la democracia, Alfredo Cornejo se mostr\u00f3 con los jueces del &#8220;Nunca m\u00e1s&#8221;"},"content":{"rendered":"<p>A 40 a\u00f1os de la democracia, Alfredo Cornejo se mostr\u00f3 con los jueces del &quot;Nunca m\u00e1s&quot;<\/p>\n<p>La UNCuyo distingui\u00f3 a los jueces del Juicio a las Juntas Militares en el aniversario de los 40 a\u00f1os de recuperaci\u00f3n de la democracia en el pa\u00eds.<\/p>\n<p>Fue en reconocimiento a su trayectoria y contribuci\u00f3n a la consolidaci\u00f3n de la democracia en la Argentina, que los los exjueces Ricardo Gil Lavedra, Jorge Valerga Ar\u00e1oz, Guillermo Ledesma y Le\u00f3n Arslanian (quien no pudo viajar pero lo agradeci\u00f3 a trav\u00e9s de un video), recibieron el Doctor Honoris Causa, la m\u00e1xima distinci\u00f3n de la Universidad Nacional de Cuyo.<\/p>\n<p>El encuentro este lunes en la Nave Uncuyo de la ciudad de Mendoza, fue iniciativa de la coordinaci\u00f3n de la recientemente creada \u00c1rea de Derechos Humanos, a cargo del vicerrector Gabriel Fidel.<\/p>\n<p>El gobernador electo de Mendoza, el radical Alftedo Cornejo particip\u00f3 del encuentro y destac\u00f3 que es \u201cla primera universidad argentina que le da un Doctor Honoris Causa a los ex jueces de la C\u00e1mara Federal que juzgaron a las juntas militares\u201d.<\/p>\n<p>Cornejo elogi\u00f3 a la conducci\u00f3n de la Uncuyo, a cargo de la rectora Esther Sanchez, porque estudios \u201cda ejemplos simb\u00f3licos de ese tipo, por encima de ideolog\u00edas pol\u00edticas, como se apropia el kirchnerismo de la bandera de derechos humanos, cuando es de la mayor\u00eda de los argentinos\u201d.<\/p>\n<h2>El juicio<\/h2>\n<p>En los fundamentos de la distinci\u00f3n universataria se menciona el juicio a la juntas militares como un hito crucial.<\/p>\n<p>\u201cUn tribunal enteramente conformado por jueces civiles y naturales, analiz\u00f3 la conducta criminal de quienes, en su m\u00e1xima jerarqu\u00eda, perpetraron por acci\u00f3n u omisi\u00f3n, los Cr\u00edmenes de Lesa Humanidad contra la ciudadan\u00eda argentina, juzgados en aquella oportunidad bajo las normas previstas en el C\u00f3digo Penal al momento de los hechos\u201d, dice el documento.<\/p>\n<p>Y destaca: \u201cFue un proceso penal en el que se respetaron todas las garant\u00edas y principios constitucionales de las personas acusadas, en seis meses de audiencias orales y p\u00fablicas, en las que se conocieron las declaraciones de aproximadamente ochocientas treinta y tres (833) personas testigos, v\u00edctimas y sobrevivientes, cuya valent\u00eda, al dar testimonio result\u00f3 crucial para arribar finalmente a la condena\u201d.<\/p>\n<p>Tambi\u00e9n pone en valor la participaci\u00f3n de las organizaciones de familiares y defensoras de los derechos humanos y el importante papel que tuvo el informe producido por la Comisi\u00f3n Nacional sobre la Desaparici\u00f3n de Personas, creada por Ra\u00fal Alfons\u00edn el 15 de diciembre de 1983, cinco d\u00edas despu\u00e9s de asumir la presidencia.<\/p>\n<p>\u201cEste proceso pol\u00edtico e institucional permiti\u00f3 no solo la condena penal a los m\u00e1ximos responsables y que la ciudadan\u00eda argentina conociera la sistematicidad y generalidad de los cr\u00edmenes perpetrados por la dictadura c\u00edvico militar, sino tambi\u00e9n, implic\u00f3 un cambio de \u00e9poca en nuestra historia contempor\u00e1nea, que a 40 a\u00f1os de la restauraci\u00f3n democr\u00e1tica y la plena vigencia de los derechos humanos en la Argentina resulta relevante conmemorar\u201d,  subraya el documento de la principal universidad p\u00fablica mendocina.<\/p>\n<p>Y concluye: \u201cLa sociedad valora y aprecia aquel momento y, como se escuch\u00f3 en aquella sala, Se\u00f1ores Jueces: Nunca m\u00e1s, expresi\u00f3n que hermana a quienes abrazan el compromiso por la defensa de los derechos humanos. Nunca m\u00e1s a las torturas, desapariciones, abusos sexuales, robos de beb\u00e9s. Nunca m\u00e1s al exterminio del contrincante. Nunca m\u00e1s al genocidio\u201d.<\/p>\n<h2>Los jueces<\/h2>\n<p>Ricardo Gil Lavedra ingres\u00f3 a la Justicia en 1973 como Secretario Relator de Ministro de la Suprema Corte de Justicia de la Provincia de Buenos Aires, 1973. Y en la actualidad es presidente del Consejo Directivo del Colegio P\u00fablico de Abogac\u00eda de la Capital Federal.<\/p>\n<p>Jorge Valerga Ar\u00e1oz ingres\u00f3 al el Poder Judicial de la Naci\u00f3n en 1970, en un juzgado en lo Criminal de Instrucci\u00f3n, siendo estudiante de abogac\u00eda, como meritorio sin rentar. Renunci\u00f3 a la Justicia en septiembre de 1987 y desde entonces ejerce libremente la profesi\u00f3n de abogado especialista en Derecho Penal en su propio bufete.<\/p>\n<p>Guillermo Ledesma ingres\u00f3 a la Justicia Nacional  en 1961, como Auxiliar Mayor de S\u00e9ptima, en el Juzgado de Instrucci\u00f3n y lleg\u00f3 a ser Juez de la C\u00e1mara Nacional de Apelaciones en lo Criminal y Correccional Federal de la Capital Federal, en 1984. Desempe\u00f1\u00f3 otros diversos cargos con una importante carrera docente. Se destaca por sus numerosas publicaciones vinculadas al Derecho Penal, al Derecho Procesal Penal y a los Derechos Humanos.<\/p>\n<p>Le\u00f3n Arslanian ingres\u00f3 a la Justicia como Prosecretario Electoral, en 1972, pas\u00f3 por diferentes cargos, hasta que en 2015 lo designan Miembro de la Comisi\u00f3n Asesora del Equipo de Diagn\u00f3stico e Implementaci\u00f3n para la Transferencia de la Direcci\u00f3n de Observaciones Judiciales, Procuraci\u00f3n General de la Naci\u00f3n. Tuvo diferentes cargos en la funci\u00f3n p\u00fablica y docentes, entre otras actividades profesionales y legislativas.<\/p>\n","protected":false},"excerpt":{"rendered":"<p>A 40 a\u00f1os de la democracia, Alfredo Cornejo se mostr\u00f3 con los jueces del &#8220;Nunca m\u00e1s&#8221;La UNCuyo distingui\u00f3 a los jueces del Juicio a las Juntas Militares en el aniversario de los 40 a\u00f1os de recuperaci\u00f3n de la democracia en el pa\u00eds.<br \/>\nFue en reconocimiento a su trayectoria y contribuci\u00f3n a la consolidaci\u00f3n de la democracia en la Argentina, que los los exjueces Ricardo Gil Lavedra, Jorge Valerga Ar\u00e1oz, Guillermo Ledesma y Le\u00f3n Arslanian (quien no pudo viajar pero lo agradeci\u00f3 a trav\u00e9s de un video), recibieron el Doctor Honoris Causa, la m\u00e1xima distinci\u00f3n de la Universidad Nacional de Cuyo.<br \/>\nEl encuentro este lunes en la Nave Uncuyo de la ciudad de Mendoza, fue iniciativa de la coordinaci\u00f3n de la recientemente creada \u00c1rea de Derechos Humanos, a cargo del vicerrector Gabriel Fidel.<br \/>\nEl gobernador electo de Mendoza, el radical Alftedo Cornejo particip\u00f3 del encuentro y destac\u00f3 que es \u201cla primera universidad argentina que le da un Doctor Honoris Causa a los ex jueces de la C\u00e1mara Federal que juzgar..<\/p>\n","protected":false},"author":2,"featured_media":9975,"comment_status":"","ping_status":"","sticky":false,"template":"","format":"standard","meta":{"footnotes":""},"categories":[7],"tags":[],"_links":{"self":[{"href":"https:\/\/maxradio923.com.ar\/index.php\/wp-json\/wp\/v2\/posts\/9974"}],"collection":[{"href":"https:\/\/maxradio923.com.ar\/index.php\/wp-json\/wp\/v2\/posts"}],"about":[{"href":"https:\/\/maxradio923.com.ar\/index.php\/wp-json\/wp\/v2\/types\/post"}],"author":[{"embeddable":true,"href":"https:\/\/maxradio923.com.ar\/index.php\/wp-json\/wp\/v2\/users\/2"}],"replies":[{"embeddable":true,"href":"https:\/\/maxradio923.com.ar\/index.php\/wp-json\/wp\/v2\/comments?post=9974"}],"version-history":[{"count":0,"href":"https:\/\/maxradio923.com.ar\/index.php\/wp-json\/wp\/v2\/posts\/9974\/revisions"}],"wp:featuredmedia":[{"embeddable":true,"href":"https:\/\/maxradio923.com.ar\/index.php\/wp-json\/wp\/v2\/media\/9975"}],"wp:attachment":[{"href":"https:\/\/maxradio923.com.ar\/index.php\/wp-json\/wp\/v2\/media?parent=9974"}],"wp:term":[{"taxonomy":"category","embeddable":true,"href":"https:\/\/maxradio923.com.ar\/index.php\/wp-json\/wp\/v2\/categories?post=9974"},{"taxonomy":"post_tag","embeddable":true,"href":"https:\/\/maxradio923.com.ar\/index.php\/wp-json\/wp\/v2\/tags?post=9974"}],"curies":[{"name":"wp","href":"https:\/\/api.w.org\/{rel}","templated":true}]}}