{"id":9953,"date":"2023-10-31T12:14:33","date_gmt":"2023-10-31T15:14:33","guid":{"rendered":"https:\/\/maxradio923.com\/index.php\/2023\/10\/31\/tension-en-francia-entre-judios-y-musulmanes-la-policia-balea-a-una-mujer-con-burka-y-aparecen-cruces-de-david-en-las-puertas-de-las-casas\/"},"modified":"2023-10-31T12:14:33","modified_gmt":"2023-10-31T15:14:33","slug":"tension-en-francia-entre-judios-y-musulmanes-la-policia-balea-a-una-mujer-con-burka-y-aparecen-cruces-de-david-en-las-puertas-de-las-casas","status":"publish","type":"post","link":"https:\/\/maxradio923.com.ar\/index.php\/2023\/10\/31\/tension-en-francia-entre-judios-y-musulmanes-la-policia-balea-a-una-mujer-con-burka-y-aparecen-cruces-de-david-en-las-puertas-de-las-casas\/","title":{"rendered":"Tensi\u00f3n en Francia entre jud\u00edos y musulmanes: la polic\u00eda balea a una mujer con burka y aparecen cruces de David en las puertas de las casas"},"content":{"rendered":"<p>Tensi\u00f3n en Francia entre jud\u00edos y musulmanes: la polic\u00eda balea a una mujer con burka y aparecen cruces de David en las puertas de las casas<\/p>\n<p>La guerra en Gaza tiene <strong>inquietantes secuelas en Francia<\/strong>, donde viven las comunidades musulmanas y jud\u00edas m\u00e1s importantes de Europa. Una mujer en burka fue herida en la ma\u00f1ana de este martes por la polic\u00eda, en una estaci\u00f3n de Metro parisina, ante la presunci\u00f3n de que <strong>pod\u00eda esconder una bomba<\/strong> entre su ropa.<\/p>\n<p>M\u00e1s de 60 casas fueron <strong>marcadas con la estrella de David <\/strong>en el Barrio XIV de Par\u00eds durante la madrugada. El ministro del interior registr\u00f3<strong> 819 actos antisemitas<\/strong> desde el 7 de octubre, cuando Hamas masacr\u00f3 a 1400 israel\u00edes en una incursi\u00f3n terrorista.<\/p>\n<p><img decoding=\"async\" alt=\"M\u00e1s de 60 casas fueron marcadas con la estrella de David en el Barrio XIV de Par\u00eds. Foto: AP\" src=\"https:\/\/www.clarin.com\/img\/2023\/10\/31\/qGH8oUXXi_720x0__1.jpg\"\/>M\u00e1s de 60 casas fueron marcadas con la estrella de David en el Barrio XIV de Par\u00eds. Foto: AP<\/p>\n<p>Este martes por la ma\u00f1ana en Par\u00eds, la polic\u00eda abri\u00f3 fuego contra una mujer que llevaba una burka completa y que<strong> \u201chac\u00eda comentarios amenazantes y apolog\u00eda del terrorismo\u201d<\/strong>, seg\u00fan inform\u00f3 una fuente policial.<\/p>\n<h2>\u00a1Allah Akbar! Y ocho disparos<\/h2>\n<p>A las 9 y media de la ma\u00f1ana, en la estaci\u00f3n de RER de Austerlitz, frente al rio Sena y al Jardin de Plants de Par\u00eds, en pleno centro de la capital , una mujer, vestida con una abaya, amenaz\u00f3 a los transe\u00fante <strong>con \u201chacer volar todo por los aires\u201d, <\/strong>seg\u00fan la fuente policial.<\/p>\n<p>Luego se la vio en la estaci\u00f3n de la Biblioteca Fran\u00e7ois Mitterrand, escondiendo las manos en su abaya. Un equipo de las fuerzas especiales de la polic\u00eda intervino en el lugar e intenta aislarla mientras ella gritaba &quot;Allah Akbar&quot; y se negaba a mostrar las manos.<\/p>\n<p>La polic\u00eda supuso que pod\u00eda esconder una bomba. La fiscal\u00eda de Par\u00eds precisa que \u201cdos agentes de polic\u00eda <strong>realizaron ocho disparos<\/strong>\u201d.<\/p>\n<p>Recibi\u00f3<strong> los disparos en el est\u00f3mago y fue trasladada al hospital<\/strong>. \u201cSu pron\u00f3stico de vida<strong> est\u00e1 en peligro <\/strong>pero su condici\u00f3n es estable\u201d, seg\u00fan las fuentes.<\/p>\n<p><img decoding=\"async\" alt=\"Polic\u00edas montan guardia en las afueras de la estaci\u00f3n del Metro. Foto: Reuters\" src=\"https:\/\/www.clarin.com\/img\/2023\/10\/31\/m6HGzTisZ_720x0__1.jpg\"\/>Polic\u00edas montan guardia en las afueras de la estaci\u00f3n del Metro. Foto: Reuters<\/p>\n<p>En el lugar intervinieron brigadas caninas y de remoci\u00f3n de minas para garantizar que no hubiera explosivos en la estaci\u00f3n. Al mediod\u00eda, la fiscal\u00eda de Par\u00eds confirm\u00f3 que<strong> no se hab\u00eda descubierto ning\u00fan explosivo.<\/strong> Por el momento, la estaci\u00f3n sigue inaccesible al p\u00fablico.<\/p>\n<p>El prefecto de Par\u00eds, Laurent Nu\u00f1ez debi\u00f3 reconocer en conferencia de prensa que \u201cesta persona <strong>no estaba en posesi\u00f3n de explosivos ni armada<\/strong> \u201d.<\/p>\n<p>La fiscal\u00eda de Par\u00eds ha abierto dos investigaciones. La primera, por \u201camenazas de muerte\u201d y \u201cacto de intimidaci\u00f3n contra un titular de una autoridad p\u00fablica para impedirle llevar a cabo su misi\u00f3n\u201d, fue confiada a la polic\u00eda judicial de Par\u00eds. La otra fue dirigida al IGPN por actos de \u201cviolencia intencional (sobre el uso de armas de fuego)\u201d.<\/p>\n<p><img decoding=\"async\" alt=\"Polic\u00edas en la estaci\u00f3n Bibliotheque Francois Mitterand donde ocurri\u00f3 el hecho. Foto: Reuters\" src=\"https:\/\/www.clarin.com\/img\/2023\/10\/31\/M8XsvMTNw_720x0__1.jpg\"\/>Polic\u00edas en la estaci\u00f3n Bibliotheque Francois Mitterand donde ocurri\u00f3 el hecho. Foto: Reuters<\/p>\n<p>Se teme que el caso<strong> tenga repercusiones en los ya tensos suburbios parisinos<\/strong>, donde viven mayoritariamente los musulmanes en Francia.<\/p>\n<h2>Estrellas de David en los barrios<\/h2>\n<p>La estrella de David, estos s\u00edmbolos de la religi\u00f3n jud\u00eda, fueron pintados en edificios de departamentos y bancos durante la noche del 30 al 31 de octubre en el distrito XIV de Par\u00eds y otros barrios, como St Ouen.<\/p>\n<p>Estas estrellas de David, s\u00edmbolos de la religi\u00f3n jud\u00eda, fueron descubiertas en edificios residenciales y bancos de la rue du P\u00e8re-Corentin, de la rue de la Tombe-Issoire o en el cruce de la rue Saint-Yves en Par\u00eds. Se descubrieron im\u00e1genes similares en Saint-Ouen, Aubervilliers e Issy-les-Moulineaux desde el 30 de octubre.<\/p>\n<p>En total,<strong> se denunciaron 819 actos antisemitas en Francia<\/strong>, tras el ataque terrorista de Hamas en Israel, antes de que el Tribunal fuera procesado el 7 de octubre. Se llevaron a cabo 414 detenciones.<\/p>\n<p>\u201cActos despreciables e intolerables&quot;, que provocan &quot;verg\u00fcenza&quot;, &quot;repugnancia&quot; entre los representantes electos de la mayor\u00eda municipal de Par\u00eds, quienes condenaron estos hechos de manera un\u00e1nime en X, antiguo Twitter.<\/p>\n<p>Carine Petit, la alcaldesa del distrito 14 , critic\u00f3 en un comunicado las etiquetas \u201cantisemitas y racistas\u201d.<\/p>\n<p><img decoding=\"async\" alt=\"Una mujer fotograf\u00eda las estrellas de David que aparecieron pintadas en varios barrios de Par\u00eds. Foto: Geoffroy Van der Hasselt \/ AFP\" src=\"https:\/\/www.clarin.com\/img\/2023\/10\/31\/YaTvnZa9Q_720x0__1.jpg\"\/>Una mujer fotograf\u00eda las estrellas de David que aparecieron pintadas en varios barrios de Par\u00eds. Foto: Geoffroy Van der Hasselt \/ AFP<\/p>\n<p>\u201cLa alcald\u00eda de Par\u00eds ha presentado una denuncia\u201d, anunci\u00f3 Emmanuel Gr\u00e9goire, primer diputado de Anne Hidalgo. Aunque al mismo tiempo se solicitar\u00e1 a los servicios de limpieza de la ciudad que cancelen las inscripciones.<\/p>\n<p>En Francia, desde el ataque de Hamas, los actos antisemitas han aumentado. El \u00faltimo informe confirmado por el Ministro del Interior, G\u00e9rald Darmanin, el 30 de octubre: 819 actos, casi el doble que todo el a\u00f1o 2022 y 414 detenciones. . El miembro del Gobierno<strong> lament\u00f3 &quot;un antisemitismo latente&quot; en Francia<\/strong> en los \u00faltimos d\u00edas.<\/p>\n<h2>Los jud\u00edos tienen miedo<\/h2>\n<p>La comunidad jud\u00eda en Francia, que alcanza al menos dos millones de personas, siente miedo. Piensa que los horrores que vivieron sus abuelos <strong>pueden regresar.<\/strong><\/p>\n<p>Algunos dicen tener \u201cla sensaci\u00f3n de regresar a tiempos muy oscuros de nuestra historia\u201d.<\/p>\n<p>Esta preocupaci\u00f3n parece compartida por la comunidad jud\u00eda en Francia. \u201cHoy, en Francia, en 2023, soy francesa, jud\u00eda y no tengo miedo de decirlo:<strong> tengo miedo<\/strong>\u201d, reconoci\u00f3 Alice .<\/p>\n<p><img decoding=\"async\" alt=\"Un hombre entra a una de las casas marcadas. Foto: Geoffroy Van der Hasselt \/ AFP\" src=\"https:\/\/www.clarin.com\/img\/2023\/10\/31\/twPcN8Sm8_720x0__1.jpg\"\/>Un hombre entra a una de las casas marcadas. Foto: Geoffroy Van der Hasselt \/ AFP<\/p>\n<p>Desde el mortal ataque a Israel, ella ha pedido a sus hijos<strong> que \u201cse quiten las estrellas de David \u201d <\/strong>y, sobre todo, \u201cque<strong> tengan cuidado\u201d en la calle&quot;<\/strong>, en los servicios p\u00fablicos, en los conciertos.<\/p>\n<p>&quot;Quitate las estrellas, ten\u00e9 cuidado. Eso nos decimos todo el d\u00eda: <em>ten\u00e9 cuidado, ten\u00e9 cuidado<\/em>, no sabemos muy bien qu\u00e9 m\u00e1s. No sabemos muy bien c\u00f3mo. Pero nos lo decimos entre nosotros&quot;, dice la madre.<\/p>\n<h2>Recuerdos del pasado<\/h2>\n<p>Francia, que tiene la comunidad jud\u00eda m\u00e1s grande de Europa, <strong>est\u00e1 tratando de protegerla<\/strong>. El Ministerio del Interior ha solicitado que se garantice la seguridad de los lugares de culto o de las escuelas jud\u00edas. Un elemento no tan tranquilizador para la madre. \u201cEsto todav\u00eda dice algo sobre la inminencia y la realidad del peligro\u201d, lamenta.<\/p>\n<p>Temores exacerbados por la amenaza terrorista, que ya se ha vuelto varias veces contra esta comunidad. Hoy en Francia<strong> hay \u201curgencia alerta atentado\u201d,<\/strong> el m\u00e1ximo status frente a la posibilidad de un atentado terrorista. . Este fue el caso de los infames atentados a la escuela jud\u00eda de Toulouse, perpetrados en 2012 por Mohammed Merah, afiliado al ISIS.<\/p>\n<p>Alicia dice que ve \u201choras muy oscuras de nuestra historia\u201d desarrollarse ante sus ojos. Entre estos ecos del pasado, destacan<strong> las etiquetas antisemitas que florecen en casi todas partes de Francia.<\/strong><\/p>\n<p>Al menos<strong> tres escuelas jud\u00edas recibieron amenazas<\/strong> este lunes por la ma\u00f1ana en la regi\u00f3n parisina. Las amenazas tambi\u00e9n se han dirigido a<strong> sinagogas y empresas kosher<\/strong> en la regi\u00f3n de Isla de Francia.<\/p>\n<p>&quot;Es una tensi\u00f3n evidente y permanente&quot;, lamenta Benjamin Allouche, miembro del consejo ejecutivo del Crif, ante estos acontecimientos.<\/p>\n<p>En este contexto, muchos profesionales &quot;tienen m\u00e1s cuidado&quot;, como explica Samuel Louzon, secretario nacional de la Uni\u00f3n de Estudiantes Jud\u00edos de Francia. \u201cEl viernes fui a la sinagoga y me quit\u00e9 la kip\u00e1 en la calle, algo que no suelo hacer\u201d, dice.<\/p>\n<p>En t\u00e9rminos m\u00e1s generales, los creyentes dicen que intentan ocultar signos ostentosos , que podr\u00edan mostrar su fe jud\u00eda. Usar la kip\u00e1 o colgar la mezuz\u00e1 frente a la casa es, para algunos, cosa del pasado.<\/p>\n<p>\u201cNos remonta a la Sho\u00e1\u201d dijo el historiador Serge Klarsfeld, que busc\u00f3 nazis en todo el mundo, sobre el conflicto entre Israel y Hamas.<\/p>\n<h2>Medidas de seguridad<\/h2>\n<p>\u201cEstamos dedicando recursos muy importantes a proteger a los franceses de fe jud\u00eda\u201d, asegur\u00f3 el Ministro del Interior G\u00ebrald Darmanic .<\/p>\n<p>\u201cHacemos<strong> todo lo posible<\/strong> para protegerlos\u201d insisti\u00f3.<\/p>\n<p>El Ministro del Interior tambi\u00e9n inform\u00f3 de \u201c414 detenciones por parte de polic\u00edas y gendarmes de personas que comet\u00edan actos antisemitas\u201d.<\/p>\n<p>Tras el asalto el domingo al aeropuerto de la regi\u00f3n de Daguest\u00e1n, en Rusia, por una multitud que visiblemente buscaba pasajeros procedentes de Israel, G\u00e9rald Darmanin intent\u00f3 tranquilizar a los franceses sobre la fe jud\u00eda.<\/p>\n<p>\u201cNo les suceder\u00e1 a ellos\u201d, asegur\u00f3. \u201cEstamos dedicando recursos muy importantes a proteger a los franceses de fe jud\u00eda, a las sinagogas, a las escuelas, a los lugares que podr\u00edan calificarse de comunitarios\u201d.<\/p>\n<p>&quot;Comprendo el miedo de los franceses de fe jud\u00eda&quot; insisti\u00f3. Pero &quot;tambi\u00e9n quiero decirles que est\u00e1n protegidos por la Rep\u00fablica&quot;, subray\u00f3 G\u00e9rald Darmanin, destacando los<strong> &quot;11.000 polic\u00edas y gendarmes&quot; para protegerlos.<\/strong><\/p>\n","protected":false},"excerpt":{"rendered":"<p>Tensi\u00f3n en Francia entre jud\u00edos y musulmanes: la polic\u00eda balea a una mujer con burka y aparecen cruces de David en las puertas de las casasLa guerra en Gaza tiene inquietantes secuelas en Francia, donde viven las comunidades musulmanas y jud\u00edas m\u00e1s importantes de Europa. Una mujer en burka fue herida en la ma\u00f1ana de este martes por la polic\u00eda, en una estaci\u00f3n de Metro parisina, ante la presunci\u00f3n de que pod\u00eda esconder una bomba entre su ropa.<br \/>\nM\u00e1s de 60 casas fueron marcadas con la estrella de David en el Barrio XIV de Par\u00eds durante la madrugada. El ministro del interior registr\u00f3 819 actos antisemitas desde el 7 de octubre, cuando Hamas masacr\u00f3 a 1400 israel\u00edes en una incursi\u00f3n terrorista.<br \/>\nM\u00e1s de 60 casas fueron marcadas con la estrella de David en el Barrio XIV de Par\u00eds. Foto: APEste martes por la ma\u00f1ana en Par\u00eds, la polic\u00eda abri\u00f3 fuego contra una mujer que llevaba una burka completa y que \u201chac\u00eda comentarios amenazantes y apolog\u00eda del terrorismo\u201d, seg\u00fan inform\u00f3 una fuente policial.<br \/>\n\u00a1Al..<\/p>\n","protected":false},"author":2,"featured_media":9954,"comment_status":"","ping_status":"","sticky":false,"template":"","format":"standard","meta":{"footnotes":""},"categories":[3],"tags":[],"_links":{"self":[{"href":"https:\/\/maxradio923.com.ar\/index.php\/wp-json\/wp\/v2\/posts\/9953"}],"collection":[{"href":"https:\/\/maxradio923.com.ar\/index.php\/wp-json\/wp\/v2\/posts"}],"about":[{"href":"https:\/\/maxradio923.com.ar\/index.php\/wp-json\/wp\/v2\/types\/post"}],"author":[{"embeddable":true,"href":"https:\/\/maxradio923.com.ar\/index.php\/wp-json\/wp\/v2\/users\/2"}],"replies":[{"embeddable":true,"href":"https:\/\/maxradio923.com.ar\/index.php\/wp-json\/wp\/v2\/comments?post=9953"}],"version-history":[{"count":0,"href":"https:\/\/maxradio923.com.ar\/index.php\/wp-json\/wp\/v2\/posts\/9953\/revisions"}],"wp:featuredmedia":[{"embeddable":true,"href":"https:\/\/maxradio923.com.ar\/index.php\/wp-json\/wp\/v2\/media\/9954"}],"wp:attachment":[{"href":"https:\/\/maxradio923.com.ar\/index.php\/wp-json\/wp\/v2\/media?parent=9953"}],"wp:term":[{"taxonomy":"category","embeddable":true,"href":"https:\/\/maxradio923.com.ar\/index.php\/wp-json\/wp\/v2\/categories?post=9953"},{"taxonomy":"post_tag","embeddable":true,"href":"https:\/\/maxradio923.com.ar\/index.php\/wp-json\/wp\/v2\/tags?post=9953"}],"curies":[{"name":"wp","href":"https:\/\/api.w.org\/{rel}","templated":true}]}}