{"id":9944,"date":"2023-10-31T09:34:25","date_gmt":"2023-10-31T12:34:25","guid":{"rendered":"https:\/\/maxradio923.com\/index.php\/2023\/10\/31\/se-confirmo-la-protesta-de-los-productores-por-la-falta-de-combustibles-un-campo-sin-gasoil-es-como-un-cuerpo-sin-sangre\/"},"modified":"2023-10-31T09:34:25","modified_gmt":"2023-10-31T12:34:25","slug":"se-confirmo-la-protesta-de-los-productores-por-la-falta-de-combustibles-un-campo-sin-gasoil-es-como-un-cuerpo-sin-sangre","status":"publish","type":"post","link":"https:\/\/maxradio923.com.ar\/index.php\/2023\/10\/31\/se-confirmo-la-protesta-de-los-productores-por-la-falta-de-combustibles-un-campo-sin-gasoil-es-como-un-cuerpo-sin-sangre\/","title":{"rendered":"Se confirm\u00f3 la protesta de los productores por la falta de combustibles: &#8220;Un campo sin gasoil es como un cuerpo sin sangre&#8221;"},"content":{"rendered":"<p>Se confirm\u00f3 la protesta de los productores por la falta de combustibles: &quot;Un campo sin gasoil es como un cuerpo sin sangre&quot;<\/p>\n<p>Quince asociaciones rurales del norte de la provincia de Buenos Aires y de Santiago del Estero confirmaron la protesta en rechazo a la cr\u00edtica situaci\u00f3n econ\u00f3mica que atraviesa el pa\u00eds, el faltante de insumos en general, de combustible y de productos b\u00e1sicos para la actividad agropecuaria, en particular. <\/p>\n<p>El encuentro ser\u00e1 <strong>este jueves a partir de las 9 hs en la rotonda de las rutas 41 y 8<\/strong>, en la localidad bonaerense de San Antonio de Areco.<\/p>\n<p>&quot;La vida econ\u00f3mica paralizada, y las m\u00e1quinas y tractores sin poder trabajar&#8230; \u00a1<strong>Un campo sin gasoil o un pa\u00eds sin combustible es como un cuerpo sin sangre<\/strong>!&quot;, expresaron en un comunicado las entidades de productores.<\/p>\n<p>&quot;Los genios del desabastecimiento, primero de vacunas (perd\u00f3n, \u00a1para ellos s\u00ed!), de insumos m\u00e9dicos o art\u00edculos de primera necesidad en las ciudades para toda la comunidad, y ahora se le suma el combustible&quot;, indicaron en el texto que suscriben las asociaciones rurales de San Pedro, Rojas, Baradero, San Antonio de Areco, Capit\u00e1n Sarmiento, Suipacha, Lincoln, Pergamino, Arrecifes, Col\u00f3n, Jun\u00edn, Carmen de Areco, Salto, Vedia y la de Sach\u00e1yoj de Santiago del Estero.<\/p>\n<p>&quot;La magia de la mentira y el cuento apenas dur\u00f3 una semana. \u00a1Imagin\u00e9monos cuatro a\u00f1os m\u00e1s!&quot;, se\u00f1alaron los productores. Por eso, consideraron que &quot;antes que estar parados al lado del tractor hasta que lleguen los barquitos importados&quot;, deb\u00edan &quot;salir a las rutas a expresar la indignaci\u00f3n&quot;.<\/p>\n<p>&quot;La situaci\u00f3n es pr\u00e1cticamente terminal; para el pa\u00eds y para la producci\u00f3n mucho m\u00e1s&quot;, lament\u00f3 Ra\u00fal Victores, integrante de la Sociedad Rural de San Pedro. &quot;<strong>Es tremendo este caos que estamos viviendo, es tremendo<\/strong>. La protesta es por la situaci\u00f3n en general, por la situaci\u00f3n del pa\u00eds, por la falta de libertad, por la rep\u00fablica, por esta locura en que nos ha sumido la pol\u00edtica y el gobierno, el faltante de gasoil es un detonante. No hay combustible, pero ese es uno de los datos; hay tanto que nos est\u00e1n pasando todos los d\u00edas en el sector productivo&quot;, expres\u00f3 Victores. &quot;Esto es el colof\u00f3n de 20 a\u00f1os de eclosi\u00f3n de este pa\u00eds&quot;, indic\u00f3.<\/p>\n<p>&quot;Es hora de que los productores abandonen la apat\u00eda, que dejen de estar bajo de la cama y salgamos a tratar de defender la rep\u00fablica por nuestros hijos y por nuestros nietos&quot;, remarc\u00f3 Victores.<\/p>\n","protected":false},"excerpt":{"rendered":"<p>Se confirm\u00f3 la protesta de los productores por la falta de combustibles: &#8220;Un campo sin gasoil es como un cuerpo sin sangre&#8221;Quince asociaciones rurales del norte de la provincia de Buenos Aires y de Santiago del Estero confirmaron la protesta en rechazo a la cr\u00edtica situaci\u00f3n econ\u00f3mica que atraviesa el pa\u00eds, el faltante de insumos en general, de combustible y de productos b\u00e1sicos para la actividad agropecuaria, en particular.<br \/>\nEl encuentro ser\u00e1 este jueves a partir de las 9 hs en la rotonda de las rutas 41 y 8, en la localidad bonaerense de San Antonio de Areco.<br \/>\n&#8220;La vida econ\u00f3mica paralizada, y las m\u00e1quinas y tractores sin poder trabajar&#8230; \u00a1Un campo sin gasoil o un pa\u00eds sin combustible es como un cuerpo sin sangre!&#8221;, expresaron en un comunicado las entidades de productores.<br \/>\n&#8220;Los genios del desabastecimiento, primero de vacunas (perd\u00f3n, \u00a1para ellos s\u00ed!), de insumos m\u00e9dicos o art\u00edculos de primera necesidad en las ciudades para toda la comunidad, y ahora se le suma el combustible&#8221;, indica..<\/p>\n","protected":false},"author":2,"featured_media":9945,"comment_status":"","ping_status":"","sticky":false,"template":"","format":"standard","meta":{"footnotes":""},"categories":[2],"tags":[],"_links":{"self":[{"href":"https:\/\/maxradio923.com.ar\/index.php\/wp-json\/wp\/v2\/posts\/9944"}],"collection":[{"href":"https:\/\/maxradio923.com.ar\/index.php\/wp-json\/wp\/v2\/posts"}],"about":[{"href":"https:\/\/maxradio923.com.ar\/index.php\/wp-json\/wp\/v2\/types\/post"}],"author":[{"embeddable":true,"href":"https:\/\/maxradio923.com.ar\/index.php\/wp-json\/wp\/v2\/users\/2"}],"replies":[{"embeddable":true,"href":"https:\/\/maxradio923.com.ar\/index.php\/wp-json\/wp\/v2\/comments?post=9944"}],"version-history":[{"count":0,"href":"https:\/\/maxradio923.com.ar\/index.php\/wp-json\/wp\/v2\/posts\/9944\/revisions"}],"wp:featuredmedia":[{"embeddable":true,"href":"https:\/\/maxradio923.com.ar\/index.php\/wp-json\/wp\/v2\/media\/9945"}],"wp:attachment":[{"href":"https:\/\/maxradio923.com.ar\/index.php\/wp-json\/wp\/v2\/media?parent=9944"}],"wp:term":[{"taxonomy":"category","embeddable":true,"href":"https:\/\/maxradio923.com.ar\/index.php\/wp-json\/wp\/v2\/categories?post=9944"},{"taxonomy":"post_tag","embeddable":true,"href":"https:\/\/maxradio923.com.ar\/index.php\/wp-json\/wp\/v2\/tags?post=9944"}],"curies":[{"name":"wp","href":"https:\/\/api.w.org\/{rel}","templated":true}]}}