{"id":9893,"date":"2023-10-31T00:34:08","date_gmt":"2023-10-31T03:34:08","guid":{"rendered":"https:\/\/maxradio923.com\/index.php\/2023\/10\/31\/tras-el-guino-a-sergio-massa-gerardo-morales-confirmo-la-ruptura-con-mauricio-macri-ya-no-nos-manda-nadie\/"},"modified":"2023-10-31T00:34:08","modified_gmt":"2023-10-31T03:34:08","slug":"tras-el-guino-a-sergio-massa-gerardo-morales-confirmo-la-ruptura-con-mauricio-macri-ya-no-nos-manda-nadie","status":"publish","type":"post","link":"https:\/\/maxradio923.com.ar\/index.php\/2023\/10\/31\/tras-el-guino-a-sergio-massa-gerardo-morales-confirmo-la-ruptura-con-mauricio-macri-ya-no-nos-manda-nadie\/","title":{"rendered":"Tras el gui\u00f1o a Sergio Massa, Gerardo Morales confirm\u00f3 la ruptura con Mauricio Macri: \u201cYa no nos manda nadie\u201d."},"content":{"rendered":"<p>Tras el gui\u00f1o a Sergio Massa, Gerardo Morales confirm\u00f3 la ruptura con Mauricio Macri: \u201cYa no nos manda nadie\u201d. <\/p>\n<p>En un acto para conmemorar los 40 a\u00f1os del triunfo de Ra\u00fal Alfons\u00edn, en el que el homenaje al ex presidente devenido en pr\u00f3cer del partido qued\u00f3 atravesado por la cat\u00e1rsis por la implosi\u00f3n de Juntos por el Cambio y el dilema del posicionamiento para el balotaje, Gerardo Morales confirm\u00f3 en el discurso de cierre la ruptura con Mauricio Macri: <strong>\u201cYa no nos manda nadie\u201d.<\/strong><\/p>\n<p>Con un escenario montado en la Plaza del Vaticano, frente al Teatro Col\u00f3n -la 9 de Julio a unos metros conect\u00f3 con el multitudinario acto en el Obelisco que funcion\u00f3 como cierre de campa\u00f1a de Alfons\u00edn-, desde radicales protagonistas de aquel tiempo hasta dirigentes nacidos en democracia compartieron la nostalgia por el aniversario de una fecha de gloria para la UCR.<\/p>\n<p>Con m\u00fasica de los 80 en la espera -Virus, Charly Garc\u00eda, Abuelos de la Nada y Soda Stereo- y Fernando Bravo como presentador, como en la campa\u00f1a de 1983, los discursos entrelazaron las reivindicaciones a Alfons\u00edn con los posicionamientos sobre la coyuntura, con las argumentaciones sobre la <strong>\u201cprescindencia\u201d<\/strong> que anunci\u00f3 el radicalismo para el 19 de noviembre en la disputa entre Sergio Massa y Javier Milei.<\/p>\n<p>En la previa, luego de una charla en el caf\u00e9 del Pasaje de los Carruajes con Marcelo Stubrin, Coti Nosiglia y otros correligionarios, Morales hizo declaraciones a los medios y otra vez se mostr\u00f3 m\u00e1s cr\u00edtico del candidato liberal. <strong>\u201cEl radical que vote a Milei est\u00e1 traicionando el legado de Alfons\u00edn<\/strong>\u201d, asegur\u00f3 el titular de la UCR. Unas horas antes hab\u00eda dejado otra frase que se interpret\u00f3 a favor de Massa: &quot;Lo que tengamos que hacer para que no gane Milei lo vamos a hacer&quot;.<\/p>\n<p>Desde el escenario enunci\u00f3 una posici\u00f3n m\u00e1s equilibrada, con cuestionamientos a los dos espacios que se enfrentar\u00e1n en la segunda vuelta, aunque sin aludir directamente a Massa. \u201c<strong>Estamos frente a un desaf\u00edo de dos opciones que le hacen da\u00f1o a la Argentina\u201d<\/strong>, indic\u00f3, y en el final arremeti\u00f3 contra Macri.<\/p>\n<p>\u201cLa decisi\u00f3n de un par de dirigentes est\u00e1 rompiendo Juntos por el Cambio y nos quieren llevar por un camino que no vamos a transitar. Se tiene que reconfigurar la pol\u00edtica opositora en la Argentina. <strong>No tenemos nada que ver con Mauricio Macri\u201d<\/strong>, le puso palabras al quiebre el gobernador de Jujuy, y llam\u00f3 a \u201crediscutir el rol de una oposici\u00f3n responsable\u201d con el radicalismo como columna vertebral: <strong>\u201cYa no nos manda m\u00e1s nadie. A los que se creen due\u00f1os de Juntos por el Cambio, como una empresa, les decimos basta. Se termin\u00f3<\/strong>\u201d.<\/p>\n<p>Unas 1500 personas con banderas argentinas y de la UCR asistieron al acto, que arranc\u00f3 con videos de fragmentos de discursos de Alfons\u00edn. En las primeras filas se ubicaron desde dirigentes de la vieja guardia como Horacio Jaunarena, Rafael Pascual y Jos\u00e9 Ignacio L\u00f3pez a Margarita Stolbizer, Mar\u00eda Luisa Storani, Daniel Angelici, Emiliano Yacobitti, Carla Carrizo y legisladores porte\u00f1os como In\u00e9s Parry.<\/p>\n<p><img decoding=\"async\" alt=\"Marcelo Stubrin, Mart\u00edn Lousteau, Mariela Coletta y Gerardo Morales, en la conmemoraci\u00f3n por los 40 a\u00f1os del triunfo de Ra\u00fal Alfons\u00edn. Foto: Marcelo Carroll.\" src=\"https:\/\/www.clarin.com\/img\/2023\/10\/30\/EDZ1FbwMD_720x0__1.jpg\"\/>Marcelo Stubrin, Mart\u00edn Lousteau, Mariela Coletta y Gerardo Morales, en la conmemoraci\u00f3n por los 40 a\u00f1os del triunfo de Ra\u00fal Alfons\u00edn. Foto: Marcelo Carroll.<\/p>\n<p>Los oradores previos a Morales ratificaron la neutralidad que anunci\u00f3 el Comit\u00e9 Nacional, unas horas despu\u00e9s de que Patricia Bullrich blanqueara el acuerdo de Macri con Milei. \u201c<strong>Son d\u00edas dif\u00edciles, nos toca una elecci\u00f3n horrible, pero ninguno de los desaf\u00edos es m\u00e1s dif\u00edcil que los que tuvo Alfons\u00edn<\/strong>\u201d, compar\u00f3 Lousteau, y enumer\u00f3 una serie de temas para diferenciarse de ambos candidatos.<\/p>\n<p>\u201cCon el Banco Central no queremos que lo destruyan ni que lo usen para emitir para el &#039;plan platita&#039; que genera m\u00e1s inflaci\u00f3n. <strong>Para el Estado ni una motosierra ni que lo llenen de militantes<\/strong>. Una Educaci\u00f3n que no se privatice ni se ideologice&quot;, sigui\u00f3 el senador radical.<\/p>\n<p><strong>Lousteau asoma como uno de los posibles sucesores de Morales<\/strong> al frente del Comit\u00e9 Nacional, en una disputa en la que tambi\u00e9n se anota el gobernador correntino Gustavo Vald\u00e9s y que incluir\u00e1 la discusi\u00f3n de las autoridades de los bloques legislativos, que quedar\u00e1n vacantes porque no seguir\u00e1n Mario Negri en Diputados y Alfredo Cornejo y Luis Naidenoff en el Senado.<\/p>\n<p>En el inicio habl\u00f3 Stubrin, orador en el primer acto de Alfons\u00edn durante la dictadura, el 16 de julio de 1982 en la Federaci\u00f3n de Box. <strong>\u201cEl cuerpo electoral nos mand\u00f3 a la oposici\u00f3n y seremos opositores de cualquiera que gane<\/strong>\u201d, ratific\u00f3 el ex diputado.<\/p>\n<p>\u201c<strong>No nos van a obligar a elegir entre dos opciones que no nos representan<\/strong>. No vamos a ser parte del plan de llevar a la Casa Rosada a alguien que todo el tiempo nos agrede y busca combatir contra nuestra esencia\u201d, advirti\u00f3 luego Mariela Coletta, presidenta de la UCR porte\u00f1a. <strong>\u201c\u00a1Con Massa tampoco!\u201d<\/strong>, le gritaron desde el p\u00fablico. Luego del cierre de Morales los cantitos, con insultos, se dirigieron a Macri.<\/p>\n","protected":false},"excerpt":{"rendered":"<p>Tras el gui\u00f1o a Sergio Massa, Gerardo Morales confirm\u00f3 la ruptura con Mauricio Macri: \u201cYa no nos manda nadie\u201d. En un acto para conmemorar los 40 a\u00f1os del triunfo de Ra\u00fal Alfons\u00edn, en el que el homenaje al ex presidente devenido en pr\u00f3cer del partido qued\u00f3 atravesado por la cat\u00e1rsis por la implosi\u00f3n de Juntos por el Cambio y el dilema del posicionamiento para el balotaje, Gerardo Morales confirm\u00f3 en el discurso de cierre la ruptura con Mauricio Macri: \u201cYa no nos manda nadie\u201d.<br \/>\nCon un escenario montado en la Plaza del Vaticano, frente al Teatro Col\u00f3n -la 9 de Julio a unos metros conect\u00f3 con el multitudinario acto en el Obelisco que funcion\u00f3 como cierre de campa\u00f1a de Alfons\u00edn-, desde radicales protagonistas de aquel tiempo hasta dirigentes nacidos en democracia compartieron la nostalgia por el aniversario de una fecha de gloria para la UCR.<br \/>\nCon m\u00fasica de los 80 en la espera -Virus, Charly Garc\u00eda, Abuelos de la Nada y Soda Stereo- y Fernando Bravo como presentador, como en la campa\u00f1a de 198..<\/p>\n","protected":false},"author":2,"featured_media":9894,"comment_status":"","ping_status":"","sticky":false,"template":"","format":"standard","meta":{"footnotes":""},"categories":[7],"tags":[],"_links":{"self":[{"href":"https:\/\/maxradio923.com.ar\/index.php\/wp-json\/wp\/v2\/posts\/9893"}],"collection":[{"href":"https:\/\/maxradio923.com.ar\/index.php\/wp-json\/wp\/v2\/posts"}],"about":[{"href":"https:\/\/maxradio923.com.ar\/index.php\/wp-json\/wp\/v2\/types\/post"}],"author":[{"embeddable":true,"href":"https:\/\/maxradio923.com.ar\/index.php\/wp-json\/wp\/v2\/users\/2"}],"replies":[{"embeddable":true,"href":"https:\/\/maxradio923.com.ar\/index.php\/wp-json\/wp\/v2\/comments?post=9893"}],"version-history":[{"count":0,"href":"https:\/\/maxradio923.com.ar\/index.php\/wp-json\/wp\/v2\/posts\/9893\/revisions"}],"wp:featuredmedia":[{"embeddable":true,"href":"https:\/\/maxradio923.com.ar\/index.php\/wp-json\/wp\/v2\/media\/9894"}],"wp:attachment":[{"href":"https:\/\/maxradio923.com.ar\/index.php\/wp-json\/wp\/v2\/media?parent=9893"}],"wp:term":[{"taxonomy":"category","embeddable":true,"href":"https:\/\/maxradio923.com.ar\/index.php\/wp-json\/wp\/v2\/categories?post=9893"},{"taxonomy":"post_tag","embeddable":true,"href":"https:\/\/maxradio923.com.ar\/index.php\/wp-json\/wp\/v2\/tags?post=9893"}],"curies":[{"name":"wp","href":"https:\/\/api.w.org\/{rel}","templated":true}]}}