{"id":9827,"date":"2023-10-30T15:55:08","date_gmt":"2023-10-30T18:55:08","guid":{"rendered":"https:\/\/maxradio923.com\/index.php\/2023\/10\/30\/la-ucr-desafia-las-criticas-y-convoca-a-celebrar-esta-tarde-los-40-anos-de-democracia-en-plazas-del-pais\/"},"modified":"2023-10-30T15:55:08","modified_gmt":"2023-10-30T18:55:08","slug":"la-ucr-desafia-las-criticas-y-convoca-a-celebrar-esta-tarde-los-40-anos-de-democracia-en-plazas-del-pais","status":"publish","type":"post","link":"https:\/\/maxradio923.com.ar\/index.php\/2023\/10\/30\/la-ucr-desafia-las-criticas-y-convoca-a-celebrar-esta-tarde-los-40-anos-de-democracia-en-plazas-del-pais\/","title":{"rendered":"La UCR desaf\u00eda las cr\u00edticas y convoca a celebrar esta tarde los 40 a\u00f1os de democracia en plazas del pa\u00eds"},"content":{"rendered":"<p>La UCR desaf\u00eda las cr\u00edticas y convoca a celebrar esta tarde los 40 a\u00f1os de democracia en plazas del pa\u00eds<\/p>\n<p>A 40 a\u00f1os del hist\u00f3rico triunfo de Ra\u00fal Alfons\u00edn en las presidenciales de 1983, que marcaron la restauraci\u00f3n democr\u00e1tica luego de 7 a\u00f1os de dictadura militar, el radicalismo convoc\u00f3 esta tarde a las 18 a un festejo en plazas de todo el pa\u00eds, para conmemorar el aniversario.<\/p>\n<p>En La Ciudad de Buenos Aires, la cita es en la Plaza Estado del Vaticano, en Cerrito y Viamonte, al lado del Teatro Col\u00f3n.<\/p>\n<p><img decoding=\"async\" alt=\"La convocatoria de la UCR a las plazas del pa\u00eds.\" src=\"https:\/\/www.clarin.com\/img\/2023\/10\/30\/pnv1hrdcv_720x0__1.jpg\"\/>La convocatoria de la UCR a las plazas del pa\u00eds.<\/p>\n<p>En la previa, esta ma\u00f1ana la Ciudad <strong>amaneci\u00f3 empapelada por afiches alusivos a los 40 a\u00f1os de democracia<\/strong>, con una caricatura de Alfons\u00edn sonriente y haciendo el saludo de manos tomadas a un costado, un cl\u00e1sico de la carteler\u00eda de esa campa\u00f1a que lo llev\u00f3 a la Casa Rosada hace 40 a\u00f1os, imponi\u00e9ndose fuera de todos los pron\u00f3sticos al peronismo, que ten\u00eda como candidato al ex presidente provisional del Senado, Italo Luder. Los afiches llevan la firma de Radicales x Argentina, el sector de la UCR porte\u00f1a referenciado en Daniel Angelici,<\/p>\n<p>La movida radical que busca <strong>recuperar la \u00e9pica perdida<\/strong> se da en un momento agitado de la vida del radicalismo, <strong>que viene de ratificar su neutralidad en el balotaje entre Sergio Massa y Javier Milei.<\/strong><\/p>\n<p>Mientras Massa busca seducir el voto del radicalismo, y habla de un gobierno de \u201cunidad nacional\u201d, Milei y ahora tambi\u00e9n Mauricio Macri siguen criticando a sus principales dirigentes.<\/p>\n<p><img decoding=\"async\" alt=\"Afiches de la UCR en la Ciudad por los 40 a\u00f1os del triunfo de Ra\u00fal Alfons\u00edn y el regreso de la democracia.\" src=\"https:\/\/www.clarin.com\/img\/2023\/10\/30\/U0ktT0mLD_720x0__1.jpg\"\/>Afiches de la UCR en la Ciudad por los 40 a\u00f1os del triunfo de Ra\u00fal Alfons\u00edn y el regreso de la democracia.<\/p>\n<p>Pese a la derrota nacional de Juntos por el Cambio<strong> el radicalismo qued\u00f3 fortalecido en sus expresiones provinciales, con cinco gobernaciones a partir del 10 de diciembre<\/strong>. El mapa por ahora opositor se completa con otros cinco gobernadores del PRO para la etapa que viene.<\/p>\n<p>La convocatoria a las plazas invita a \u201cconmemorar los 40 a\u00f1os de democracia, recitar juntos el pre\u00e1mbulo (de la Constituci\u00f3n nacional) y empezar a construir el futuro\u201d.<\/p>\n<p>En las elecciones de 1983 Alfons\u00edn obtuvo 51,75% contra 40,16% del peronismo. Signific\u00f3 la primera derrota del peronismo en elecciones libres y competitivas.<\/p>\n<p><\/p>\n","protected":false},"excerpt":{"rendered":"<p>La UCR desaf\u00eda las cr\u00edticas y convoca a celebrar esta tarde los 40 a\u00f1os de democracia en plazas del pa\u00edsA 40 a\u00f1os del hist\u00f3rico triunfo de Ra\u00fal Alfons\u00edn en las presidenciales de 1983, que marcaron la restauraci\u00f3n democr\u00e1tica luego de 7 a\u00f1os de dictadura militar, el radicalismo convoc\u00f3 esta tarde a las 18 a un festejo en plazas de todo el pa\u00eds, para conmemorar el aniversario.<br \/>\nEn La Ciudad de Buenos Aires, la cita es en la Plaza Estado del Vaticano, en Cerrito y Viamonte, al lado del Teatro Col\u00f3n.<br \/>\nLa convocatoria de la UCR a las plazas del pa\u00eds.En la previa, esta ma\u00f1ana la Ciudad amaneci\u00f3 empapelada por afiches alusivos a los 40 a\u00f1os de democracia, con una caricatura de Alfons\u00edn sonriente y haciendo el saludo de manos tomadas a un costado, un cl\u00e1sico de la carteler\u00eda de esa campa\u00f1a que lo llev\u00f3 a la Casa Rosada hace 40 a\u00f1os, imponi\u00e9ndose fuera de todos los pron\u00f3sticos al peronismo, que ten\u00eda como candidato al ex presidente provisional del Senado, Italo Luder. Los afiches llevan la firma ..<\/p>\n","protected":false},"author":2,"featured_media":9828,"comment_status":"","ping_status":"","sticky":false,"template":"","format":"standard","meta":{"footnotes":""},"categories":[7],"tags":[],"_links":{"self":[{"href":"https:\/\/maxradio923.com.ar\/index.php\/wp-json\/wp\/v2\/posts\/9827"}],"collection":[{"href":"https:\/\/maxradio923.com.ar\/index.php\/wp-json\/wp\/v2\/posts"}],"about":[{"href":"https:\/\/maxradio923.com.ar\/index.php\/wp-json\/wp\/v2\/types\/post"}],"author":[{"embeddable":true,"href":"https:\/\/maxradio923.com.ar\/index.php\/wp-json\/wp\/v2\/users\/2"}],"replies":[{"embeddable":true,"href":"https:\/\/maxradio923.com.ar\/index.php\/wp-json\/wp\/v2\/comments?post=9827"}],"version-history":[{"count":0,"href":"https:\/\/maxradio923.com.ar\/index.php\/wp-json\/wp\/v2\/posts\/9827\/revisions"}],"wp:featuredmedia":[{"embeddable":true,"href":"https:\/\/maxradio923.com.ar\/index.php\/wp-json\/wp\/v2\/media\/9828"}],"wp:attachment":[{"href":"https:\/\/maxradio923.com.ar\/index.php\/wp-json\/wp\/v2\/media?parent=9827"}],"wp:term":[{"taxonomy":"category","embeddable":true,"href":"https:\/\/maxradio923.com.ar\/index.php\/wp-json\/wp\/v2\/categories?post=9827"},{"taxonomy":"post_tag","embeddable":true,"href":"https:\/\/maxradio923.com.ar\/index.php\/wp-json\/wp\/v2\/tags?post=9827"}],"curies":[{"name":"wp","href":"https:\/\/api.w.org\/{rel}","templated":true}]}}