{"id":9823,"date":"2023-10-30T15:55:06","date_gmt":"2023-10-30T18:55:06","guid":{"rendered":"https:\/\/maxradio923.com\/index.php\/2023\/10\/30\/guerra-con-hamas-israel-informo-que-logro-liberar-sana-y-salva-en-gaza-a-una-soldado-que-estaba-como-rehen\/"},"modified":"2023-10-30T15:55:06","modified_gmt":"2023-10-30T18:55:06","slug":"guerra-con-hamas-israel-informo-que-logro-liberar-sana-y-salva-en-gaza-a-una-soldado-que-estaba-como-rehen","status":"publish","type":"post","link":"https:\/\/maxradio923.com.ar\/index.php\/2023\/10\/30\/guerra-con-hamas-israel-informo-que-logro-liberar-sana-y-salva-en-gaza-a-una-soldado-que-estaba-como-rehen\/","title":{"rendered":"Guerra con Hamas: Israel inform\u00f3 que logr\u00f3 liberar sana y salva en Gaza a una soldado que estaba como reh\u00e9n"},"content":{"rendered":"<p>Guerra con Hamas: Israel inform\u00f3 que logr\u00f3 liberar sana y salva en Gaza a una soldado que estaba como reh\u00e9n<\/p>\n<p>El ej\u00e9rcito de Israel inform\u00f3 que<strong> logr\u00f3 liberar sana y salva<\/strong> en Gaza a una soldada que estaba como reh\u00e9n. &quot;El ej\u00e9rcito y Shin Bet&quot;, a\u00f1adi\u00f3 el comunicado, &quot;har\u00e1n todo lo posible para liberar tambi\u00e9n a otros rehenes&quot;. La soldada era uno de las centinelas destinadas a vigilar el kibutz de Nahal Oz.<\/p>\n<p>Se trata de Ori Megidish, secuestrada por la organizaci\u00f3n terrorista Ham\u00e1s el 7 de octubre.<\/p>\n<p>La soldado fue examinada m\u00e9dicamente, se encuentra bien y se reuni\u00f3 con su familia. <\/p>\n<p>El primer ministro israel\u00ed, Benjamin Netanyahu, afirm\u00f3 este lunes que el ej\u00e9rcito est\u00e1 avanzando &quot;met\u00f3dicamente&quot; en su operaci\u00f3n militar contra el grupo islamista palestino Ham\u00e1s en la Franja de Gaza.<\/p>\n<p>Las fuerzas armadas israel\u00edes &quot;extendieron su entrada terrestre en la Franja de Gaza, lo est\u00e1n haciendo por etapas moderadas y muy potentes, avanzando met\u00f3dicamente paso a paso&quot;, dijo el mandatario al inicio de una reuni\u00f3n de su gabinete.<\/p>\n<p>Desde el viernes pasado, el Ej\u00e9rcito israel\u00ed ha ampliado sus operaciones terrestres en la Franja de Gaza y ha intensificado los bombardeos que llevaba a cabo desde el 7 de octubre, q<strong>ue han dejado m\u00e1s de 8.300 palestinos muertos y m\u00e1s de 21.000 heridos.<\/strong><\/p>\n<p>Desde el 7 de octubre,<strong> Hamas ha liberado a cuatro rehenes<\/strong>: la madre e hija Judith y Natalie Raanan, con nacionalidad estadounidense y puestas en libertad el 20 de octubre, y las ancianas israel\u00edes Yochved Lifshitz y Nurit Cooper, que fueron soltadas por la organizaci\u00f3n islamista hace una semana.<\/p>\n<p>Este lunes, Ham\u00e1s public\u00f3 un v\u00eddeo propagand\u00edstico en el que tres mujeres israel\u00edes supuestamente cautivas en la Franja de Gaza responsabilizan al primer ministro de Israel, Benjam\u00edn Netanyahu, de lo ocurrido el 7 de octubre.<\/p>\n<p>Poco despu\u00e9s, Netanyahu<strong> calific\u00f3 de &quot;cruel propaganda psicol\u00f3gica&quot; <\/strong>esa grabaci\u00f3n.<\/p>\n<p>El miembro de la Oficina Pol\u00edtica de Ham\u00e1s, Ezat Risheq, indic\u00f3 posteriormente en un comunicado que el anuncio israel\u00ed de la liberaci\u00f3n de la soldado &quot;tiene como objetivo perturbar el v\u00eddeo de las tres rehenes&quot;.<\/p>\n<p><strong>&quot;Estas alegaciones son un intento de escapar de la presi\u00f3n&quot;<\/strong> que el tema de los secuestrados supone para el Gobierno de Netanyahu, consider\u00f3 Risheq.<\/p>\n<p><em>Fuente: Clar\u00edn y EFE<\/em><\/p>\n<p><em>PB<\/em><\/p>\n","protected":false},"excerpt":{"rendered":"<p>Guerra con Hamas: Israel inform\u00f3 que logr\u00f3 liberar sana y salva en Gaza a una soldado que estaba como reh\u00e9nEl ej\u00e9rcito de Israel inform\u00f3 que logr\u00f3 liberar sana y salva en Gaza a una soldada que estaba como reh\u00e9n. &#8220;El ej\u00e9rcito y Shin Bet&#8221;, a\u00f1adi\u00f3 el comunicado, &#8220;har\u00e1n todo lo posible para liberar tambi\u00e9n a otros rehenes&#8221;. La soldada era uno de las centinelas destinadas a vigilar el kibutz de Nahal Oz.<br \/>\nSe trata de Ori Megidish, secuestrada por la organizaci\u00f3n terrorista Ham\u00e1s el 7 de octubre.<br \/>\nLa soldado fue examinada m\u00e9dicamente, se encuentra bien y se reuni\u00f3 con su familia.<br \/>\nEl primer ministro israel\u00ed, Benjamin Netanyahu, afirm\u00f3 este lunes que el ej\u00e9rcito est\u00e1 avanzando &#8220;met\u00f3dicamente&#8221; en su operaci\u00f3n militar contra el grupo islamista palestino Ham\u00e1s en la Franja de Gaza.<br \/>\nLas fuerzas armadas israel\u00edes &#8220;extendieron su entrada terrestre en la Franja de Gaza, lo est\u00e1n haciendo por etapas moderadas y muy potentes, avanzando met\u00f3dicamente paso a paso&#8221;, dijo el mandatario al inicio de una reu..<\/p>\n","protected":false},"author":2,"featured_media":9824,"comment_status":"","ping_status":"","sticky":false,"template":"","format":"standard","meta":{"footnotes":""},"categories":[3],"tags":[],"_links":{"self":[{"href":"https:\/\/maxradio923.com.ar\/index.php\/wp-json\/wp\/v2\/posts\/9823"}],"collection":[{"href":"https:\/\/maxradio923.com.ar\/index.php\/wp-json\/wp\/v2\/posts"}],"about":[{"href":"https:\/\/maxradio923.com.ar\/index.php\/wp-json\/wp\/v2\/types\/post"}],"author":[{"embeddable":true,"href":"https:\/\/maxradio923.com.ar\/index.php\/wp-json\/wp\/v2\/users\/2"}],"replies":[{"embeddable":true,"href":"https:\/\/maxradio923.com.ar\/index.php\/wp-json\/wp\/v2\/comments?post=9823"}],"version-history":[{"count":0,"href":"https:\/\/maxradio923.com.ar\/index.php\/wp-json\/wp\/v2\/posts\/9823\/revisions"}],"wp:featuredmedia":[{"embeddable":true,"href":"https:\/\/maxradio923.com.ar\/index.php\/wp-json\/wp\/v2\/media\/9824"}],"wp:attachment":[{"href":"https:\/\/maxradio923.com.ar\/index.php\/wp-json\/wp\/v2\/media?parent=9823"}],"wp:term":[{"taxonomy":"category","embeddable":true,"href":"https:\/\/maxradio923.com.ar\/index.php\/wp-json\/wp\/v2\/categories?post=9823"},{"taxonomy":"post_tag","embeddable":true,"href":"https:\/\/maxradio923.com.ar\/index.php\/wp-json\/wp\/v2\/tags?post=9823"}],"curies":[{"name":"wp","href":"https:\/\/api.w.org\/{rel}","templated":true}]}}