{"id":9800,"date":"2023-10-30T12:25:06","date_gmt":"2023-10-30T15:25:06","guid":{"rendered":"https:\/\/maxradio923.com\/index.php\/2023\/10\/30\/siguen-las-largas-filas-para-cargar-nafta-por-la-falta-de-combustible\/"},"modified":"2023-10-30T12:25:06","modified_gmt":"2023-10-30T15:25:06","slug":"siguen-las-largas-filas-para-cargar-nafta-por-la-falta-de-combustible","status":"publish","type":"post","link":"https:\/\/maxradio923.com.ar\/index.php\/2023\/10\/30\/siguen-las-largas-filas-para-cargar-nafta-por-la-falta-de-combustible\/","title":{"rendered":"Siguen las largas filas para cargar nafta por la falta de combustible"},"content":{"rendered":"<p>Siguen las largas filas para cargar nafta por la falta de combustible<\/p>\n<p>Pese a la amenaza de Sergio Massa a las petroleras, falta nafta y siguen las largas filas en las estaciones de servicio. <strong>En el interior del pa\u00eds el panorama es desolador<\/strong> y siguen con fuertes faltantes.<\/p>\n<p>&quot;Hoy, en una YPF de Dorrego y C\u00f3rdoba, que ayer solo ten\u00eda gasoil restablecieron el despacho&quot;, explic\u00f3 a Clar\u00edn una lectora que sali\u00f3 esta ma\u00f1ana a cargar nafta y se encontr\u00f3 con el servicio algo m\u00e1s reestablecido, pero con colas de m\u00e1s de una cuadra. <\/p>\n<p>Previamente, pas\u00f3 por otra YPF ubicada en Dorrego y Mu\u00f1ecas que no ten\u00eda combustible, y mandaban a los clientes para la de Dorrego y C\u00f3rdoba, que est\u00e1 a 12 cuadras de distancia.<\/p>\n<p>Otro usuario carg\u00f3 en la Shell ubicada en avenida 9 de Julio e Independencia, <strong>donde la cola era m\u00e1s peque\u00f1a.<\/strong> Seg\u00fan cont\u00f3 a este medio, ten\u00eda adelante s\u00f3lo cuatro autos, aunque aclar\u00f3 que todas las expendedoras estaban ocupadas y ten\u00edan m\u00ednimo cuatro autos esperando.<\/p>\n<p>En un paneo por la traza m\u00e1s c\u00e9ntrica, <strong>las estaciones de servicio <\/strong>en general <strong>se muestran con filas de autos, aunque m\u00e1s cortas que las vistas durante el fin de semana.<\/strong><\/p>\n<p><strong>Tras cinco d\u00edas de parate, en el interior el desabastecimiento se sigue sintiendo con fuerza:<\/strong> estaciones de servicios cerradas, escasez, cupos de carga, y largas filas en distintos puntos del pa\u00eds como Tucum\u00e1n, Mendoza, C\u00f3rdoba, Rosario.<\/p>\n<p>En Bialet Mass\u00e9, en la provincia de C\u00f3rdoba, por donde pasan una gran cantidad de veh\u00edculos a diario -es una zona neur\u00e1lgica porque de all\u00ed se accede a Cosqu\u00edn, La Falda, Carlos Paz, Valle de Punilla, Valle Hermoso- m\u00e1s de seis estaciones de servicio de alrededor <strong>est\u00e1n sin combustible.<\/strong><\/p>\n<p>El problema entonces no es s\u00f3lo para los habitantes del lugar, sino tambi\u00e9n para aquellos que fueron a hacer turismo y<strong> no est\u00e1n pudiendo regresar a sus casas.<\/strong><\/p>\n<p>En muchos casos, la falta de combustible demanda hacer un recorrido de corta distancia.<\/p>\n<p>En Mendoza, por ejemplo, durante los \u00faltimos d\u00edas se registraron largas colas de veh\u00edculos intentando llenar el tanque, es por ello que los mismos consumidores van informando a trav\u00e9s de las redes sociales intentan acerca del desabastecimiento en la provincia.<\/p>\n<p>En Tucum\u00e1n, por su parte, el sistema es muy parecido.<strong> Donde llega un cami\u00f3n cisterna<\/strong>, el boca a boca se esparce, y <strong>al rato se puede ver una cola largu\u00edsima de veh\u00edculos de todo tipo<\/strong>. Seg\u00fan un relevamiento de TN en vivo, en una estaci\u00f3n de servicio ubicada en el barrio Loma de Taf\u00ed, que es el l\u00edmite entre Taf\u00ed Viejo y la Capital, hay hasta tres cuadras de cola. All\u00ed buscan cargar desde camiones repartidoras hasta motos de delivery y autos particulares.<\/p>\n<p>El domingo, desde esta \u00faltima provincia, Sergio Massa intim\u00f3 a las petroleras a que normalicen el servicio, si pasa del martes a la noche, no los van a dejar seguir importando petr\u00f3leo.<\/p>\n<h2>Combustible: qu\u00e9 dicen las refinadoras<\/h2>\n<p>&quot;Respecto de la situaci\u00f3n actual de abastecimiento del sistema de combustibles,<strong> la cual se ir\u00e1 normalizando en los pr\u00f3ximos d\u00edas<\/strong>, queremos se\u00f1alar que el mismo ha experimentado una serie de eventos en los \u00faltimos d\u00edas que lo ha exigido al l\u00edmite de su capacidad&quot;, explicaron en un comunicado las distintas estaciones de servicios que hay en el pa\u00eds.<\/p>\n<p>Entre estos eventos, mencionaron los niveles extraordinarios de demanda, especialmente en los \u00faltimos 15 d\u00edas -fin de semana largo, elecciones donde se produce un pico de movilidad de personas, inicio de la siembra agr\u00edcola, entre otros-.<\/p>\n<p>Adem\u00e1s, se produjo una dependencia mayor a la habitual de importaciones de combustibles por paradas programadas en algunas refiner\u00edas; y, m\u00e1s recientemente, una sobredemanda generada por una expectativa de desabastecimiento.<\/p>\n<p>Seg\u00fan las empresas, &quot;la infraestructura de <strong>producci\u00f3n y suministro de combustibles de la Argentina es robusta&quot;.<\/strong><\/p>\n<p>Por su parte, la secretaria de Energ\u00eda, Flavia Roy\u00f3n, dijo que en las \u00faltimas horas <strong>&quot;ya bajaron dos barcos y se est\u00e1 bajando el tercero para atender el pico de demanda<\/strong> que hubo&quot; en combustibles y que la normalizaci\u00f3n del servicio <strong>&quot;puede demorar dos o tres d\u00edas&quot;.<\/strong><\/p>\n<p><strong>&quot;No va a haber aumentos abruptos de precios<\/strong> ni va a haber una devaluaci\u00f3n que aliente maniobras especulativas&quot;, se\u00f1al\u00f3 tambi\u00e9n.<\/p>\n<p>La funcionaria indic\u00f3 que el faltante m\u00e1s importante se dio en las provincias lim\u00edtrofes y que las estaciones de YPF fueron las m\u00e1s afectadas<strong> &quot;porque tom\u00f3 la decisi\u00f3n de mantener m\u00e1s abajo <\/strong>los precios, y eso quebr\u00f3 su stock&quot;.<\/p>\n<p>El secretario general del Sindicato de Obreros y Empleados de Estaciones de Servicio, Carlos Acu\u00f1a, afirm\u00f3 que <strong>&quot;las petroleras piden 20% de aumento<\/strong> porque les conviene exportar y se cagan en los argentinos que trabajan todos los d\u00edas, y que ellos tambi\u00e9n tienen su clientela en este pa\u00eds y hacen plata tambi\u00e9n en este pa\u00eds&quot;.<\/p>\n<p>&quot;Pero ahora est\u00e1n especulando; as\u00ed que los trabajadores de estaciones de servicio vamos a denunciar a los que guardan y no venden, presionando por un 20% de aumento en el precio&quot;, complet\u00f3.<\/p>\n<p>SN<\/p>\n","protected":false},"excerpt":{"rendered":"<p>Siguen las largas filas para cargar nafta por la falta de combustiblePese a la amenaza de Sergio Massa a las petroleras, falta nafta y siguen las largas filas en las estaciones de servicio. En el interior del pa\u00eds el panorama es desolador y siguen con fuertes faltantes.<br \/>\n&#8220;Hoy, en una YPF de Dorrego y C\u00f3rdoba, que ayer solo ten\u00eda gasoil restablecieron el despacho&#8221;, explic\u00f3 a Clar\u00edn una lectora que sali\u00f3 esta ma\u00f1ana a cargar nafta y se encontr\u00f3 con el servicio algo m\u00e1s reestablecido, pero con colas de m\u00e1s de una cuadra.<br \/>\nPreviamente, pas\u00f3 por otra YPF ubicada en Dorrego y Mu\u00f1ecas que no ten\u00eda combustible, y mandaban a los clientes para la de Dorrego y C\u00f3rdoba, que est\u00e1 a 12 cuadras de distancia.<br \/>\nOtro usuario carg\u00f3 en la Shell ubicada en avenida 9 de Julio e Independencia, donde la cola era m\u00e1s peque\u00f1a. Seg\u00fan cont\u00f3 a este medio, ten\u00eda adelante s\u00f3lo cuatro autos, aunque aclar\u00f3 que todas las expendedoras estaban ocupadas y ten\u00edan m\u00ednimo cuatro autos esperando.<br \/>\nEn un paneo por la traza m\u00e1s c\u00e9..<\/p>\n","protected":false},"author":2,"featured_media":9801,"comment_status":"","ping_status":"","sticky":false,"template":"","format":"standard","meta":{"footnotes":""},"categories":[2],"tags":[],"_links":{"self":[{"href":"https:\/\/maxradio923.com.ar\/index.php\/wp-json\/wp\/v2\/posts\/9800"}],"collection":[{"href":"https:\/\/maxradio923.com.ar\/index.php\/wp-json\/wp\/v2\/posts"}],"about":[{"href":"https:\/\/maxradio923.com.ar\/index.php\/wp-json\/wp\/v2\/types\/post"}],"author":[{"embeddable":true,"href":"https:\/\/maxradio923.com.ar\/index.php\/wp-json\/wp\/v2\/users\/2"}],"replies":[{"embeddable":true,"href":"https:\/\/maxradio923.com.ar\/index.php\/wp-json\/wp\/v2\/comments?post=9800"}],"version-history":[{"count":0,"href":"https:\/\/maxradio923.com.ar\/index.php\/wp-json\/wp\/v2\/posts\/9800\/revisions"}],"wp:featuredmedia":[{"embeddable":true,"href":"https:\/\/maxradio923.com.ar\/index.php\/wp-json\/wp\/v2\/media\/9801"}],"wp:attachment":[{"href":"https:\/\/maxradio923.com.ar\/index.php\/wp-json\/wp\/v2\/media?parent=9800"}],"wp:term":[{"taxonomy":"category","embeddable":true,"href":"https:\/\/maxradio923.com.ar\/index.php\/wp-json\/wp\/v2\/categories?post=9800"},{"taxonomy":"post_tag","embeddable":true,"href":"https:\/\/maxradio923.com.ar\/index.php\/wp-json\/wp\/v2\/tags?post=9800"}],"curies":[{"name":"wp","href":"https:\/\/api.w.org\/{rel}","templated":true}]}}