{"id":9774,"date":"2023-10-30T09:54:14","date_gmt":"2023-10-30T12:54:14","guid":{"rendered":"https:\/\/maxradio923.com\/index.php\/2023\/10\/30\/marcelo-orrego-gobernador-electo-de-san-juan-se-reune-con-representantes-de-la-embajada-de-chile\/"},"modified":"2023-10-30T09:54:14","modified_gmt":"2023-10-30T12:54:14","slug":"marcelo-orrego-gobernador-electo-de-san-juan-se-reune-con-representantes-de-la-embajada-de-chile","status":"publish","type":"post","link":"https:\/\/maxradio923.com.ar\/index.php\/2023\/10\/30\/marcelo-orrego-gobernador-electo-de-san-juan-se-reune-con-representantes-de-la-embajada-de-chile\/","title":{"rendered":"Marcelo Orrego, Gobernador Electo de San Juan, Se Re\u00fane con Representantes de la Embajada de Chile"},"content":{"rendered":"<p>El gobernador electo de la provincia de San Juan, Marcelo Orrego, se reuni\u00f3 recientemente con representantes de la Embajada de Chile en un encuentro que tuvo como objetivo establecer la base para futuras relaciones entre ambas entidades durante su mandato gubernamental.<\/p>\n<p>En la reuni\u00f3n estuvieron presentes destacados miembros de la delegaci\u00f3n chilena, incluyendo al Consejero Encargado de Negocios de Chile, Alberto Rodr\u00edguez; Patricio Williams, primer Secretario; David Quiroga, C\u00f3nsul General de Chile en Mendoza, y Mario Schiavone, C\u00f3nsul Honorario de Chile en San Juan. Adem\u00e1s, se sumaron dirigentes y legisladores del espacio pol\u00edtico liderado por el pr\u00f3ximo gobernador.<\/p>\n<p>Marcelo Orrego expres\u00f3 su satisfacci\u00f3n con el encuentro y destac\u00f3 la importancia de establecer relaciones maduras y sensatas con Chile. Durante su declaraci\u00f3n, se\u00f1al\u00f3: \u00abEn este primer encuentro, hemos sentado las bases para construir relaciones maduras y sensatas. Estoy seguro de que existen inmensas oportunidades comerciales, culturales e institucionales que debemos aprovechar en esta nueva etapa que est\u00e1 por comenzar\u00bb.<\/p>\n<p>La reuni\u00f3n se enmarca en el deseo de fortalecer la cooperaci\u00f3n y el intercambio entre la provincia de San Juan y Chile en diversas \u00e1reas, incluyendo el comercio, la cultura y las instituciones. Ambas partes expresaron su compromiso de trabajar de manera conjunta para promover el desarrollo y la prosperidad en la regi\u00f3n.<\/p>\n<p>Esta reuni\u00f3n marca un paso inicial en la consolidaci\u00f3n de la relaci\u00f3n entre la futura administraci\u00f3n de Marcelo Orrego y la Embajada de Chile, y se espera que conduzca a futuras colaboraciones beneficiosas para ambas partes.<\/p>\n","protected":false},"excerpt":{"rendered":"<p>El gobernador electo de la provincia de San Juan, Marcelo Orrego, se reuni\u00f3 recientemente con representantes de la Embajada de Chile en un encuentro que tuvo como objetivo establecer la base para futuras relaciones entre ambas entidades durante su mandato gubernamental.<br \/>\nEn la reuni\u00f3n estuvieron presentes destacados miembros de la delegaci\u00f3n chilena, incluyendo al Consejero Encargado de Negocios de Chile, Alberto Rodr\u00edguez; Patricio Williams, primer Secretario; David Quiroga, C\u00f3nsul General de Chile en Mendoza, y Mario Schiavone, C\u00f3nsul Honorario de Chile en San Juan. Adem\u00e1s, se sumaron dirigentes y legisladores del espacio pol\u00edtico liderado por el pr\u00f3ximo gobernador.<br \/>\nMarcelo Orrego expres\u00f3 su satisfacci\u00f3n con el encuentro y destac\u00f3 la importancia de establecer relaciones maduras y sensatas con Chile. Durante su declaraci\u00f3n, se\u00f1al\u00f3: \u00abEn este primer encuentro, hemos sentado las bases para construir relaciones maduras y sensatas. Estoy seguro de que existen inmensas oportunidades comercia..<\/p>\n","protected":false},"author":2,"featured_media":9775,"comment_status":"","ping_status":"","sticky":false,"template":"","format":"standard","meta":{"footnotes":""},"categories":[8],"tags":[],"_links":{"self":[{"href":"https:\/\/maxradio923.com.ar\/index.php\/wp-json\/wp\/v2\/posts\/9774"}],"collection":[{"href":"https:\/\/maxradio923.com.ar\/index.php\/wp-json\/wp\/v2\/posts"}],"about":[{"href":"https:\/\/maxradio923.com.ar\/index.php\/wp-json\/wp\/v2\/types\/post"}],"author":[{"embeddable":true,"href":"https:\/\/maxradio923.com.ar\/index.php\/wp-json\/wp\/v2\/users\/2"}],"replies":[{"embeddable":true,"href":"https:\/\/maxradio923.com.ar\/index.php\/wp-json\/wp\/v2\/comments?post=9774"}],"version-history":[{"count":0,"href":"https:\/\/maxradio923.com.ar\/index.php\/wp-json\/wp\/v2\/posts\/9774\/revisions"}],"wp:featuredmedia":[{"embeddable":true,"href":"https:\/\/maxradio923.com.ar\/index.php\/wp-json\/wp\/v2\/media\/9775"}],"wp:attachment":[{"href":"https:\/\/maxradio923.com.ar\/index.php\/wp-json\/wp\/v2\/media?parent=9774"}],"wp:term":[{"taxonomy":"category","embeddable":true,"href":"https:\/\/maxradio923.com.ar\/index.php\/wp-json\/wp\/v2\/categories?post=9774"},{"taxonomy":"post_tag","embeddable":true,"href":"https:\/\/maxradio923.com.ar\/index.php\/wp-json\/wp\/v2\/tags?post=9774"}],"curies":[{"name":"wp","href":"https:\/\/api.w.org\/{rel}","templated":true}]}}