{"id":9772,"date":"2023-10-30T09:54:13","date_gmt":"2023-10-30T12:54:13","guid":{"rendered":"https:\/\/maxradio923.com\/index.php\/2023\/10\/30\/tragico-choque-en-circunvalacion-causa-la-muerte-de-un-motociclista\/"},"modified":"2023-10-30T09:54:13","modified_gmt":"2023-10-30T12:54:13","slug":"tragico-choque-en-circunvalacion-causa-la-muerte-de-un-motociclista","status":"publish","type":"post","link":"https:\/\/maxradio923.com.ar\/index.php\/2023\/10\/30\/tragico-choque-en-circunvalacion-causa-la-muerte-de-un-motociclista\/","title":{"rendered":"Tr\u00e1gico Choque en Circunvalaci\u00f3n Causa la Muerte de un Motociclista"},"content":{"rendered":"<p>En las \u00faltimas horas, un lamentable siniestro vial en la avenida Circunvalaci\u00f3n ha cobrado la vida de un motociclista. Seg\u00fan informaci\u00f3n proporcionada por fuentes policiales, el incidente tuvo lugar en las primeras horas de la madrugada en la intersecci\u00f3n del lateral Norte de la avenida Circunvalaci\u00f3n y la calle Mendoza, ubicada en Concepci\u00f3n.<\/p>\n<p>Las circunstancias exactas que llevaron al accidente a\u00fan se encuentran bajo investigaci\u00f3n. Seg\u00fan los informes preliminares, un veh\u00edculo colision\u00f3 con la motocicleta, resultando en un impacto de gran magnitud que tuvo consecuencias tr\u00e1gicas. Tr\u00e1gicamente, el choque result\u00f3 en el fallecimiento del motociclista, cuya identidad a\u00fan no ha sido revelada.<\/p>\n<p>La noticia ha dejado a la comunidad conmocionada, y se espera que las autoridades proporcionen detalles adicionales sobre el accidente una vez que se complete la investigaci\u00f3n. Hasta el momento, no se dispone de informaci\u00f3n sobre el estado de salud de los dem\u00e1s implicados en este tr\u00e1gico suceso.<\/p>\n<p>Tras la notificaci\u00f3n del accidente, equipos de la UFI Delitos Especiales, de Criminal\u00edstica y la Comisar\u00eda 28\u00b0 han estado trabajando en el lugar del incidente para recabar pruebas y llevar a cabo una investigaci\u00f3n exhaustiva que arroje luz sobre las circunstancias que rodearon este choque mortal.<\/p>\n<p>Este incidente sirve como un triste recordatorio de la importancia de la seguridad vial y la necesidad de conducir con responsabilidad en todas las circunstancias. La comunidad lamenta la p\u00e9rdida de una vida y extiende sus condolencias a los seres queridos del motociclista fallecido.<\/p>\n","protected":false},"excerpt":{"rendered":"<p>En las \u00faltimas horas, un lamentable siniestro vial en la avenida Circunvalaci\u00f3n ha cobrado la vida de un motociclista. Seg\u00fan informaci\u00f3n proporcionada por fuentes policiales, el incidente tuvo lugar en las primeras horas de la madrugada en la intersecci\u00f3n del lateral Norte de la avenida Circunvalaci\u00f3n y la calle Mendoza, ubicada en Concepci\u00f3n.<br \/>\nLas circunstancias exactas que llevaron al accidente a\u00fan se encuentran bajo investigaci\u00f3n. Seg\u00fan los informes preliminares, un veh\u00edculo colision\u00f3 con la motocicleta, resultando en un impacto de gran magnitud que tuvo consecuencias tr\u00e1gicas. Tr\u00e1gicamente, el choque result\u00f3 en el fallecimiento del motociclista, cuya identidad a\u00fan no ha sido revelada.<br \/>\nLa noticia ha dejado a la comunidad conmocionada, y se espera que las autoridades proporcionen detalles adicionales sobre el accidente una vez que se complete la investigaci\u00f3n. Hasta el momento, no se dispone de informaci\u00f3n sobre el estado de salud de los dem\u00e1s implicados en este tr\u00e1gico suceso.<br \/>\nTras l..<\/p>\n","protected":false},"author":2,"featured_media":9773,"comment_status":"","ping_status":"","sticky":false,"template":"","format":"standard","meta":{"footnotes":""},"categories":[8],"tags":[],"_links":{"self":[{"href":"https:\/\/maxradio923.com.ar\/index.php\/wp-json\/wp\/v2\/posts\/9772"}],"collection":[{"href":"https:\/\/maxradio923.com.ar\/index.php\/wp-json\/wp\/v2\/posts"}],"about":[{"href":"https:\/\/maxradio923.com.ar\/index.php\/wp-json\/wp\/v2\/types\/post"}],"author":[{"embeddable":true,"href":"https:\/\/maxradio923.com.ar\/index.php\/wp-json\/wp\/v2\/users\/2"}],"replies":[{"embeddable":true,"href":"https:\/\/maxradio923.com.ar\/index.php\/wp-json\/wp\/v2\/comments?post=9772"}],"version-history":[{"count":0,"href":"https:\/\/maxradio923.com.ar\/index.php\/wp-json\/wp\/v2\/posts\/9772\/revisions"}],"wp:featuredmedia":[{"embeddable":true,"href":"https:\/\/maxradio923.com.ar\/index.php\/wp-json\/wp\/v2\/media\/9773"}],"wp:attachment":[{"href":"https:\/\/maxradio923.com.ar\/index.php\/wp-json\/wp\/v2\/media?parent=9772"}],"wp:term":[{"taxonomy":"category","embeddable":true,"href":"https:\/\/maxradio923.com.ar\/index.php\/wp-json\/wp\/v2\/categories?post=9772"},{"taxonomy":"post_tag","embeddable":true,"href":"https:\/\/maxradio923.com.ar\/index.php\/wp-json\/wp\/v2\/tags?post=9772"}],"curies":[{"name":"wp","href":"https:\/\/api.w.org\/{rel}","templated":true}]}}