{"id":9750,"date":"2023-10-30T07:53:55","date_gmt":"2023-10-30T10:53:55","guid":{"rendered":"https:\/\/maxradio923.com\/index.php\/2023\/10\/30\/la-argentina-que-murio-pidiendo-la-eutanasia-es-el-derecho-de-las-personas-de-decir-hasta-aca-llego\/"},"modified":"2023-10-30T07:53:55","modified_gmt":"2023-10-30T10:53:55","slug":"la-argentina-que-murio-pidiendo-la-eutanasia-es-el-derecho-de-las-personas-de-decir-hasta-aca-llego","status":"publish","type":"post","link":"https:\/\/maxradio923.com.ar\/index.php\/2023\/10\/30\/la-argentina-que-murio-pidiendo-la-eutanasia-es-el-derecho-de-las-personas-de-decir-hasta-aca-llego\/","title":{"rendered":"La argentina que muri\u00f3 pidiendo la eutanasia: &#8220;Es el derecho de las personas de decir hasta ac\u00e1 llego&#8221;"},"content":{"rendered":"<p>La argentina que muri\u00f3 pidiendo la eutanasia: &quot;Es el derecho de las personas de decir hasta ac\u00e1 llego&quot;  <\/p>\n<p><strong>Adriana Stagnaro <\/strong>era una reconocida antrop\u00f3loga, docente e investigadora. Le gustaba nadar y viajar por el mundo. En 2018 comenz\u00f3 a sentir temblores en las piernas. Despu\u00e9s de varias idas y vueltas entre consultorios m\u00e9dicos de distintas especialidades, la diagnosticaron con <strong>esclerosis lateral amiotr\u00f3fica, ELA<\/strong>.<\/p>\n<p>Lleg\u00f3 a tener siete cuidadoras. Para todo necesitaba asistencia: comer, ir al ba\u00f1o, acostarse o levantarse de la cama. <strong>Muchas veces pens\u00f3 en el suicidio<\/strong>, pero incluso esa opci\u00f3n estaba fuera de su alcance porque para llevarla a cabo necesitaba la ayuda de otra persona. <\/p>\n<p>Cuando la enfermedad lleg\u00f3 a este punto, tan opresivo, empez\u00f3 a reclamar por su <strong>derecho a la muerte<\/strong>. Dedic\u00f3 sus \u00faltimos a\u00f1os a dar charlas y escribir art\u00edculos en favor de una <strong>Ley de eutanasia<\/strong>.<\/p>\n<p>\u201cLo que me mueve es el temor a lo que vendr\u00e1: el deterioro, la devastaci\u00f3n de mi cuerpo y de mi psiquis\u201d, le cont\u00f3 a <strong>Clar\u00edn <\/strong>en una entrevista el 20 de julio de este a\u00f1o.<\/p>\n<p>Su forma de hablar, degradada por la enfermedad, conservaba el af\u00e1n por la precisi\u00f3n en el uso de las palabras. Se tomaba un tiempo para responder. <strong>La falta de fluidez no opacaba su inteligencia.<\/strong><\/p>\n<p>\u201cTengo una posici\u00f3n ideol\u00f3gica a favor de la eutanasia anterior a mi enfermedad. Me gusta trabajar<strong> la palabra eutanasia no como algo oculto<\/strong>, ilegal, de lo que no se puede hablar. \u00bfPor qu\u00e9? Porque hay mucha gente que quiz\u00e1s est\u00e9 mucho peor que yo. <strong>No solamente con ELA, puede ser c\u00e1ncer o cuadriplej\u00eda<\/strong>. Quiz\u00e1s, por una cuesti\u00f3n legal, cultural o familiar estas personas no pueden expresar su libre derecho como pacientes a decidir &#039;Hasta ac\u00e1 llego, no m\u00e1s&#039;&quot;, dijo.<\/p>\n<p>Adriana viv\u00eda en un departamento lleno de libros y cuadros. En las repisas tambi\u00e9n hab\u00eda fotos de ella y su marido en distintas partes del mundo y la Argentina. Eran testimonios de su otra vida, como le gustaba decir. <strong>Su voluntad era morir en su habitaci\u00f3n<\/strong>, rodeada de sus afectos y sus olores.<\/p>\n<p>A principios de octubre alquil\u00f3 una casa en las sierras de C\u00f3rdoba, quer\u00eda pasar unos d\u00edas en contacto con la naturaleza. Durante esa estad\u00eda <strong>tuvo una broncoaspiraci\u00f3n que empeor\u00f3 su estado<\/strong>. El m\u00e9dico Carlos Soriano, autor del libro \u201cMorir con dignidad en Argentina\u201d, hombre de su confianza, la acompa\u00f1\u00f3 hasta \u00faltimo momento.<\/p>\n<p><strong>Adriana Stagnaro muri\u00f3 el martes 10 de octubre. Ten\u00eda 70 a\u00f1os.<\/strong><\/p>\n<h2>El debate por una Ley de eutanasia<\/h2>\n<p>La lucha de Stagnaro se apoyaba en un grupo de profesionales que hoy se encuentran trabajando para que en la Argentina haya una Ley de eutanasia. Se entiende por eutanasia el procedimiento m\u00e9dico que pone<strong> fin a la vida de una persona con una enfermedad irreversible<\/strong> por expreso pedido de esta.<\/p>\n<p>&quot;Como sociedad estamos maduros para tener una ley de este tipo. Si uno tiene derecho a vivir, tambi\u00e9n tiene <strong>derecho a elegir de qu\u00e9 manera terminar sus \u00faltimos d\u00edas<\/strong>, sobre todo cuando siente que se est\u00e1 enfrentando a una enfermedad o a una situaci\u00f3n que le quita dignidad y que le trae much\u00edsimo sufrimiento\u201d, dice Florencia Luna, fil\u00f3sofa especialista en bio\u00e9tica.<\/p>\n<p>En nuestro pa\u00eds existe lo que se conoce como<strong> \u201cLey de muerte digna\u201d<\/strong>, una modificaci\u00f3n de la Ley de Derechos del Paciente (2012). Bajo esta figura, enfermos terminales pueden <strong>negarse a seguir recibiendo tratamientos<\/strong> que solo tengan por fin estirar su vida. Es decir, se pueden rechazar procedimientos, pero no aplicar uno que d\u00e9 muerte a una persona.<\/p>\n<p>Entre los que se oponen a la eutanasia prevalecen los <strong>fundamentos m\u00e9dicos y religiosos<\/strong>, entre otros.<\/p>\n<p>Ariel Cherro preside el Consejo de Cuidados Paliativos. Seg\u00fan su postura, plantear la eutanasia como soluci\u00f3n a los problemas de un enfermo terminal es problem\u00e1tico: \u201cEl tema de fondo es <strong>de qu\u00e9 manera se aborda el sufrimiento humano<\/strong>. Los cuidados paliativos son un abordaje integral que permite aliviar el sufrimiento y buscar dignidad en la vida m\u00e1s all\u00e1 del tiempo que haya por delante&quot;.<\/p>\n<p>Para Cherro, antes que hablar de eutanasia es necesario reforzar otros recursos m\u00e9dicos. Se estima que <strong>solo el 14% de los enfermos argentinos<\/strong> que requieren de cuidados paliativos reciben este tratamiento.<\/p>\n<p>\u201cHoy, por lo general, se habla de dignidad cuando se acorta la sobrevida del paciente. Eso es un sesgo importante. Se est\u00e1 dando un mensaje de que eso es dignidad y lo otro no\u201d, agrega.<\/p>\n<p>Rub\u00e9n Revello, director del Instituto de Bio\u00e9tica de la Facultad de Medicina de la UCA, sostiene que detr\u00e1s de la idea de eutanasia hay <strong>un motivo econ\u00f3mico<\/strong>.<\/p>\n<p>\u201cLa atenci\u00f3n m\u00e9dica de <strong>la etapa final de la vida de una persona supone un costo hospitalario alt\u00edsimo<\/strong>. Ahora, \u00bftiene sentido comparar la dignidad de la vida con costos? O sea, yo le pongo un costo a la vida de una persona y digo \u2018Bueno, hasta ac\u00e1 te atiende el sistema, de ahora en m\u00e1s qued\u00e1s abandonado a tu suerte\u2019. Digo, \u00bfeso es progresismo? Para m\u00ed es mercantilismo\u201d, enfatiza.<\/p>\n<h2>La eutanasia en el mundo<\/h2>\n<p>La eutanasia<strong> es legal en ocho pa\u00edses<\/strong>: Pa\u00edses Bajos, Colombia, Espa\u00f1a, B\u00e9lgica, Austria, Alemania, Suiza y Luxemburgo. Tambi\u00e9n en algunos estados de Australia y Estados Unidos.<\/p>\n<p>Adriana Stagnaro era integrante de la Red de Cuidados, Derechos y Decisiones en el final de la vida del CONICET, un grupo del que tambi\u00e9n forma parte Florencia Luna. Esta red tiene como meta<strong> mejorar la legislaci\u00f3n vinculada al final de la vida<\/strong>.<\/p>\n<p>En nuestro pa\u00eds hay <strong>dos proyectos de ley<\/strong> vigentes para legalizar la eutanasia: uno en Diputados (\u201cRegulaci\u00f3n de la Eutanasia y la muerte asistida\u201d) y el otro en Senadores (\u201cLey de Buena muerte. Regulaci\u00f3n de la eutanasia\u201d). En tanto que un tercer proyecto (&quot;Ley Alfonso&quot;), presentado en 2021, perdi\u00f3 estado parlamentario.<\/p>\n","protected":false},"excerpt":{"rendered":"<p>La argentina que muri\u00f3 pidiendo la eutanasia: &#8220;Es el derecho de las personas de decir hasta ac\u00e1 llego&#8221; Adriana Stagnaro era una reconocida antrop\u00f3loga, docente e investigadora. Le gustaba nadar y viajar por el mundo. En 2018 comenz\u00f3 a sentir temblores en las piernas. Despu\u00e9s de varias idas y vueltas entre consultorios m\u00e9dicos de distintas especialidades, la diagnosticaron con esclerosis lateral amiotr\u00f3fica, ELA.<br \/>\nLleg\u00f3 a tener siete cuidadoras. Para todo necesitaba asistencia: comer, ir al ba\u00f1o, acostarse o levantarse de la cama. Muchas veces pens\u00f3 en el suicidio, pero incluso esa opci\u00f3n estaba fuera de su alcance porque para llevarla a cabo necesitaba la ayuda de otra persona.<br \/>\nCuando la enfermedad lleg\u00f3 a este punto, tan opresivo, empez\u00f3 a reclamar por su derecho a la muerte. Dedic\u00f3 sus \u00faltimos a\u00f1os a dar charlas y escribir art\u00edculos en favor de una Ley de eutanasia.<br \/>\n\u201cLo que me mueve es el temor a lo que vendr\u00e1: el deterioro, la devastaci\u00f3n de mi cuerpo y de mi psiquis\u201d, le cont\u00f3 a Cl..<\/p>\n","protected":false},"author":2,"featured_media":9751,"comment_status":"","ping_status":"","sticky":false,"template":"","format":"standard","meta":{"footnotes":""},"categories":[9],"tags":[],"_links":{"self":[{"href":"https:\/\/maxradio923.com.ar\/index.php\/wp-json\/wp\/v2\/posts\/9750"}],"collection":[{"href":"https:\/\/maxradio923.com.ar\/index.php\/wp-json\/wp\/v2\/posts"}],"about":[{"href":"https:\/\/maxradio923.com.ar\/index.php\/wp-json\/wp\/v2\/types\/post"}],"author":[{"embeddable":true,"href":"https:\/\/maxradio923.com.ar\/index.php\/wp-json\/wp\/v2\/users\/2"}],"replies":[{"embeddable":true,"href":"https:\/\/maxradio923.com.ar\/index.php\/wp-json\/wp\/v2\/comments?post=9750"}],"version-history":[{"count":0,"href":"https:\/\/maxradio923.com.ar\/index.php\/wp-json\/wp\/v2\/posts\/9750\/revisions"}],"wp:featuredmedia":[{"embeddable":true,"href":"https:\/\/maxradio923.com.ar\/index.php\/wp-json\/wp\/v2\/media\/9751"}],"wp:attachment":[{"href":"https:\/\/maxradio923.com.ar\/index.php\/wp-json\/wp\/v2\/media?parent=9750"}],"wp:term":[{"taxonomy":"category","embeddable":true,"href":"https:\/\/maxradio923.com.ar\/index.php\/wp-json\/wp\/v2\/categories?post=9750"},{"taxonomy":"post_tag","embeddable":true,"href":"https:\/\/maxradio923.com.ar\/index.php\/wp-json\/wp\/v2\/tags?post=9750"}],"curies":[{"name":"wp","href":"https:\/\/api.w.org\/{rel}","templated":true}]}}