{"id":9733,"date":"2023-10-30T03:54:23","date_gmt":"2023-10-30T06:54:23","guid":{"rendered":"https:\/\/maxradio923.com\/index.php\/2023\/10\/30\/violacion-grupal-en-palermo-que-penas-podrian-darles-a-los-seis-acusados\/"},"modified":"2023-10-30T03:54:23","modified_gmt":"2023-10-30T06:54:23","slug":"violacion-grupal-en-palermo-que-penas-podrian-darles-a-los-seis-acusados","status":"publish","type":"post","link":"https:\/\/maxradio923.com.ar\/index.php\/2023\/10\/30\/violacion-grupal-en-palermo-que-penas-podrian-darles-a-los-seis-acusados\/","title":{"rendered":"Violaci\u00f3n grupal en Palermo: qu\u00e9 penas podr\u00edan darles a los seis acusados"},"content":{"rendered":"<p>Violaci\u00f3n grupal en Palermo: qu\u00e9 penas podr\u00edan darles a los seis acusados<\/p>\n<p>El juicio por la violaci\u00f3n grupal a una joven de 21 a\u00f1os, ocurrida en febrero de 2022 en el barrio de Palermo, ingresa este viernes en su etapa de alegatos, donde los seis acusados podr\u00edan enfrentar pedidos de condenas de <strong>hasta 20 a\u00f1os de c\u00e1rcel.<\/strong> <\/p>\n<p>La audiencia se iniciar\u00e1 a las 9.30 ante el Tribunal Oral en lo Criminal (TOC) 14 de la Capital Federal, en el edificio judicial de la calle Lavalle 1171, aunque algunas de las partes participar\u00e1n v\u00eda Zoom.<\/p>\n<p>Los primeros en alegar ante los jueces Gabriel Vega, Gustavo Valle y Domingo Altieri ser\u00e1n los abogados querellantes Hugo Figueroa y Osvaldo Cantoro, representantes de la v\u00edctima, que ten\u00eda 21 a\u00f1os al momento del hecho y cuya identidad se resguarda para preservarla.<\/p>\n<p>  Tal como sucedi\u00f3 desde el inicio del juicio, el pasado 28 de agosto, la jornada ser\u00e1 a puertas cerradas, ya que se trata de un delito sexual de instancia privada.<\/p>\n<p>Fuentes judiciales indicaron a <em>T\u00e9lam<\/em> que los querellantes <strong>pedir\u00e1n condena para los seis acusados<\/strong>: \u00c1ngel Pascual Ramos (24), Lautaro Dante Ciongo Pasotti (25), Thomas Fabi\u00e1n &quot;TH&quot; Dom\u00ednguez (23), Franco Jes\u00fas Lykan (24), Alexis Steven Cuzzoni (21) e Ignacio Retondo (24).<\/p>\n<p><img decoding=\"async\" alt=\"En el inicio del juicio hubo una movilizaci\u00f3n de apoyo para los acusados. Foto: Luciano Thieberger.\" src=\"https:\/\/www.clarin.com\/img\/2023\/10\/26\/BeRkIc4dY_720x0__1.jpg\"\/>En el inicio del juicio hubo una movilizaci\u00f3n de apoyo para los acusados. Foto: Luciano Thieberger.<\/p>\n<p>Todos llegaron a juicio acusados de los delitos de &quot;<em>abuso sexual con acceso carnal agravado por la intervenci\u00f3n de dos o m\u00e1s personas<\/em>&quot; -que <strong>prev\u00e9 una pena de 8 a 20 a\u00f1os de c\u00e1rcel<\/strong>-, en concurso real con las &quot;<em>lesiones leves<\/em>&quot; -de un mes a un a\u00f1o de prisi\u00f3n-, producidas al testigo Luis Riveros Esp\u00ednola, a quien agredieron antes de que todo el grupo sea detenido por la Polic\u00eda de la Ciudad.<\/p>\n<p>Los voceros adelantaron que en su alegato la querella distinguir\u00e1 a algunos acusados como &quot;<em>autores<\/em>&quot; y a otros como &quot;<em>part\u00edcipes necesarios<\/em>&quot;, aunque a los fines de los a\u00f1os de prisi\u00f3n a pedir, es lo mismo, ya que la escala penal es la misma para ambos roles.<\/p>\n<p>La otra querella que tendr\u00e1 la posibilidad de alegar este viernes es la del abogado Marino Cid Aparicio, quien representa a Natalia Concepci\u00f3n Duarte Godoy y Orlando Jes\u00fas Ibarra, los panaderos que se acercaron al veh\u00edculo donde se comet\u00eda el abuso para ayudar a la v\u00edctima, en el marco de una causa por presuntas amenazas de cinco de los acusados hacia los comerciantes, que en su momento fue anexada al expediente principal.<\/p>\n<p>El cronograma notificado por el TOC 14 para los alegatos del fiscal general de juicio Fernando Klappenbach y de las defensas incluye audiencias programadas para los d\u00edas <strong>10, 24 y 28 de noviembre y 5 de diciembre<\/strong>.<\/p>\n<h2>La versi\u00f3n de la v\u00edctima<\/h2>\n<p>El 1 de septiembre pasado, la v\u00edctima declar\u00f3 en el juicio y afirm\u00f3 que no recordaba nada del episodio, que le &quot;<strong>arruinaron la vida<\/strong>&quot;, que tuvo que dejar sus estudios en la carrera de ingenier\u00eda de sistemas y cambiarse de sector en su trabajo, donde antes hac\u00eda atenci\u00f3n al p\u00fablico, y dej\u00f3 en claro que nunca dio el consentimiento para tener relaciones sexuales con los imputados.<\/p>\n<p>&quot;Nunca hubiera prestado consentimiento para estar con un hombre, no es mi inclinaci\u00f3n sexual&quot;, agreg\u00f3 la joven al descartar, tal como ya lo hab\u00eda hecho en su declaraci\u00f3n durante la instrucci\u00f3n, que lo ocurrido haya sido consensuado.<\/p>\n<p><img decoding=\"async\" alt=\"Las pericias a la ropa que usaban los seis detenidos por la violaci\u00f3n grupal en Palermo.\" src=\"https:\/\/www.clarin.com\/img\/2022\/03\/08\/Zg1ruUBvp_720x0__1.jpg\"\/>Las pericias a la ropa que usaban los seis detenidos por la violaci\u00f3n grupal en Palermo.<\/p>\n<p>El martes pasado, en la \u00faltima audiencia del juicio, uno de los principales acusados, Ramos, dijo que tuvo con la v\u00edctima una relaci\u00f3n sexual &quot;<strong>mutua y consentida<\/strong>&quot; y consider\u00f3 que el &quot;error&quot; fue haber elegido un auto estacionado para hacer eso.<\/p>\n<p>En otra jornada, otro de los imputados, Ciongo Pasotti, due\u00f1o del auto donde ocurri\u00f3 el tramo final del abuso, declar\u00f3 que solamente se besaron con la v\u00edctima, que \u00e9l no se sac\u00f3 la ropa y que a quien s\u00ed vio tener relaciones con la chica dentro de su veh\u00edculo es a Ramos.<\/p>\n<p>La clave de este debate est\u00e1 centrada en si se mantendr\u00e1 la acusaci\u00f3n que durante la instrucci\u00f3n formularon y sostuvieron el fiscal Eduardo Rosende y el juez Marcos Fern\u00e1ndez, en la que, pese a que no todos llegaron a abusar de la v\u00edctima, les atribu\u00edan a los seis el mismo grado de responsabilidad en el marco de una <strong>&quot;<em>coautor\u00eda funcional<\/em>&quot; con divisi\u00f3n de roles<\/strong>, o si alguno de los imputados es beneficiado con una calificaci\u00f3n m\u00e1s leve.<\/p>\n<h2>El abuso sexual<\/h2>\n<p>  El hecho ocurri\u00f3 el feriado de carnaval del 28 de febrero de 2022, en la calle Serrano al 1300, en la zona de Palermo Soho, donde una pareja de panaderos y otro vecino intervinieron al ver que dentro de un auto Volkswagen Gol estacionado junto a la vereda abusaban en grupo de una chica.<\/p>\n<p>  La prueba clave fueron los m\u00faltiples videos de c\u00e1maras de seguridad que registraron todo el derrotero del grupo con la v\u00edctima durante nueve horas.<\/p>\n<p>  Seg\u00fan la reconstrucci\u00f3n del hecho, la joven fue captada a las 6 de la madrugada por algunos de los imputados en el boliche &quot;Espacio Ro Techno Bar&quot; de la calle Thames 1625, de all\u00ed fueron a una plaza de Soler y Godoy Cruz y luego a un kiosco de plaza Serrano donde fue manoseada, hasta que pasadas las 15 fueron caminando hasta el auto estacionado frente a una panader\u00eda de la calle Serrano al 1300, de donde fue rescatada.<\/p>\n<p><em>EMJ<\/em><\/p>\n","protected":false},"excerpt":{"rendered":"<p>Violaci\u00f3n grupal en Palermo: qu\u00e9 penas podr\u00edan darles a los seis acusadosEl juicio por la violaci\u00f3n grupal a una joven de 21 a\u00f1os, ocurrida en febrero de 2022 en el barrio de Palermo, ingresa este viernes en su etapa de alegatos, donde los seis acusados podr\u00edan enfrentar pedidos de condenas de hasta 20 a\u00f1os de c\u00e1rcel.<br \/>\nLa audiencia se iniciar\u00e1 a las 9.30 ante el Tribunal Oral en lo Criminal (TOC) 14 de la Capital Federal, en el edificio judicial de la calle Lavalle 1171, aunque algunas de las partes participar\u00e1n v\u00eda Zoom.<br \/>\nLos primeros en alegar ante los jueces Gabriel Vega, Gustavo Valle y Domingo Altieri ser\u00e1n los abogados querellantes Hugo Figueroa y Osvaldo Cantoro, representantes de la v\u00edctima, que ten\u00eda 21 a\u00f1os al momento del hecho y cuya identidad se resguarda para preservarla.<br \/>\n Tal como sucedi\u00f3 desde el inicio del juicio, el pasado 28 de agosto, la jornada ser\u00e1 a puertas cerradas, ya que se trata de un delito sexual de instancia privada.<br \/>\nFuentes judiciales indicaron a T\u00e9lam que ..<\/p>\n","protected":false},"author":2,"featured_media":9734,"comment_status":"","ping_status":"","sticky":false,"template":"","format":"standard","meta":{"footnotes":""},"categories":[6],"tags":[],"_links":{"self":[{"href":"https:\/\/maxradio923.com.ar\/index.php\/wp-json\/wp\/v2\/posts\/9733"}],"collection":[{"href":"https:\/\/maxradio923.com.ar\/index.php\/wp-json\/wp\/v2\/posts"}],"about":[{"href":"https:\/\/maxradio923.com.ar\/index.php\/wp-json\/wp\/v2\/types\/post"}],"author":[{"embeddable":true,"href":"https:\/\/maxradio923.com.ar\/index.php\/wp-json\/wp\/v2\/users\/2"}],"replies":[{"embeddable":true,"href":"https:\/\/maxradio923.com.ar\/index.php\/wp-json\/wp\/v2\/comments?post=9733"}],"version-history":[{"count":0,"href":"https:\/\/maxradio923.com.ar\/index.php\/wp-json\/wp\/v2\/posts\/9733\/revisions"}],"wp:featuredmedia":[{"embeddable":true,"href":"https:\/\/maxradio923.com.ar\/index.php\/wp-json\/wp\/v2\/media\/9734"}],"wp:attachment":[{"href":"https:\/\/maxradio923.com.ar\/index.php\/wp-json\/wp\/v2\/media?parent=9733"}],"wp:term":[{"taxonomy":"category","embeddable":true,"href":"https:\/\/maxradio923.com.ar\/index.php\/wp-json\/wp\/v2\/categories?post=9733"},{"taxonomy":"post_tag","embeddable":true,"href":"https:\/\/maxradio923.com.ar\/index.php\/wp-json\/wp\/v2\/tags?post=9733"}],"curies":[{"name":"wp","href":"https:\/\/api.w.org\/{rel}","templated":true}]}}