{"id":9672,"date":"2023-10-29T21:24:44","date_gmt":"2023-10-30T00:24:44","guid":{"rendered":"https:\/\/maxradio923.com\/index.php\/2023\/10\/29\/dos-personas-resultaron-heridas-tras-caer-de-una-moto-por-un-cable-caido\/"},"modified":"2023-10-29T21:24:44","modified_gmt":"2023-10-30T00:24:44","slug":"dos-personas-resultaron-heridas-tras-caer-de-una-moto-por-un-cable-caido","status":"publish","type":"post","link":"https:\/\/maxradio923.com.ar\/index.php\/2023\/10\/29\/dos-personas-resultaron-heridas-tras-caer-de-una-moto-por-un-cable-caido\/","title":{"rendered":"Dos personas resultaron heridas tras caer de una moto por un cable ca\u00eddo"},"content":{"rendered":"<p>Seg\u00fan informaron las autoridades, el conductor de la moto, de apellido Estebes, de 47 a\u00f1os, circulaba en una Yamaha, modelo YBR, 125cc, acompa\u00f1ado por la joven Santana, de 36 a\u00f1os. Al pasar por la intersecci\u00f3n, el cable se desprendi\u00f3 del tendido el\u00e9ctrico y los hizo caer.<\/p>\n<p>Por la ca\u00edda, el conductor result\u00f3 con escoriaciones varias y politraumatismos, mientras que la acompa\u00f1ante result\u00f3 con heridas leves. Ambos fueron trasladados al hospital Marcial Quiroga, donde fueron asistidos y dejados en observaci\u00f3n.<\/p>\n<p><strong>Las autoridades reiteraron el pedido de precauci\u00f3n al circular por las calles de la ciudad, ya que a\u00fan hay ramas y cables ca\u00eddos a causa del viento.<\/strong><\/p>\n","protected":false},"excerpt":{"rendered":"<p>Seg\u00fan informaron las autoridades, el conductor de la moto, de apellido Estebes, de 47 a\u00f1os, circulaba en una Yamaha, modelo YBR, 125cc, acompa\u00f1ado por la joven Santana, de 36 a\u00f1os. Al pasar por la intersecci\u00f3n, el cable se desprendi\u00f3 del tendido el\u00e9ctrico y los hizo caer.<br \/>\nPor la ca\u00edda, el conductor result\u00f3 con escoriaciones varias y politraumatismos, mientras que la acompa\u00f1ante result\u00f3 con heridas leves. Ambos fueron trasladados al hospital Marcial Quiroga, donde fueron asistidos y dejados en observaci\u00f3n.<br \/>\nLas autoridades reiteraron el pedido de precauci\u00f3n al circular por las calles de la ciudad, ya que a\u00fan hay ramas y cables ca\u00eddos a causa del viento.<\/p>\n","protected":false},"author":2,"featured_media":9673,"comment_status":"","ping_status":"","sticky":false,"template":"","format":"standard","meta":{"footnotes":""},"categories":[8],"tags":[],"_links":{"self":[{"href":"https:\/\/maxradio923.com.ar\/index.php\/wp-json\/wp\/v2\/posts\/9672"}],"collection":[{"href":"https:\/\/maxradio923.com.ar\/index.php\/wp-json\/wp\/v2\/posts"}],"about":[{"href":"https:\/\/maxradio923.com.ar\/index.php\/wp-json\/wp\/v2\/types\/post"}],"author":[{"embeddable":true,"href":"https:\/\/maxradio923.com.ar\/index.php\/wp-json\/wp\/v2\/users\/2"}],"replies":[{"embeddable":true,"href":"https:\/\/maxradio923.com.ar\/index.php\/wp-json\/wp\/v2\/comments?post=9672"}],"version-history":[{"count":0,"href":"https:\/\/maxradio923.com.ar\/index.php\/wp-json\/wp\/v2\/posts\/9672\/revisions"}],"wp:featuredmedia":[{"embeddable":true,"href":"https:\/\/maxradio923.com.ar\/index.php\/wp-json\/wp\/v2\/media\/9673"}],"wp:attachment":[{"href":"https:\/\/maxradio923.com.ar\/index.php\/wp-json\/wp\/v2\/media?parent=9672"}],"wp:term":[{"taxonomy":"category","embeddable":true,"href":"https:\/\/maxradio923.com.ar\/index.php\/wp-json\/wp\/v2\/categories?post=9672"},{"taxonomy":"post_tag","embeddable":true,"href":"https:\/\/maxradio923.com.ar\/index.php\/wp-json\/wp\/v2\/tags?post=9672"}],"curies":[{"name":"wp","href":"https:\/\/api.w.org\/{rel}","templated":true}]}}