{"id":9654,"date":"2023-10-29T20:24:12","date_gmt":"2023-10-29T23:24:12","guid":{"rendered":"https:\/\/maxradio923.com\/index.php\/2023\/10\/29\/aumento-el-kilo-de-pan-en-san-juan-pasara-a-costar-1450\/"},"modified":"2023-10-29T20:24:12","modified_gmt":"2023-10-29T23:24:12","slug":"aumento-el-kilo-de-pan-en-san-juan-pasara-a-costar-1450","status":"publish","type":"post","link":"https:\/\/maxradio923.com.ar\/index.php\/2023\/10\/29\/aumento-el-kilo-de-pan-en-san-juan-pasara-a-costar-1450\/","title":{"rendered":"Aument\u00f3 El kilo de pan en San Juan, pasar\u00e1 a costar $1450"},"content":{"rendered":"<p>Los panaderos de San Juan anunciaron un aumento del 49% en el precio del kilo de pan, que pasar\u00e1 de $970 a $1450 a partir de esta semana. El incremento se debe, seg\u00fan los empresarios, al aumento del precio de los insumos, como la harina y la levadura.<\/p>\n<p>\u00abLa bolsa de harina pas\u00f3 de los $4500 a los $7500; es un aumento considerable y si bien hemos tratado de cuidar al cliente de las subas, para que no bajen m\u00e1s las ventas, no es posible sostener el precio\u00bb, explic\u00f3 Manuel Rodr\u00edguez, de la C\u00e1mara de Panaderos de San Juan.<\/p>\n<p>Rodr\u00edguez agreg\u00f3 que la suba del precio del pan tambi\u00e9n se debe al aumento de los costos de la energ\u00eda el\u00e9ctrica, el gas y el transporte.<\/p>\n<p>El aumento del precio del pan representa un golpe para los consumidores, que ya est\u00e1n sufriendo el impacto de la inflaci\u00f3n en otros productos de la canasta b\u00e1sica.<\/p>\n<p><strong>Reacciones:<\/strong><\/p>\n<p>El aumento del precio del pan fue recibido con preocupaci\u00f3n por los consumidores, que temen que se traduzca en un aumento de los precios de otros alimentos.<\/p>\n<p>\u00abEs una locura, el pan es un producto b\u00e1sico que no puede subir tanto\u00bb, dijo una vecina de San Juan.<\/p>\n<p>Otros consumidores expresaron su descontento con los panaderos, a quienes acusan de no hacer lo suficiente para contener los precios.<\/p>\n<p>\u00abLos panaderos siempre son los primeros en aumentar los precios, y los \u00faltimos en bajarlos\u00bb, dijo un usuario de redes sociales.<\/p>\n<p>Op: Juan Llarena<\/p>\n","protected":false},"excerpt":{"rendered":"<p>Los panaderos de San Juan anunciaron un aumento del 49% en el precio del kilo de pan, que pasar\u00e1 de $970 a $1450 a partir de esta semana. El incremento se debe, seg\u00fan los empresarios, al aumento del precio de los insumos, como la harina y la levadura.<br \/>\n\u00abLa bolsa de harina pas\u00f3 de los $4500 a los $7500; es un aumento considerable y si bien hemos tratado de cuidar al cliente de las subas, para que no bajen m\u00e1s las ventas, no es posible sostener el precio\u00bb, explic\u00f3 Manuel Rodr\u00edguez, de la C\u00e1mara de Panaderos de San Juan.<br \/>\nRodr\u00edguez agreg\u00f3 que la suba del precio del pan tambi\u00e9n se debe al aumento de los costos de la energ\u00eda el\u00e9ctrica, el gas y el transporte.<br \/>\nEl aumento del precio del pan representa un golpe para los consumidores, que ya est\u00e1n sufriendo el impacto de la inflaci\u00f3n en otros productos de la canasta b\u00e1sica.<br \/>\nReacciones:<br \/>\nEl aumento del precio del pan fue recibido con preocupaci\u00f3n por los consumidores, que temen que se traduzca en un aumento de los precios de otros alimentos.<br \/>\n\u00abEs un..<\/p>\n","protected":false},"author":2,"featured_media":9655,"comment_status":"","ping_status":"","sticky":false,"template":"","format":"standard","meta":{"footnotes":""},"categories":[8],"tags":[],"_links":{"self":[{"href":"https:\/\/maxradio923.com.ar\/index.php\/wp-json\/wp\/v2\/posts\/9654"}],"collection":[{"href":"https:\/\/maxradio923.com.ar\/index.php\/wp-json\/wp\/v2\/posts"}],"about":[{"href":"https:\/\/maxradio923.com.ar\/index.php\/wp-json\/wp\/v2\/types\/post"}],"author":[{"embeddable":true,"href":"https:\/\/maxradio923.com.ar\/index.php\/wp-json\/wp\/v2\/users\/2"}],"replies":[{"embeddable":true,"href":"https:\/\/maxradio923.com.ar\/index.php\/wp-json\/wp\/v2\/comments?post=9654"}],"version-history":[{"count":0,"href":"https:\/\/maxradio923.com.ar\/index.php\/wp-json\/wp\/v2\/posts\/9654\/revisions"}],"wp:featuredmedia":[{"embeddable":true,"href":"https:\/\/maxradio923.com.ar\/index.php\/wp-json\/wp\/v2\/media\/9655"}],"wp:attachment":[{"href":"https:\/\/maxradio923.com.ar\/index.php\/wp-json\/wp\/v2\/media?parent=9654"}],"wp:term":[{"taxonomy":"category","embeddable":true,"href":"https:\/\/maxradio923.com.ar\/index.php\/wp-json\/wp\/v2\/categories?post=9654"},{"taxonomy":"post_tag","embeddable":true,"href":"https:\/\/maxradio923.com.ar\/index.php\/wp-json\/wp\/v2\/tags?post=9654"}],"curies":[{"name":"wp","href":"https:\/\/api.w.org\/{rel}","templated":true}]}}