{"id":9652,"date":"2023-10-29T19:47:41","date_gmt":"2023-10-29T22:47:41","guid":{"rendered":"https:\/\/maxradio923.com\/index.php\/2023\/10\/29\/encontraron-atado-y-asesinado-al-dueno-de-un-hotel-de-mar-de-ajo-dentro-de-una-habitacion-incendiada\/"},"modified":"2023-10-29T19:47:41","modified_gmt":"2023-10-29T22:47:41","slug":"encontraron-atado-y-asesinado-al-dueno-de-un-hotel-de-mar-de-ajo-dentro-de-una-habitacion-incendiada","status":"publish","type":"post","link":"https:\/\/maxradio923.com.ar\/index.php\/2023\/10\/29\/encontraron-atado-y-asesinado-al-dueno-de-un-hotel-de-mar-de-ajo-dentro-de-una-habitacion-incendiada\/","title":{"rendered":"Encontraron atado y asesinado al due\u00f1o de un hotel de Mar de Aj\u00f3 dentro de una habitaci\u00f3n incendiada"},"content":{"rendered":"<p>Encontraron atado y asesinado al due\u00f1o de un hotel de Mar de Aj\u00f3 dentro de una habitaci\u00f3n incendiada <\/p>\n<p>El due\u00f1o de un hotel de la localidad balnearia de <strong>Mar de Aj\u00f3<\/strong> fue encontrado <strong>atado y asesinado<\/strong> dentro de una de las habitaciones del establecimiento que fue <strong>incendiada de manera intencional<\/strong>.<\/p>\n<p>El tr\u00e1gico escenario fue descubierto este jueves en el <strong>hotel El Pescador<\/strong>, ubicado en avenida <strong>Costanera al 700<\/strong>. <\/p>\n<p>Seg\u00fan informaron fuentes judiciales a la agencia de noticias <em>T\u00e9lam<\/em>, todo comenz\u00f3 cuando los bomberos recibi\u00f3 una alerta de que hab\u00eda <strong>fuego en ese edificio<\/strong>, por lo que acudieron hacia ese lugar con una dotaci\u00f3n.   <\/p>\n<p>Luego de <strong>extinguir las llamas en una de las habitaciones<\/strong>, la Polic\u00eda constat\u00f3 que all\u00ed estaba el <strong>cuerpo de la v\u00edctima<\/strong>, identificada como <strong>Gabriel Esp\u00f3sito<\/strong>, que era el due\u00f1o del hotel.<\/p>\n<p>El hombre estaba <strong>atado y con quemaduras<\/strong>, por lo que el hecho es investigado como un <strong>homicidio<\/strong>.<\/p>\n<p><img decoding=\"async\" alt=\"Encontraron atado y asesinado al due\u00f1o de un hotel de Mar de Aj\u00f3 dentro de una habitaci\u00f3n incendiada\" src=\"https:\/\/www.clarin.com\/img\/2023\/10\/27\/xFkWa2-N-_720x0__1.jpg\"\/>Encontraron atado y asesinado al due\u00f1o de un hotel de Mar de Aj\u00f3 dentro de una habitaci\u00f3n incendiada<\/p>\n<p>Los peritos determinaron que el o los delincuentes <strong>ingresaron al lugar a trav\u00e9s de una claraboya del ba\u00f1o<\/strong> y que, tras atar a la v\u00edctima, provocaron el incendio.<\/p>\n<p>Adem\u00e1s, <strong>robaron el equipo DVR de las c\u00e1maras de seguridad<\/strong> del hotel para que no haya registro de lo sucedido.<\/p>\n<p>De esta manera, los investigadores intentan determinar el m\u00f3vil del asesinato. En ese sentido, <strong>la principal hip\u00f3tesis es que fueron directamente a matarlo<\/strong>, aunque se desconocen los motivos.<\/p>\n<p>No obstante, el fiscal de la causa, Mart\u00edn Prieto, aguardaba el <strong>resultado de la autopsia<\/strong> para poder determinar con precisi\u00f3n los motivos de la muerte. <\/p>\n<p>El titular de la Unidad Funcional de Instrucci\u00f3n (UFI) 2 descentralizada en La Costa, Departamento Judicial Dolores, dispuso una serie de medidas para esclaerecer el crimen de Esp\u00f3sito, quien es oriundo de la localidad bonaerense de <strong>Ramos Mej\u00eda y ten\u00eda dos hijos<\/strong>.<\/p>\n<p><em>Con informaci\u00f3n de T\u00e9lam. <\/em><\/p>\n","protected":false},"excerpt":{"rendered":"<p>Encontraron atado y asesinado al due\u00f1o de un hotel de Mar de Aj\u00f3 dentro de una habitaci\u00f3n incendiada El due\u00f1o de un hotel de la localidad balnearia de Mar de Aj\u00f3 fue encontrado atado y asesinado dentro de una de las habitaciones del establecimiento que fue incendiada de manera intencional.<br \/>\nEl tr\u00e1gico escenario fue descubierto este jueves en el hotel El Pescador, ubicado en avenida Costanera al 700.<br \/>\nSeg\u00fan informaron fuentes judiciales a la agencia de noticias T\u00e9lam, todo comenz\u00f3 cuando los bomberos recibi\u00f3 una alerta de que hab\u00eda fuego en ese edificio, por lo que acudieron hacia ese lugar con una dotaci\u00f3n.<br \/>\nLuego de extinguir las llamas en una de las habitaciones, la Polic\u00eda constat\u00f3 que all\u00ed estaba el cuerpo de la v\u00edctima, identificada como Gabriel Esp\u00f3sito, que era el due\u00f1o del hotel.<br \/>\nEl hombre estaba atado y con quemaduras, por lo que el hecho es investigado como un homicidio.<br \/>\nEncontraron atado y asesinado al due\u00f1o de un hotel de Mar de Aj\u00f3 dentro de una habitaci\u00f3n incendiadaLos per..<\/p>\n","protected":false},"author":2,"featured_media":9653,"comment_status":"","ping_status":"","sticky":false,"template":"","format":"standard","meta":{"footnotes":""},"categories":[6],"tags":[],"_links":{"self":[{"href":"https:\/\/maxradio923.com.ar\/index.php\/wp-json\/wp\/v2\/posts\/9652"}],"collection":[{"href":"https:\/\/maxradio923.com.ar\/index.php\/wp-json\/wp\/v2\/posts"}],"about":[{"href":"https:\/\/maxradio923.com.ar\/index.php\/wp-json\/wp\/v2\/types\/post"}],"author":[{"embeddable":true,"href":"https:\/\/maxradio923.com.ar\/index.php\/wp-json\/wp\/v2\/users\/2"}],"replies":[{"embeddable":true,"href":"https:\/\/maxradio923.com.ar\/index.php\/wp-json\/wp\/v2\/comments?post=9652"}],"version-history":[{"count":0,"href":"https:\/\/maxradio923.com.ar\/index.php\/wp-json\/wp\/v2\/posts\/9652\/revisions"}],"wp:featuredmedia":[{"embeddable":true,"href":"https:\/\/maxradio923.com.ar\/index.php\/wp-json\/wp\/v2\/media\/9653"}],"wp:attachment":[{"href":"https:\/\/maxradio923.com.ar\/index.php\/wp-json\/wp\/v2\/media?parent=9652"}],"wp:term":[{"taxonomy":"category","embeddable":true,"href":"https:\/\/maxradio923.com.ar\/index.php\/wp-json\/wp\/v2\/categories?post=9652"},{"taxonomy":"post_tag","embeddable":true,"href":"https:\/\/maxradio923.com.ar\/index.php\/wp-json\/wp\/v2\/tags?post=9652"}],"curies":[{"name":"wp","href":"https:\/\/api.w.org\/{rel}","templated":true}]}}