{"id":9632,"date":"2023-10-29T19:24:20","date_gmt":"2023-10-29T22:24:20","guid":{"rendered":"https:\/\/maxradio923.com\/index.php\/2023\/10\/29\/el-abc-del-acv-claves-para-reducir-secuelas-y-un-dato-que-no-muchos-conocen\/"},"modified":"2023-10-29T19:24:20","modified_gmt":"2023-10-29T22:24:20","slug":"el-abc-del-acv-claves-para-reducir-secuelas-y-un-dato-que-no-muchos-conocen","status":"publish","type":"post","link":"https:\/\/maxradio923.com.ar\/index.php\/2023\/10\/29\/el-abc-del-acv-claves-para-reducir-secuelas-y-un-dato-que-no-muchos-conocen\/","title":{"rendered":"El ABC del ACV: claves para reducir secuelas y un dato que no muchos conocen"},"content":{"rendered":"<p>El ABC del ACV: claves para reducir secuelas y un dato que no muchos conocen<\/p>\n<p>\u201cHay que dejar de referirse al ACV como &#039;accidente cerebro vascular&#039;, es un <strong>ataque<\/strong>. Y de esa manera debe ser abordado\u201d. Las palabras del neurocirujano Pedro Lylyk fueron el cierre del \u201cPrimer Foro sobre ACV y su impacto en el sistema de salud argentino\u201d, que reuni\u00f3 la \u00faltima semana en la UCA a m\u00e1s de 200 profesionales en torno a un problema cuyo mayor desaf\u00edo es lograr la <strong>igualdad de acceso al tratamiento oportuno<\/strong>.<\/p>\n<p>M\u00e1s de <strong>50 mil argentinos <\/strong>sufren cada a\u00f1o un ACV. Esto representa <strong>uno cada 9 minutos<\/strong>. Las palabras del experto de la Cl\u00ednica La Sagrada Familia se refieren a que el supuesto &quot;accidente&quot; no es tal porque <strong>tiene causas, factores de riesgo<\/strong>: de la presi\u00f3n arterial alta a la falta de ejercicio, del colesterol elevado al tabaquismo.<\/p>\n<p>Y una vez que el ataque sucede, el <strong>tiempo de reacci\u00f3n<\/strong> es clave. Por cada minuto que pasa el paciente pierde alrededor de<strong> 2 millones de neuronas<\/strong>. Por eso el circuito de atenci\u00f3n debe funcionar como un mecanismo de relojer\u00eda: desde el momento en que el paciente percibe los <strong>primeros s\u00edntomas<\/strong> hasta el traslado urgente a un centro m\u00e9dico equipado.<\/p>\n<p>Desviaci\u00f3n de la boca, cefalea de inicio s\u00fabito, p\u00e9rdida repentina de visi\u00f3n, dificultad en el habla o falta de fuerza o sensibilidad en brazos y piernas suelen ser<strong> los signos de alarma m\u00e1s habituales<\/strong>. Pero hay un dato que no muchos conocen: a veces, determinados s\u00edntomas en las mujeres son <strong>subestimados<\/strong>, incluso por los m\u00e9dicos.<\/p>\n<p>\u201cCon frecuencia, las mujeres suelen manifestar <strong>s\u00edntomas inespec\u00edficos<\/strong> como dolor en el pecho, dificultad para respirar, alteraciones en la atenci\u00f3n o memoria, as\u00ed como s\u00edntomas generales como fatiga, n\u00e1useas o v\u00f3mitos. Al presentar estos s\u00edntomas <strong>no tradicionales<\/strong>, pueden no identificar la gravedad del cuadro, lo que resulta en un retraso en la b\u00fasqueda de atenci\u00f3n\u201d, explic\u00f3 Andrea Romeo, neur\u00f3loga del Hospital Universitario Fundaci\u00f3n Favaloro.<\/p>\n<p>El ACV ocurre cuando una arteria cerebral se ocluye (tipo isqu\u00e9mico) o se rompe (tipo hemorr\u00e1gico). Representa la <strong>primera causa de discapacidad <\/strong>a nivel mundial y la<strong> tercera de muerte<\/strong>. En el foro de la UCA participaron servicios de emergencia, m\u00e9dicos, financiadores, organizaciones de pacientes, ministros de salud y legisladores. El objetivo: armar el rompecabezas del ACV en la Argentina, a prop\u00f3sito del <strong>D\u00eda Mundial del ACV<\/strong> que se celebra este domingo 29 de octubre.<\/p>\n<h2>En el ACV cada minuto cuenta<\/h2>\n<p>En la mesa dedicada a los servicios de emergencia se sostuvo que las<strong> ambulancias que asisten un ACV<\/strong> suelen tardar unos 8 minutos en llegar a un domicilio en la Ciudad y unos 40 para arribar al centro de salud. La pregunta es<strong> a qu\u00e9 centro de salud llegan<\/strong>: \u00bfEl lugar cuenta con tom\u00f3grafo? \u00bfTiene profesionales capacitados para atender la emergencia? \u00bfDisponen de la droga que sirve para mitigar el stroke en las <strong>primeras cuatro horas y media<\/strong> claves?<\/p>\n<p>M\u00e9dicos de larga experiencia en el tema polemizaron en di\u00e1logo con <strong>Clar\u00edn<\/strong> sobre una cuesti\u00f3n a\u00fan no resuelta: \u00bfconviene que las ambulancias dejen a los pacientes en el <strong>hospital m\u00e1s cercano<\/strong> al domicilio o que los lleven a los centros de salud que poseen <strong>unidades de ACV<\/strong>? El protocolo p\u00fablico de la Ciudad prev\u00e9 lo primero, aunque luego probablemente se pueda necesitar una derivaci\u00f3n al lugar de mayor complejidad. Y eso significa <strong>m\u00e1s tiempo<\/strong>.<\/p>\n<p>La<strong> inequidad del sistema<\/strong> qued\u00f3 en evidencia tambi\u00e9n en el foro. H\u00e9ctor Canales, director de la Regi\u00f3n Sanitaria XI del Ministerio de Salud de la provincia de Buenos Aires, dijo que \u201chay una gran inequidad en el Conurbano\u201d. Asegur\u00f3 que cuentan con <strong>un m\u00f3vil cada 50 mil habitantes<\/strong> y que faltan profesionales.<\/p>\n<p>Esa inequidad redunda en que, seg\u00fan se estima, s\u00f3lo entre el 5% y el 7% de los que sufren un ataque cerebrovascular en la Argentina reciba un <strong>tratamiento adecuado<\/strong>. D\u00e9ficit que deriva en que m\u00e1s gente muera o quede con secuelas. Para el sistema de salud, esa deuda tiene un precio: seg\u00fan se expuso en el foro, el gasto anual extra por no tratar correctamente los casos de ACV asciende a <strong>596 millones de pesos por a\u00f1o<\/strong>.<\/p>\n<p>Una de las herramientas contra esa inequidad -que se traduce en menos vidas salvadas y m\u00e1s pacientes con discapacidad por la falta de atenci\u00f3n al tiempo-, ser\u00eda una<strong> ley de ACV<\/strong>, opinaron varios de los participantes del encuentro. A nivel provincial hay s\u00f3lo dos leyes: la primera, de la provincia de Neuqu\u00e9n y la segunda, m\u00e1s reciente, de Buenos Aires.<\/p>\n<p>Otras provincias, como Mendoza, han avanzado en programas locales y tambi\u00e9n en una herramienta clave: el <strong>telestroke<\/strong>, que permite que un centro especializado permita <strong>conectarse a distancia con otro<\/strong> cuyos recursos carecen de la sofisticaci\u00f3n que amerita un ACV, y as\u00ed se pueda brindar atenci\u00f3n a pacientes que de otra manera no tendr\u00edan acceso a esa cobertura espec\u00edfica.<\/p>\n<p>Los subsistemas de salud en la Argentina son diversos, por lo que una<strong> ley nacional de ACV <\/strong>podr\u00eda ser un faro, con la obligatoriedad de incluirlo en el Plan M\u00e9dico Obligatorio (PMO). Los neur\u00f3logos consultados por <strong>Clar\u00edn<\/strong> aseguraron que muchas veces los centros de salud atienden la emergencia y luego, por ese vac\u00edo legal, les cuesta <strong>cobrar la prestaci\u00f3n<\/strong> a los financiadores.<\/p>\n<p>A nivel nacional hay <strong>dos proyectos de ley avanzados<\/strong>: uno del diputado Rub\u00e9n Manzi (\u201cPrevenci\u00f3n, diagn\u00f3stico y tratamiento del ACV &#8211; Incorporaci\u00f3n al Plan M\u00e9dico Obligatorio\u201d y otro de la diputada Rossana Chahla (\u201cAcceso universal a la prevenci\u00f3n, diagn\u00f3stico y tratamiento integral del ACV\u201d).<\/p>\n<h2>El ACV, cada vez a menor edad<\/h2>\n<p>Si bien el ACV se produce m\u00e1s frecuentemente entre mayores de 40 a\u00f1os, actualmente hay un<strong> aumento de casos entre personas m\u00e1s j\u00f3venes<\/strong>, producto de cambios en el estilo de vida y los <strong>factores de riesgo<\/strong> cardiovascular como la hipertensi\u00f3n, el estr\u00e9s, el sedentarismo y el tabaquismo. A esto se suma la exposici\u00f3n a mayores niveles de <strong>contaminaci\u00f3n atmosf\u00e9rica<\/strong>, seg\u00fan un estudio reciente publicado en la revista Neurology.<\/p>\n<p>De all\u00ed se desprende otro dato preocupante: las muertes por ataques cerebrovasculares <strong>podr\u00edan aumentar un 50 por ciento <\/strong>para 2050 \u201csi no se toman medidas urgentes\u201d, advirti\u00f3 recientemente una comisi\u00f3n de 12 expertos de la Organizaci\u00f3n Mundial de Stroke, a la vez que la poblaci\u00f3n de pa\u00edses de<strong> medianos y bajos ingresos<\/strong> podr\u00eda verse m\u00e1s afectada por esta enfermedad.<\/p>\n<p>Los participantes en el foro, organizado en conjunto por la universidad y la Fundaci\u00f3n para la Innovaci\u00f3n y Calidad Estrat\u00e9gica en el Management (ICEM), con el apoyo del laboratorio Boehringer Ingelheim, dejaron en evidencia que la <strong>falta de coordinaci\u00f3n<\/strong> entre los diferentes sistemas de atenci\u00f3n m\u00e9dica en ocasiones suele ser<strong> un obst\u00e1culo<\/strong> para el tratamiento eficaz.<\/p>\n<p>Tambi\u00e9n hicieron hincapi\u00e9 en que es imprescindible que la poblaci\u00f3n sea consciente de cu\u00e1les son los<strong> s\u00edntomas del ACV<\/strong>, para que el primer actor clave en la cadena de atenci\u00f3n sea <strong>el propio paciente<\/strong>. Una frase habitual utilizada para describir la problem\u00e1tica es<strong> \u201cel tiempo es cerebro\u201d<\/strong>. A lo que se podr\u00eda agregar que la informaci\u00f3n tambi\u00e9n lo es.<\/p>\n<p>Mariela Alderete, m\u00e9dica de familia que sufri\u00f3 un ACV y hoy integra la organizaci\u00f3n de pacientes &quot;Por una vida libre de ACV&quot;, tal vez sea el prototipo de<strong> \u201cpaciente ideal\u201d<\/strong>: informada sobre el tema, supo activar r\u00e1pidamente la cadena para ser atendida. Y le pidi\u00f3 a su marido que la llevara en auto al lugar que ella sab\u00eda que tendr\u00edan los recursos para atenderla correctamente.<\/p>\n<p>Mariela <strong>no tuvo secuelas<\/strong> y esta semana su testimonio enriqueci\u00f3 el foro de la UCA. \u00bfPor qu\u00e9 le pediste a tu marido que te llevara a la cl\u00ednica en vez de llamar a la ambulancia?, le pregunt\u00f3 <strong>Clar\u00edn<\/strong>. Su respuesta puso en evidencia parte de las asignaturas todav\u00eda pendientes en el mencionado mecanismo de relojer\u00eda, imprescindible para una exitosa atenci\u00f3n de un ACV: \u201cPara no demorarme\u201d.<\/p>\n<p><em>PS<\/em><\/p>\n","protected":false},"excerpt":{"rendered":"<p>El ABC del ACV: claves para reducir secuelas y un dato que no muchos conocen\u201cHay que dejar de referirse al ACV como &#039;accidente cerebro vascular&#039;, es un ataque. Y de esa manera debe ser abordado\u201d. Las palabras del neurocirujano Pedro Lylyk fueron el cierre del \u201cPrimer Foro sobre ACV y su impacto en el sistema de salud argentino\u201d, que reuni\u00f3 la \u00faltima semana en la UCA a m\u00e1s de 200 profesionales en torno a un problema cuyo mayor desaf\u00edo es lograr la igualdad de acceso al tratamiento oportuno.<br \/>\nM\u00e1s de 50 mil argentinos sufren cada a\u00f1o un ACV. Esto representa uno cada 9 minutos. Las palabras del experto de la Cl\u00ednica La Sagrada Familia se refieren a que el supuesto &#8220;accidente&#8221; no es tal porque tiene causas, factores de riesgo: de la presi\u00f3n arterial alta a la falta de ejercicio, del colesterol elevado al tabaquismo.<br \/>\nY una vez que el ataque sucede, el tiempo de reacci\u00f3n es clave. Por cada minuto que pasa el paciente pierde alrededor de 2 millones de neuronas. Por eso el circuito de ..<\/p>\n","protected":false},"author":2,"featured_media":9633,"comment_status":"","ping_status":"","sticky":false,"template":"","format":"standard","meta":{"footnotes":""},"categories":[9],"tags":[],"_links":{"self":[{"href":"https:\/\/maxradio923.com.ar\/index.php\/wp-json\/wp\/v2\/posts\/9632"}],"collection":[{"href":"https:\/\/maxradio923.com.ar\/index.php\/wp-json\/wp\/v2\/posts"}],"about":[{"href":"https:\/\/maxradio923.com.ar\/index.php\/wp-json\/wp\/v2\/types\/post"}],"author":[{"embeddable":true,"href":"https:\/\/maxradio923.com.ar\/index.php\/wp-json\/wp\/v2\/users\/2"}],"replies":[{"embeddable":true,"href":"https:\/\/maxradio923.com.ar\/index.php\/wp-json\/wp\/v2\/comments?post=9632"}],"version-history":[{"count":0,"href":"https:\/\/maxradio923.com.ar\/index.php\/wp-json\/wp\/v2\/posts\/9632\/revisions"}],"wp:featuredmedia":[{"embeddable":true,"href":"https:\/\/maxradio923.com.ar\/index.php\/wp-json\/wp\/v2\/media\/9633"}],"wp:attachment":[{"href":"https:\/\/maxradio923.com.ar\/index.php\/wp-json\/wp\/v2\/media?parent=9632"}],"wp:term":[{"taxonomy":"category","embeddable":true,"href":"https:\/\/maxradio923.com.ar\/index.php\/wp-json\/wp\/v2\/categories?post=9632"},{"taxonomy":"post_tag","embeddable":true,"href":"https:\/\/maxradio923.com.ar\/index.php\/wp-json\/wp\/v2\/tags?post=9632"}],"curies":[{"name":"wp","href":"https:\/\/api.w.org\/{rel}","templated":true}]}}