{"id":9628,"date":"2023-10-29T19:23:57","date_gmt":"2023-10-29T22:23:57","guid":{"rendered":"https:\/\/maxradio923.com\/index.php\/2023\/10\/29\/viento-zonda-una-rama-cayo-en-un-auto-y-le-produjo-importantes-danos\/"},"modified":"2023-10-29T19:23:57","modified_gmt":"2023-10-29T22:23:57","slug":"viento-zonda-una-rama-cayo-en-un-auto-y-le-produjo-importantes-danos","status":"publish","type":"post","link":"https:\/\/maxradio923.com.ar\/index.php\/2023\/10\/29\/viento-zonda-una-rama-cayo-en-un-auto-y-le-produjo-importantes-danos\/","title":{"rendered":"Viento Zonda: una rama cay\u00f3 en un auto y le produjo importantes da\u00f1os"},"content":{"rendered":"<p>El viento Zonda que azot\u00f3 a la provincia de San Juan este s\u00e1bado caus\u00f3 da\u00f1os en viviendas, comercios y veh\u00edculos. En uno de los casos, una rama de gran tama\u00f1o cay\u00f3 sobre un auto en Capital, provocando importantes da\u00f1os al veh\u00edculo.<\/p>\n<p><img decoding=\"async\" src=\"https:\/\/pxb.cdn.diariohuarpe.com\/huarpe\/102023\/1698547526195\/auto-jpg..jpg\"\/><\/p>\n<p>El due\u00f1o del auto, El\u00edas Balmaceda, cont\u00f3 que el accidente ocurri\u00f3 en inmediaciones de Avenida Espa\u00f1a y Arenales. La rama, que ya se encontraba en mal estado, cay\u00f3 sobre el auto y le produjo da\u00f1os en el techo, el parabrisas y el cap\u00f3.<\/p>\n<p>Balmaceda denunci\u00f3 que la municipalidad no se har\u00e1 cargo del accidente. \u00abEn primer momento, llam\u00e9 a la Polic\u00eda y me dijeron que no le correspond\u00eda a ellos por lo que el auto estaba en el puente. Me dijeron que era jurisdicci\u00f3n de la municipalidad\u00bb, cont\u00f3.<\/p>\n<p>Personalidad de la municipalidad se hizo presente en el lugar y retir\u00f3 la rama, pero no le aseguraron hacerse cargo del da\u00f1o.<\/p>\n<p>El caso de El\u00edas Balmaceda es uno de los muchos que se registraron en la provincia tras el paso del viento Zonda. La ca\u00edda de ramas y \u00e1rboles es una de las principales amenazas de este fen\u00f3meno clim\u00e1tico.<\/p>\n<p>Op: Juan Llarena<\/p>\n","protected":false},"excerpt":{"rendered":"<p>El viento Zonda que azot\u00f3 a la provincia de San Juan este s\u00e1bado caus\u00f3 da\u00f1os en viviendas, comercios y veh\u00edculos. En uno de los casos, una rama de gran tama\u00f1o cay\u00f3 sobre un auto en Capital, provocando importantes da\u00f1os al veh\u00edculo.<br \/>\nEl due\u00f1o del auto, El\u00edas Balmaceda, cont\u00f3 que el accidente ocurri\u00f3 en inmediaciones de Avenida Espa\u00f1a y Arenales. La rama, que ya se encontraba en mal estado, cay\u00f3 sobre el auto y le produjo da\u00f1os en el techo, el parabrisas y el cap\u00f3.<br \/>\nBalmaceda denunci\u00f3 que la municipalidad no se har\u00e1 cargo del accidente. \u00abEn primer momento, llam\u00e9 a la Polic\u00eda y me dijeron que no le correspond\u00eda a ellos por lo que el auto estaba en el puente. Me dijeron que era jurisdicci\u00f3n de la municipalidad\u00bb, cont\u00f3.<br \/>\nPersonalidad de la municipalidad se hizo presente en el lugar y retir\u00f3 la rama, pero no le aseguraron hacerse cargo del da\u00f1o.<br \/>\nEl caso de El\u00edas Balmaceda es uno de los muchos que se registraron en la provincia tras el paso del viento Zonda. La ca\u00edda de ramas y \u00e1rboles es una de..<\/p>\n","protected":false},"author":2,"featured_media":9629,"comment_status":"","ping_status":"","sticky":false,"template":"","format":"standard","meta":{"footnotes":""},"categories":[8],"tags":[],"_links":{"self":[{"href":"https:\/\/maxradio923.com.ar\/index.php\/wp-json\/wp\/v2\/posts\/9628"}],"collection":[{"href":"https:\/\/maxradio923.com.ar\/index.php\/wp-json\/wp\/v2\/posts"}],"about":[{"href":"https:\/\/maxradio923.com.ar\/index.php\/wp-json\/wp\/v2\/types\/post"}],"author":[{"embeddable":true,"href":"https:\/\/maxradio923.com.ar\/index.php\/wp-json\/wp\/v2\/users\/2"}],"replies":[{"embeddable":true,"href":"https:\/\/maxradio923.com.ar\/index.php\/wp-json\/wp\/v2\/comments?post=9628"}],"version-history":[{"count":0,"href":"https:\/\/maxradio923.com.ar\/index.php\/wp-json\/wp\/v2\/posts\/9628\/revisions"}],"wp:featuredmedia":[{"embeddable":true,"href":"https:\/\/maxradio923.com.ar\/index.php\/wp-json\/wp\/v2\/media\/9629"}],"wp:attachment":[{"href":"https:\/\/maxradio923.com.ar\/index.php\/wp-json\/wp\/v2\/media?parent=9628"}],"wp:term":[{"taxonomy":"category","embeddable":true,"href":"https:\/\/maxradio923.com.ar\/index.php\/wp-json\/wp\/v2\/categories?post=9628"},{"taxonomy":"post_tag","embeddable":true,"href":"https:\/\/maxradio923.com.ar\/index.php\/wp-json\/wp\/v2\/tags?post=9628"}],"curies":[{"name":"wp","href":"https:\/\/api.w.org\/{rel}","templated":true}]}}