{"id":9620,"date":"2023-10-29T19:18:56","date_gmt":"2023-10-29T22:18:56","guid":{"rendered":"https:\/\/maxradio923.com\/index.php\/2023\/10\/29\/acuerdo-para-el-balotaje-mauricio-macri-y-patricia-bullrich-le-prometieron-a-javier-milei-nuevos-apoyos-para-esta-semana\/"},"modified":"2023-10-29T19:18:56","modified_gmt":"2023-10-29T22:18:56","slug":"acuerdo-para-el-balotaje-mauricio-macri-y-patricia-bullrich-le-prometieron-a-javier-milei-nuevos-apoyos-para-esta-semana","status":"publish","type":"post","link":"https:\/\/maxradio923.com.ar\/index.php\/2023\/10\/29\/acuerdo-para-el-balotaje-mauricio-macri-y-patricia-bullrich-le-prometieron-a-javier-milei-nuevos-apoyos-para-esta-semana\/","title":{"rendered":"Acuerdo para el balotaje: Mauricio Macri y Patricia Bullrich le prometieron a Javier Milei nuevos apoyos para esta semana"},"content":{"rendered":"<p>Acuerdo para el balotaje: Mauricio Macri y Patricia Bullrich le prometieron a Javier Milei nuevos apoyos para esta semana<\/p>\n<p>Pasada la semana de implosi\u00f3n de Juntos por el Cambio, y a\u00fan sin confirmarse formalmente la ruptura a la espera de lo que suceda en el balotaje, en los pr\u00f3ximos d\u00edas seguir\u00e1 la<strong> disputa discursiva y de alineamientos<\/strong> entre el sector liderado por <strong>Mauricio Macri<\/strong> que anunci\u00f3 su apoyo a<strong> Javier Milei<\/strong> y los que se mantuvieron neutrales, acusados por el ala dura del PRO de inclinarse impl\u00edcitamente por Sergio Massa.<\/p>\n<p>La sobrevida y la reconfiguraci\u00f3n de lo que quede del espacio <strong>depender\u00e1 del resultado de la segunda vuelta<\/strong>. Mientras tanto, en las tres semanas que restan, la pulseada se reflejar\u00e1 en la campa\u00f1a principalmente con macristas del lado de Milei, y en los<strong> preparativos para los reacomodamientos en el Congreso<\/strong>.<\/p>\n<p>Como en una presentaci\u00f3n por cap\u00edtulos, luego de que Bullrich blanqueara p\u00fablicamente el pacto con Milei, otros dirigentes del PRO se pronunciaron a favor del candidato liberal y la saga continuar\u00e1 en estos d\u00edas, seg\u00fan adelantaron cerca del ex presidente.<\/p>\n<p>M\u00e1s all\u00e1 del propio Macri, que sali\u00f3 a decir que Milei \u201ces el \u00fanico camino\u201d adem\u00e1s de apuntar contra Gerardo Morales, Mart\u00edn Lousteau y Elisa Carri\u00f3, ya hab\u00edan confirmado sus alineamientos en ese sentido<strong> N\u00e9stor Grindetti <\/strong>-el candidato a gobernador derrotado por Axel Kicillof- y<strong> Cristian Ritondo<\/strong>, jefe del bloque de Diputados del PRO, entre otros dirigentes.<\/p>\n<h2>Diputados y economistas<\/h2>\n<p>Ahora los macristas descuentan que tomar\u00e1 la misma posici\u00f3n<strong> Diego Santilli<\/strong>, el postulante en la provincia que perdi\u00f3 en las PASO alineado con Horacio Rodr\u00edguez Larreta. El ex vicejefe porte\u00f1o fue<strong> uno de los asistentes a la reuni\u00f3n con Milei en Acassuso <\/strong>-asegura que fue sin saber que se iba a encontrar con el candidato a presidente- y dej\u00f3 entrever que<strong> le caus\u00f3 &quot;buena impresi\u00f3n&quot; su mirada sobre la econom\u00eda <\/strong>y su propuesta para salir de la crisis.<\/p>\n<p>Otro de los contemplados en ese esquema es<strong> Ricardo L\u00f3pez Murphy<\/strong>. El diputado de Republicanos Unidos dio una se\u00f1al luego del resultado de las generales. \u201cMassa no tiene nada que ver conmigo\u201d, remarc\u00f3 el ex ministro de Econom\u00eda, y cuestion\u00f3 la neutralidad del radicalismo: <strong>\u201cVoy a combatir a cualquier dirigente que quiera apoyar a Massa en el balotaje<\/strong>\u201d.<\/p>\n<p><strong>Luciano Laspina<\/strong>, coordinador del equipo econ\u00f3mico de Bullrich durante la campa\u00f1a -luego de las PASO relegado por la incorporaci\u00f3n de Carlos Melconian-,<strong> tambi\u00e9n figura en la lista<\/strong> de los que anunciar\u00e1n su apoyo a Milei, de acuerdo con la expectativa del macrismo.<\/p>\n<p>Otros economistas ya lo hab\u00edan hecho, como <strong>Guido Sandleris<\/strong>, uno de los ex funcionarios de Macri con posibilidades de ocupar un cargo en caso de un triunfo del liberal, m\u00e1s all\u00e1 de que eso quedar\u00eda definido despu\u00e9s del balotaje para reducir los cuestionamientos previos por las implicancias del acuerdo y no potenciar los resquemores internos en La Libertad Avanza.<\/p>\n<p>A partir de la toma de posici\u00f3n de Ritondo, <strong>otros diputados actuales y electos<\/strong> podr\u00edan anunciar tambi\u00e9n el apoyo a Milei. Las negociaciones y el poroteo entre los legisladores forman parte de la disputa en el Congreso sobre c\u00f3mo seguir\u00e1 el PRO y lo que quede de Juntos por el Cambio a partir del recambio legislativo.<\/p>\n<h2>Fiscalizaci\u00f3n en la mira<\/h2>\n<p>Del otro, lado, Rodr\u00edguez Larreta se diferenci\u00f3 de Macri y Bullrich al considerar ambas opciones -tanto a Massa como a Milei- como<strong> \u201cmuy malas\u201d<\/strong> para el pa\u00eds. Tambi\u00e9n <strong>Mar\u00eda Eugenia Vidal<\/strong>:<strong> \u201cNinguno me representa\u201d<\/strong>, asegur\u00f3, y rechaz\u00f3 las acusaciones de que la neutralidad resulta \u201cfuncional\u201d a Massa. Ese sector del PRO podr\u00eda confluir con el radicalismo y la Coalici\u00f3n C\u00edvica luego del balotaje.<\/p>\n<p>Como parte del pacto, los macristas se comprometieron a aportar fiscalizaci\u00f3n. <strong>\u201cLo m\u00e1s que podamos\u201d<\/strong>, en palabras de un dirigente del n\u00facleo cercano al ex presidente, con el prop\u00f3sito de remontar la debilidad de Milei en ese aspecto, luego de los pases de factura en su espacio y ya quebrada su alianza con Luis Barrionuevo.<\/p>\n<p>Macri y otros referentes de su sector tendr\u00e1n un rol activo en la campa\u00f1a del candidato liberal, aunque con el cuidado de no abundar en ese sentido para no desperfilar todav\u00eda m\u00e1s su imagen. \u201cEn principio \u00e9l tiene que volver a la calle y evitar los actos grandes, con un<strong> equilibrio entre no da\u00f1ar su identidad y recibir los nuevos apoyos. <\/strong>Se va a ir definiendo d\u00eda a d\u00eda\u201d, contaron desde las oficinas del ex mandatario.<\/p>\n<p>La estrategia incluir\u00e1 el intento de convencer a una parte del electorado radical, pese al pronunciamiento del Comit\u00e9 Nacional. Macri dirigi\u00f3 sus cr\u00edticas puntualmente a Morales, Lousteau y Emiliano Yacobitti. <strong>\u201cNi los radicales te quieren\u201d<\/strong>, le dedic\u00f3 Hern\u00e1n Lombardi al senador, con el objetivo de \u201cabrirle la puerta\u201d a otros correligionarios. \u201c<strong>Muchos son gorilas y no quieren votar a Massa, pero que no hable m\u00e1s de Alfons\u00edn y de Yrigoyen<\/strong>\u201d, imploraron en el macrismo a Milei para darle alguna chance a ese prop\u00f3sito.<\/p>\n","protected":false},"excerpt":{"rendered":"<p>Acuerdo para el balotaje: Mauricio Macri y Patricia Bullrich le prometieron a Javier Milei nuevos apoyos para esta semanaPasada la semana de implosi\u00f3n de Juntos por el Cambio, y a\u00fan sin confirmarse formalmente la ruptura a la espera de lo que suceda en el balotaje, en los pr\u00f3ximos d\u00edas seguir\u00e1 la disputa discursiva y de alineamientos entre el sector liderado por Mauricio Macri que anunci\u00f3 su apoyo a Javier Milei y los que se mantuvieron neutrales, acusados por el ala dura del PRO de inclinarse impl\u00edcitamente por Sergio Massa.<br \/>\nLa sobrevida y la reconfiguraci\u00f3n de lo que quede del espacio depender\u00e1 del resultado de la segunda vuelta. Mientras tanto, en las tres semanas que restan, la pulseada se reflejar\u00e1 en la campa\u00f1a principalmente con macristas del lado de Milei, y en los preparativos para los reacomodamientos en el Congreso.<br \/>\nComo en una presentaci\u00f3n por cap\u00edtulos, luego de que Bullrich blanqueara p\u00fablicamente el pacto con Milei, otros dirigentes del PRO se pronunciaron a favor del ca..<\/p>\n","protected":false},"author":2,"featured_media":9621,"comment_status":"","ping_status":"","sticky":false,"template":"","format":"standard","meta":{"footnotes":""},"categories":[7],"tags":[],"_links":{"self":[{"href":"https:\/\/maxradio923.com.ar\/index.php\/wp-json\/wp\/v2\/posts\/9620"}],"collection":[{"href":"https:\/\/maxradio923.com.ar\/index.php\/wp-json\/wp\/v2\/posts"}],"about":[{"href":"https:\/\/maxradio923.com.ar\/index.php\/wp-json\/wp\/v2\/types\/post"}],"author":[{"embeddable":true,"href":"https:\/\/maxradio923.com.ar\/index.php\/wp-json\/wp\/v2\/users\/2"}],"replies":[{"embeddable":true,"href":"https:\/\/maxradio923.com.ar\/index.php\/wp-json\/wp\/v2\/comments?post=9620"}],"version-history":[{"count":0,"href":"https:\/\/maxradio923.com.ar\/index.php\/wp-json\/wp\/v2\/posts\/9620\/revisions"}],"wp:featuredmedia":[{"embeddable":true,"href":"https:\/\/maxradio923.com.ar\/index.php\/wp-json\/wp\/v2\/media\/9621"}],"wp:attachment":[{"href":"https:\/\/maxradio923.com.ar\/index.php\/wp-json\/wp\/v2\/media?parent=9620"}],"wp:term":[{"taxonomy":"category","embeddable":true,"href":"https:\/\/maxradio923.com.ar\/index.php\/wp-json\/wp\/v2\/categories?post=9620"},{"taxonomy":"post_tag","embeddable":true,"href":"https:\/\/maxradio923.com.ar\/index.php\/wp-json\/wp\/v2\/tags?post=9620"}],"curies":[{"name":"wp","href":"https:\/\/api.w.org\/{rel}","templated":true}]}}