{"id":9571,"date":"2023-10-29T14:29:20","date_gmt":"2023-10-29T17:29:20","guid":{"rendered":"https:\/\/maxradio923.com\/index.php\/2023\/10\/29\/alberto-sanchez-maratta-comparte-los-detalles-de-la-muestra-sintomas-del-arte-en-san-juan-en-el-ciclo-de-microentrevistas-del-mfr\/"},"modified":"2023-10-29T14:29:20","modified_gmt":"2023-10-29T17:29:20","slug":"alberto-sanchez-maratta-comparte-los-detalles-de-la-muestra-sintomas-del-arte-en-san-juan-en-el-ciclo-de-microentrevistas-del-mfr","status":"publish","type":"post","link":"https:\/\/maxradio923.com.ar\/index.php\/2023\/10\/29\/alberto-sanchez-maratta-comparte-los-detalles-de-la-muestra-sintomas-del-arte-en-san-juan-en-el-ciclo-de-microentrevistas-del-mfr\/","title":{"rendered":"Alberto S\u00e1nchez Maratta Comparte los Detalles de la Muestra \u2018S\u00edntomas del Arte en San Juan\u2019 en el Ciclo de Microentrevistas del MFR"},"content":{"rendered":"<p><img decoding=\"async\" src=\"https:\/\/diariod3.com\/inicio\/wp-content\/uploads\/2023\/10\/571334b5b00397b03fbf9cc7f2697c5d_L.jpg\"\/><\/p>\n<p>En una emocionante entrega del Ciclo de Microentrevistas del Museo Provincial de Bellas Artes Franklin Rawson (MPBA|FR), el artista Alberto S\u00e1nchez Maratta revela los entresijos de la muestra \u00abS\u00edntomas del arte en San Juan\u00bb. Esta exposici\u00f3n \u00fanica re\u00fane el trabajo de cinco espacios de arte independientes y se encuentra en exhibici\u00f3n en el Museo hasta finales de noviembre.<\/p>\n<p>S\u00e1nchez Maratta, quien estuvo a cargo de la curadur\u00eda de esta muestra, describe c\u00f3mo se han unido distintos grupos art\u00edsticos en una colaboraci\u00f3n que trasciende la mera exhibici\u00f3n. La exposici\u00f3n no solo refleja la diversidad de enfoques art\u00edsticos en San Juan, sino que tambi\u00e9n se concibe como parte integral de un archivo dedicado al arte contempor\u00e1neo sanjuanino. Este archivo estar\u00e1 disponible en l\u00ednea para la comunidad, lo que permitir\u00e1 una mayor difusi\u00f3n y apreciaci\u00f3n del arte en la regi\u00f3n.<\/p>\n<p>Los grupos participantes en la exposici\u00f3n incluyen a Salamanca, Les Editorial, Artify, 18 mundos y Espacio Bunker. Cada uno de estos grupos aborda el arte de manera \u00fanica, pero comparten la caracter\u00edstica de operar m\u00e1s all\u00e1 de los l\u00edmites tradicionales del espacio museo. Algunos se dedican al coleccionismo, otros se enfocan en proyectos editoriales, y algunos presentan propuestas disruptivas. La exposici\u00f3n brinda una visi\u00f3n \u00fanica de estos espacios que operan en los m\u00e1rgenes del arte oficial.<\/p>\n<p>Los amantes del arte y la comunidad en general tienen la oportunidad de visitar \u00abS\u00edntomas del arte en San Juan\u00bb en el Museo de martes a domingo, de 12 a 20 horas. La entrada general tiene un costo de $200, mientras que jubilados y estudiantes pueden acceder por $100. Menores de 12 a\u00f1os ingresan de forma gratuita, y los domingos la entrada es libre para todos. Esta muestra es una oportunidad imperdible para sumergirse en la diversidad del arte contempor\u00e1neo sanjuanino.<\/p>\n<p><a href=\"https:\/\/youtu.be\/vrHNxBYSfS0?si=m7PXe1ud_Q0dzrV_\" rel=\"noreferrer noopener\" target=\"_blank\">https:\/\/youtu.be\/vrHNxBYSfS0?si=m7PXe1ud_Q0dzrV_<\/a><\/p>\n<p>La entrada <a href=\"https:\/\/diariod3.com\/inicio\/alberto-sanchez-maratta-comparte-los-detalles-de-la-muestra-sintomas-del-arte-en-san-juan-en-el-ciclo-de-microentrevistas-del-mfr\/\" rel=\"noreferrer noopener\" target=\"_blank\">Alberto S\u00e1nchez Maratta Comparte los Detalles de la Muestra \u2018S\u00edntomas del Arte en San Juan\u2019 en el Ciclo de Microentrevistas del MFR<\/a> se public\u00f3 primero en <a href=\"https:\/\/diariod3.com\/inicio\" rel=\"noreferrer noopener\" target=\"_blank\">DIARIO D3 NOTICIAS<\/a>.<\/p>\n","protected":false},"excerpt":{"rendered":"<p>En una emocionante entrega del Ciclo de Microentrevistas del Museo Provincial de Bellas Artes Franklin Rawson (MPBA|FR), el artista Alberto S\u00e1nchez Maratta revela los entresijos de la muestra \u00abS\u00edntomas del arte en San Juan\u00bb. Esta exposici\u00f3n \u00fanica re\u00fane el trabajo de cinco espacios de arte independientes y se encuentra en exhibici\u00f3n en el Museo hasta [&hellip;]<\/p>\n","protected":false},"author":1,"featured_media":9572,"comment_status":"","ping_status":"","sticky":false,"template":"","format":"standard","meta":{"footnotes":""},"categories":[10],"tags":[],"_links":{"self":[{"href":"https:\/\/maxradio923.com.ar\/index.php\/wp-json\/wp\/v2\/posts\/9571"}],"collection":[{"href":"https:\/\/maxradio923.com.ar\/index.php\/wp-json\/wp\/v2\/posts"}],"about":[{"href":"https:\/\/maxradio923.com.ar\/index.php\/wp-json\/wp\/v2\/types\/post"}],"author":[{"embeddable":true,"href":"https:\/\/maxradio923.com.ar\/index.php\/wp-json\/wp\/v2\/users\/1"}],"replies":[{"embeddable":true,"href":"https:\/\/maxradio923.com.ar\/index.php\/wp-json\/wp\/v2\/comments?post=9571"}],"version-history":[{"count":0,"href":"https:\/\/maxradio923.com.ar\/index.php\/wp-json\/wp\/v2\/posts\/9571\/revisions"}],"wp:featuredmedia":[{"embeddable":true,"href":"https:\/\/maxradio923.com.ar\/index.php\/wp-json\/wp\/v2\/media\/9572"}],"wp:attachment":[{"href":"https:\/\/maxradio923.com.ar\/index.php\/wp-json\/wp\/v2\/media?parent=9571"}],"wp:term":[{"taxonomy":"category","embeddable":true,"href":"https:\/\/maxradio923.com.ar\/index.php\/wp-json\/wp\/v2\/categories?post=9571"},{"taxonomy":"post_tag","embeddable":true,"href":"https:\/\/maxradio923.com.ar\/index.php\/wp-json\/wp\/v2\/tags?post=9571"}],"curies":[{"name":"wp","href":"https:\/\/api.w.org\/{rel}","templated":true}]}}