{"id":9565,"date":"2023-10-29T14:15:06","date_gmt":"2023-10-29T17:15:06","guid":{"rendered":"https:\/\/maxradio923.com\/index.php\/2023\/10\/29\/massa-reivindico-a-alfonsin-y-reitero-su-compromiso-por-empezar-nueva-etapa\/"},"modified":"2023-10-29T14:15:06","modified_gmt":"2023-10-29T17:15:06","slug":"massa-reivindico-a-alfonsin-y-reitero-su-compromiso-por-empezar-nueva-etapa","status":"publish","type":"post","link":"https:\/\/maxradio923.com.ar\/index.php\/2023\/10\/29\/massa-reivindico-a-alfonsin-y-reitero-su-compromiso-por-empezar-nueva-etapa\/","title":{"rendered":"Massa reivindic\u00f3 a Alfons\u00edn y reiter\u00f3 su compromiso por \u00abempezar nueva etapa\u00bb"},"content":{"rendered":"<p><img decoding=\"async\" src=\"https:\/\/diariod3.com\/inicio\/wp-content\/uploads\/2023\/10\/653e7762ee67f_1200.jpg\"\/><\/p>\n<p>El candidato presidencial de Uni\u00f3n por la Patria dijo priorizar \u00abun Gobierno de unidad nacional\u00bb y apel\u00f3 a la integraci\u00f3n de todo el pa\u00eds, al tiempo que defini\u00f3 al l\u00edder radical como el primero \u00abque puso luz a la democracia argentina\u00bb.<\/p>\n<figure><img decoding=\"async\" src=\"https:\/\/www.telam.com.ar\/thumbs\/bluesteel\/advf\/imagenes\/2023\/10\/653e7762ee67f_1200.jpg\" alt=\"Sergio Massa en conferencia de prensa en Tucumn Foto Captura de Tv\"\/><figcaption>Sergio Massa en conferencia de prensa en Tucum\u00e1n. Foto: Captura de Tv.<\/figcaption><\/figure>\n<p>El ministro de Econom\u00eda y candidato presidencial de Uni\u00f3n por la Patria (UxP), Sergio Massa,<strong> reiter\u00f3 este domingo su compromiso de \u00abempezar una nueva p\u00e1gina de la historia\u00bb a partir del 10 de diciembre<\/strong>, en caso de ganar el balotaje, y reivindic\u00f3 la figura del fallecido expresidente Ra\u00fal Alfons\u00edn por su convocatoria a la \u00abuni\u00f3n nacional\u00bb.<\/p>\n<p>\u00abVengo una vez m\u00e1s a ratificar nuestro compromiso para que el 10 de diciembre, a 40 a\u00f1os de democracia, en Argentina<strong> empiece una nueva etapa con un Gobierno de unidad nacional, donde sin importar de d\u00f3nde vienen los hombres y mujeres que se integren, nos permita construir una nueva p\u00e1gina de la historia\u00bb<\/strong>, remarc\u00f3 Massa.<\/p>\n<p>El ministro y candidato <strong>se pronunci\u00f3 en estos t\u00e9rminos al participar en Tucum\u00e1n de la asunci\u00f3n del gobernador Osvaldo Jaldo<\/strong>, quien recibi\u00f3 la banda del mandatario saliente, Juan Manzur.<\/p>\n<blockquote>\n<p>\u00abAbrazamos desde el peronismo a los hombres y mujeres de bien que creen en el pa\u00eds de los valores democr\u00e1ticos frente a aquellos que llaman a destruir los valores esenciales de nuestra patria\u00bb<\/p>\n<\/blockquote>\n<p>Al brindar un discurso desde la Casa de Gobierno, <strong>Massa sostuvo que \u00abel norte argentino se va a transformar en el coraz\u00f3n econ\u00f3mico del Mercosur y en el punto de encuentro entre el oc\u00e9ano Atl\u00e1ntico y el Pac\u00edfico\u00bb.<\/strong><\/p>\n<p><strong>Y en una nueva convocatoria al radicalismo, rindi\u00f3 homenaje a Alfons\u00edn, a quien defini\u00f3 como \u00abese primer presidente que le puso luz a la democracia argentina despu\u00e9s de a\u00f1os de oscuridad\u00bb<\/strong>, y de quien destac\u00f3 su apuesta por la \u00abuni\u00f3n nacional\u00bb.<\/p>\n<p>As\u00ed, y tal como hiciera el fallecido expresidente del radicalismo, Massa cit\u00f3 el pre\u00e1mbulo de la Constituci\u00f3n Nacional en el objetivo de \u00abconstruir la uni\u00f3n nacional para afianzar la justicia, consolidar la paz interior, proveer a la defensa com\u00fan, promover el bienestar general y asegurar los beneficios de la libertad\u00bb.<\/p>\n<figure><img decoding=\"async\" src=\"https:\/\/www.telam.com.ar\/thumbs\/bluesteel\/advf\/imagenes\/2023\/10\/65382b0432c27_1200.jpg\" alt=\"Massa reivindic a Alfonsn y reiter su compromiso por empezar nueva etapa Foto Pepe Mateos\"\/><figcaption>Massa reivindic\u00f3 a Alfons\u00edn y reiter\u00f3 su compromiso por \u00abempezar nueva etapa\u00bb. Foto :Pepe Mateos<\/figcaption><\/figure>\n<p><strong>\u00abAbrazamos desde el peronismo a los hombres y mujeres de bien que creen en el pa\u00eds de los valores democr\u00e1ticos frente a aquellos que llaman a destruir los valores esenciales de nuestra patria\u00bb, dijo y llam\u00f3 a acompa\u00f1ar a UxP<\/strong> \u00abpor la educaci\u00f3n p\u00fablica y la seguridad en manos del Estado y no a la portaci\u00f3n de armas; por un pa\u00eds con salud p\u00fablica y no a la venta de \u00f3rganos, y por el respeto al medio ambiente y la producci\u00f3n nacional\u00bb.<\/p>\n<p>En el cierre de su mensaje, convoc\u00f3 a la militancia a \u00abseguir adelante\u00bb porque \u00abfalta un paso m\u00e1s\u00bb, en referencia al balotaje del 19 de noviembre.<\/p>\n<p>En un acto de gran despliegue de dirigentes peronistas, participaron los gobernadores Axel Kicillof (Buenos Aires), Ra\u00fal Jalil (Catamarca), Gildo Insfr\u00e1n (Formosa), Ricardo Quintela (La Rioja) y Gerardo Zamora (Santiago del Estero), adem\u00e1s de la vicegobernadora bonaerense, Ver\u00f3nica Magario, entre otros.<\/p>\n<p>La entrada <a href=\"https:\/\/diariod3.com\/inicio\/massa-reivindico-a-alfonsin-y-reitero-su-compromiso-por-empezar-nueva-etapa\/\" rel=\"noreferrer noopener\" target=\"_blank\">Massa reivindic\u00f3 a Alfons\u00edn y reiter\u00f3 su compromiso por \u00abempezar nueva etapa\u00bb<\/a> se public\u00f3 primero en <a href=\"https:\/\/diariod3.com\/inicio\" rel=\"noreferrer noopener\" target=\"_blank\">DIARIO D3 NOTICIAS<\/a>.<\/p>\n","protected":false},"excerpt":{"rendered":"<p>El candidato presidencial de Uni\u00f3n por la Patria dijo priorizar \u00abun Gobierno de unidad nacional\u00bb y apel\u00f3 a la integraci\u00f3n de todo el pa\u00eds, al tiempo que defini\u00f3 al l\u00edder radical como el primero \u00abque puso luz a la democracia argentina\u00bb. Sergio Massa en conferencia de prensa en Tucum\u00e1n. Foto: Captura de Tv. El ministro [&hellip;]<\/p>\n","protected":false},"author":2,"featured_media":9566,"comment_status":"","ping_status":"","sticky":false,"template":"","format":"standard","meta":{"footnotes":""},"categories":[12],"tags":[],"_links":{"self":[{"href":"https:\/\/maxradio923.com.ar\/index.php\/wp-json\/wp\/v2\/posts\/9565"}],"collection":[{"href":"https:\/\/maxradio923.com.ar\/index.php\/wp-json\/wp\/v2\/posts"}],"about":[{"href":"https:\/\/maxradio923.com.ar\/index.php\/wp-json\/wp\/v2\/types\/post"}],"author":[{"embeddable":true,"href":"https:\/\/maxradio923.com.ar\/index.php\/wp-json\/wp\/v2\/users\/2"}],"replies":[{"embeddable":true,"href":"https:\/\/maxradio923.com.ar\/index.php\/wp-json\/wp\/v2\/comments?post=9565"}],"version-history":[{"count":0,"href":"https:\/\/maxradio923.com.ar\/index.php\/wp-json\/wp\/v2\/posts\/9565\/revisions"}],"wp:featuredmedia":[{"embeddable":true,"href":"https:\/\/maxradio923.com.ar\/index.php\/wp-json\/wp\/v2\/media\/9566"}],"wp:attachment":[{"href":"https:\/\/maxradio923.com.ar\/index.php\/wp-json\/wp\/v2\/media?parent=9565"}],"wp:term":[{"taxonomy":"category","embeddable":true,"href":"https:\/\/maxradio923.com.ar\/index.php\/wp-json\/wp\/v2\/categories?post=9565"},{"taxonomy":"post_tag","embeddable":true,"href":"https:\/\/maxradio923.com.ar\/index.php\/wp-json\/wp\/v2\/tags?post=9565"}],"curies":[{"name":"wp","href":"https:\/\/api.w.org\/{rel}","templated":true}]}}