{"id":9463,"date":"2023-10-28T19:14:08","date_gmt":"2023-10-28T22:14:08","guid":{"rendered":"https:\/\/maxradio923.com\/index.php\/2023\/10\/28\/querella-de-abuelas-de-plaza-de-mayo-alegara-el-lunes-en-juicio-por-apropiacion-de-victoria-donda\/"},"modified":"2023-10-28T19:14:08","modified_gmt":"2023-10-28T22:14:08","slug":"querella-de-abuelas-de-plaza-de-mayo-alegara-el-lunes-en-juicio-por-apropiacion-de-victoria-donda","status":"publish","type":"post","link":"https:\/\/maxradio923.com.ar\/index.php\/2023\/10\/28\/querella-de-abuelas-de-plaza-de-mayo-alegara-el-lunes-en-juicio-por-apropiacion-de-victoria-donda\/","title":{"rendered":"Querella de Abuelas de Plaza de Mayo alegar\u00e1 el lunes en juicio por apropiaci\u00f3n de Victoria Donda"},"content":{"rendered":"<p><img decoding=\"async\" src=\"https:\/\/diariod3.com\/inicio\/wp-content\/uploads\/2023\/10\/donda2.png\"\/><\/p>\n<p>El alegato de la querella de Abuelas de Plaza de Mayo en el juicio por la apropiaci\u00f3n de la subsecretaria de An\u00e1lisis y Seguimiento Pol\u00edtico Estrat\u00e9gico bonaerense, Victoria Donda P\u00e9rez, en el que est\u00e1 imputado como coautor su t\u00edo, el represor Adolfo Miguel Donda, comenzar\u00e1 el pr\u00f3ximo lunes, inform\u00f3 el organismo en un comunicado.<\/p>\n<p>La audiencia se desarrollar\u00e1 a partir de las 14, ante el Tribunal Oral Federal 6, integrado por Ricardo Basilico, Daniel Horacio Obligado y Gabriela L\u00f3pez I\u00f1\u00edguez.<\/p>\n<p>El proceso comenz\u00f3 en noviembre del a\u00f1o pasado y las audiencias se desarrollan los d\u00edas lunes, con modalidad mixta.<br \/>\nLas presenciales son en la Sala \u00abSum\u00bb, ubicada en el subsuelo de los Tribunales de Av. Comodoro Py 2002, y las virtuales pueden seguirse v\u00eda YouTube a trav\u00e9s del canal de La Retaguardia (youtube.com\/channel\/UCRYqgxVNRz9pbdiHBsH-RAQ) y el canal del Consejo de la Magistratura de la Naci\u00f3n (https:\/\/www.youtube.com\/c\/consejodelamagistraturadelanacion).<\/p>\n<p>Mar\u00eda Hilda \u00abCori\u00bb P\u00e9rez fue secuestrada embarazada de cinco meses en la zona Oeste del conurbano bonaerense, el 28 de marzo de 1977.<\/p>\n<p>Junto a Jos\u00e9 Laureano Donda, ya ten\u00edan una ni\u00f1a, Eva, de cinco meses, que estaba en ese momento al cuidado de su abuela materna. La pareja integraba Montoneros. En tanto, Jos\u00e9 fue secuestrado en mayo de 1977.<\/p>\n<p>La pareja fue vista en la Comisar\u00eda 3\u00b0 de Castelar y, en agosto de 1977, la joven fue trasladada a la ESMA.<\/p>\n<p>All\u00ed dio a luz a una ni\u00f1a a la que llam\u00f3 Victoria, en un parto asistido por el m\u00e9dico militar Jorge Luis Magnacco, record\u00f3 Abuelas de Plaza de Mayo en el comunicado.<\/p>\n<p>Victoria fue apropiada por el prefecto Juan Antonio Azic, quien comparti\u00f3 patota con Donda, quien lleg\u00f3 a estar a cargo de la jefatura de Operaciones y de inteligencia t\u00e1ctica.<\/p>\n<p>En octubre de 2004 Victoria fue restituida y supo que era hija de Mar\u00eda Hilda y Jos\u00e9, quienes contin\u00faan desaparecidos.<\/p>\n<p>Fuente: \u00c1MBITO<\/p>\n<p>Op: Rivero Cecilia<\/p>\n<p>La entrada <a href=\"https:\/\/diariod3.com\/inicio\/querella-de-abuelas-de-plaza-de-mayo-alegara-el-lunes-en-juicio-por-apropiacion-de-victoria-donda\/\" rel=\"noreferrer noopener\" target=\"_blank\">Querella de Abuelas de Plaza de Mayo alegar\u00e1 el lunes en juicio por apropiaci\u00f3n de Victoria Donda<\/a> se public\u00f3 primero en <a href=\"https:\/\/diariod3.com\/inicio\" rel=\"noreferrer noopener\" target=\"_blank\">DIARIO D3 NOTICIAS<\/a>.<\/p>\n","protected":false},"excerpt":{"rendered":"<p>El alegato de la querella de Abuelas de Plaza de Mayo en el juicio por la apropiaci\u00f3n de la subsecretaria de An\u00e1lisis y Seguimiento Pol\u00edtico Estrat\u00e9gico bonaerense, Victoria Donda P\u00e9rez, en el que est\u00e1 imputado como coautor su t\u00edo, el represor Adolfo Miguel Donda, comenzar\u00e1 el pr\u00f3ximo lunes, inform\u00f3 el organismo en un comunicado. La [&hellip;]<\/p>\n","protected":false},"author":2,"featured_media":9464,"comment_status":"","ping_status":"","sticky":false,"template":"","format":"standard","meta":{"footnotes":""},"categories":[12],"tags":[],"_links":{"self":[{"href":"https:\/\/maxradio923.com.ar\/index.php\/wp-json\/wp\/v2\/posts\/9463"}],"collection":[{"href":"https:\/\/maxradio923.com.ar\/index.php\/wp-json\/wp\/v2\/posts"}],"about":[{"href":"https:\/\/maxradio923.com.ar\/index.php\/wp-json\/wp\/v2\/types\/post"}],"author":[{"embeddable":true,"href":"https:\/\/maxradio923.com.ar\/index.php\/wp-json\/wp\/v2\/users\/2"}],"replies":[{"embeddable":true,"href":"https:\/\/maxradio923.com.ar\/index.php\/wp-json\/wp\/v2\/comments?post=9463"}],"version-history":[{"count":0,"href":"https:\/\/maxradio923.com.ar\/index.php\/wp-json\/wp\/v2\/posts\/9463\/revisions"}],"wp:featuredmedia":[{"embeddable":true,"href":"https:\/\/maxradio923.com.ar\/index.php\/wp-json\/wp\/v2\/media\/9464"}],"wp:attachment":[{"href":"https:\/\/maxradio923.com.ar\/index.php\/wp-json\/wp\/v2\/media?parent=9463"}],"wp:term":[{"taxonomy":"category","embeddable":true,"href":"https:\/\/maxradio923.com.ar\/index.php\/wp-json\/wp\/v2\/categories?post=9463"},{"taxonomy":"post_tag","embeddable":true,"href":"https:\/\/maxradio923.com.ar\/index.php\/wp-json\/wp\/v2\/tags?post=9463"}],"curies":[{"name":"wp","href":"https:\/\/api.w.org\/{rel}","templated":true}]}}