{"id":9442,"date":"2023-10-28T15:04:01","date_gmt":"2023-10-28T18:04:01","guid":{"rendered":"https:\/\/maxradio923.com\/index.php\/2023\/10\/28\/como-seran-las-series-sobre-pimpinela-y-alfonsin-que-haran-los-miticos-y-muy-versatiles-maestro-vainman\/"},"modified":"2023-10-28T15:04:01","modified_gmt":"2023-10-28T18:04:01","slug":"como-seran-las-series-sobre-pimpinela-y-alfonsin-que-haran-los-miticos-y-muy-versatiles-maestro-vainman","status":"publish","type":"post","link":"https:\/\/maxradio923.com.ar\/index.php\/2023\/10\/28\/como-seran-las-series-sobre-pimpinela-y-alfonsin-que-haran-los-miticos-y-muy-versatiles-maestro-vainman\/","title":{"rendered":"C\u00f3mo ser\u00e1n las series sobre Pimpinela y Alfons\u00edn que har\u00e1n los m\u00edticos y muy vers\u00e1tiles Maestro &amp; Vainman"},"content":{"rendered":"<ul>\n<li>Ambos fueron pioneros en las telenovelas juveniles, como &quot;Clave de Sol&quot; y &quot;La Banda del Golden Rocket&quot;.<\/li>\n<li><\/li>\n<\/ul>\n","protected":false},"excerpt":{"rendered":"<p>Ambos fueron pioneros en las telenovelas juveniles, como &quot;Clave de Sol&quot; y &quot;La Banda del Golden Rocket&quot;.<\/p>\n","protected":false},"author":2,"featured_media":9443,"comment_status":"","ping_status":"","sticky":false,"template":"","format":"standard","meta":{"footnotes":""},"categories":[4],"tags":[],"_links":{"self":[{"href":"https:\/\/maxradio923.com.ar\/index.php\/wp-json\/wp\/v2\/posts\/9442"}],"collection":[{"href":"https:\/\/maxradio923.com.ar\/index.php\/wp-json\/wp\/v2\/posts"}],"about":[{"href":"https:\/\/maxradio923.com.ar\/index.php\/wp-json\/wp\/v2\/types\/post"}],"author":[{"embeddable":true,"href":"https:\/\/maxradio923.com.ar\/index.php\/wp-json\/wp\/v2\/users\/2"}],"replies":[{"embeddable":true,"href":"https:\/\/maxradio923.com.ar\/index.php\/wp-json\/wp\/v2\/comments?post=9442"}],"version-history":[{"count":0,"href":"https:\/\/maxradio923.com.ar\/index.php\/wp-json\/wp\/v2\/posts\/9442\/revisions"}],"wp:featuredmedia":[{"embeddable":true,"href":"https:\/\/maxradio923.com.ar\/index.php\/wp-json\/wp\/v2\/media\/9443"}],"wp:attachment":[{"href":"https:\/\/maxradio923.com.ar\/index.php\/wp-json\/wp\/v2\/media?parent=9442"}],"wp:term":[{"taxonomy":"category","embeddable":true,"href":"https:\/\/maxradio923.com.ar\/index.php\/wp-json\/wp\/v2\/categories?post=9442"},{"taxonomy":"post_tag","embeddable":true,"href":"https:\/\/maxradio923.com.ar\/index.php\/wp-json\/wp\/v2\/tags?post=9442"}],"curies":[{"name":"wp","href":"https:\/\/api.w.org\/{rel}","templated":true}]}}