{"id":9438,"date":"2023-10-28T14:54:15","date_gmt":"2023-10-28T17:54:15","guid":{"rendered":"https:\/\/maxradio923.com\/index.php\/2023\/10\/28\/los-halcones-del-pro-en-diputados-apuestan-a-un-triunfo-de-milei-para-apartar-a-los-moderados-y-radicales\/"},"modified":"2023-10-28T17:04:16","modified_gmt":"2023-10-28T20:04:16","slug":"los-halcones-del-pro-en-diputados-apuestan-a-un-triunfo-de-milei-para-apartar-a-los-moderados-y-radicales","status":"publish","type":"post","link":"https:\/\/maxradio923.com.ar\/index.php\/2023\/10\/28\/los-halcones-del-pro-en-diputados-apuestan-a-un-triunfo-de-milei-para-apartar-a-los-moderados-y-radicales\/","title":{"rendered":"Los halcones del PRO en Diputados apuestan a un triunfo de Milei para apartar a los moderados y radicales"},"content":{"rendered":"<p><img decoding=\"async\" src=\"https:\/\/diariod3.com\/inicio\/wp-content\/uploads\/2023\/10\/3XDKN6LMCJCVBN6E4DNZGRFP2I.jpg\"\/><\/p>\n<p>La mayor parte del bloque ya manifest\u00f3 su apoyo a Milei en el balotaje y aumentan las tensiones internas. Sin embargo, todos coinciden en que no se formalizar\u00e1 ninguna ruptura hasta que asuma el nuevo gobierno<\/p>\n<p>PorFederico Millenaar<\/p>\n<p><img decoding=\"async\" src=\"https:\/\/www.infobae.com\/new-resizer\/EjulyTVyd6NP4A9snlaw_2Dg7_Y=\/420x236\/filters:format(webp):quality(85)\/cloudfront-us-east-1.images.arcpublishing.com\/infobae\/3XDKN6LMCJCVBN6E4DNZGRFP2I.jpg%20420w\" alt=\"Diputados del PRO (T\u00e9lam)\"\/>Diputados del PRO (T\u00e9lam)<\/p>\n<p>\u201cEsto va a ordenar de plano lo que antes la pol\u00edtica no pudo ordenar\u201d. Un diputado del PRO -que r\u00e1pidamente se aline\u00f3 detr\u00e1s de Mauricio Macri y Patricia Bullrich en favor de Javier Milei- asegura que todav\u00eda es demasiado pronto para saber qu\u00e9 pasar\u00e1 con Juntos por el Cambio. Sin embargo, al igual que otros referentes del sector \u201chalc\u00f3n\u201d, no ve con preocupaci\u00f3n una eventual fractura de Juntos por el Cambio, incluso un quiebre de su propio partido.<\/p>\n<p>El pronunciamiento de Cristian Ritondo agit\u00f3 el interbloque en la C\u00e1mara de Diputados. El PRO, la UCR y la Coalici\u00f3n C\u00edvica no pudieron replicar la \u201cfoto de unidad\u201d que difundieron sus compa\u00f1eros del Senado. \u201cEllos son poquitos, adem\u00e1s nuestro interbloque lleva dos a\u00f1os sin reuniones, ser\u00eda una foto falsa\u201d, se\u00f1alaban desde las filas radicales. Durante los \u00faltimos dos a\u00f1os las diferencias internas quedaron plasmadas en muchas votaciones divididas y en la imposibilidad de nombrar a un presidente del interbloque.<\/p>\n<p>Atr\u00e1s de Ritondo, una decena de legisladores se manifest\u00f3 r\u00e1pidamente a trav\u00e9s de las redes sociales en el mismo sentido. De hecho, se baraj\u00f3 la idea de emitir un comunicado formal con las firmas de los diputados que respaldar\u00e1n al candidato de La Libertad Avanza en el balotaje.<\/p>\n<p>Es la mayor parte del bloque amarillo. Pero no son todos. Por eso la idea qued\u00f3 en stand by. \u201cNo hay una postura homog\u00e9nea, no corresponde sacar algo oficial del bloque, por m\u00e1s que se aclare qui\u00e9nes son los que firman\u201d, explicaron cerca de Ritondo, jefe de la bancada. Tampoco quer\u00edan presionar innecesariamente a quienes todav\u00eda no asumieron una postura, como Diego Santilli, que adelant\u00f3 a Infobae que se decidir\u00e1 la semana que viene tras una serie de reuniones con dirigentes, intendentes, diputados y senadores bonaerenses. El \u201cColo\u201d dej\u00f3 trascender su malestar con la forma en que Bullrich y Macri acordaron con Milei, pero todav\u00eda no descartan que sume su apoyo.<\/p>\n<p><img decoding=\"async\" src=\"https:\/\/www.infobae.com\/new-resizer\/uZO9UK1Jl3IFM1bm0Zt1wNm0XGc=\/420x280\/filters:format(webp):quality(85)\/cloudfront-us-east-1.images.arcpublishing.com\/infobae\/QFG2XXAOENBBLI5SPIRWHDOKQI.jpg%20420w\" alt=\"El candidato presidencial Javier Milei y la ex candidata Patricia Bullrich posan durante su participaci\u00f3n en el programa A Dos Voces (EFE)\"\/>El candidato presidencial Javier Milei y la ex candidata Patricia Bullrich posan durante su participaci\u00f3n en el programa A Dos Voces (EFE)<\/p>\n<p>Los \u201cneutrales\u201d del PRO est\u00e1n alineados a nivel nacional con Horacio Rodr\u00edguez Larreta, quien dijo que \u201clas dos opciones para el balotaje son muy malas\u201d. \u201cNo voy a apoyar a ninguno de los dos candidatos, ni voy a ser parte del gobierno de ninguno de los dos. Como a millones de argentinos, ninguno me representa\u201d, sintetiz\u00f3 Mar\u00eda Eugenia Vidal. Seg\u00fan pudo saber Infobae, Silvia Lospennato, \u00c1lvaro Gonz\u00e1lez, Nicol\u00e1s Massot, Gabriela Besana, H\u00e9ctor Baldassi, Mart\u00edn Maquieyra, Sof\u00eda Brambilla, \u00c1lvaro Mart\u00ednez y An\u00edbal Tortoriello tampoco estaban dispuestos a firmar el comunicado en respaldo a Milei. Todos defienden la unidad de Juntos por el Cambio.<\/p>\n<p>Los \u201chalcones\u201d explican que dentro de Juntos por el Cambio, e incluso dentro del PRO, existen diferencias profundas sobre el modelo de pa\u00eds. Pero estas quedaron contenidas durante los \u00faltimos a\u00f1os debido a que el peronismo estaba en el poder y JxC cumpl\u00eda un rol netamente opositor. La posibilidad concreta de participar de un gobierno libertario simplemente sac\u00f3 las disputas no resueltas a la luz.<\/p>\n<p>\u201cEl PRO que fund\u00f3 Mauricio era liberal y despu\u00e9s algunos fueron girando\u201d, sintetiz\u00f3 un diputado que no renov\u00f3 su banca y volver\u00e1 a trabajar en su campo. Y agreg\u00f3: \u201cYo tambi\u00e9n estoy cansado de los \u2018progres\u2019 de mi espacio\u201d.<\/p>\n<p>No obstante, aclaran que todo depender\u00e1 de lo que ocurra el 19 de noviembre y en las semanas subsiguientes. \u201cHay que ver la actitud de Milei si gana. Argentina no tiene un sistema preparado para gobierno de coalici\u00f3n. En los parlamentarismos europeos si se rompe una coalici\u00f3n se cae el gobierno, ac\u00e1 define todo el presidente\u201d, detallaron a Infobae.<\/p>\n<p>Si la coalici\u00f3n opositora se rompe, la C\u00e1mara de Diputados podr\u00eda quedar dividida en tercios, con un bloque mayoritario de 107 legisladores de Uni\u00f3n por la Patria, uno de cerca de 80 de libertarios y \u201chalcones\u201d del PRO, y otro de 80 con radicales, \u201clilitos\u201d y \u201cpalomas\u201ddel PRO.<\/p>\n<p>No es s\u00f3lo un tema de etiquetas partidarias. La divisi\u00f3n de JxC podr\u00eda perjudicarlo a la hora de alcanzar el qu\u00f3rum y tambi\u00e9n en el reparto de comisiones y lugares institucionales clave, como la presidencia de la C\u00e1mara.<\/p>\n<p>La entrada <a href=\"https:\/\/diariod3.com\/inicio\/los-halcones-del-pro-en-diputados-apuestan-a-un-triunfo-de-milei-para-apartar-a-los-moderados-y-radicales\/\" rel=\"noreferrer noopener\" target=\"_blank\">Los halcones del PRO en Diputados apuestan a un triunfo de Milei para apartar a los moderados y radicales<\/a> se public\u00f3 primero en <a href=\"https:\/\/diariod3.com\/inicio\" rel=\"noreferrer noopener\" target=\"_blank\">DIARIO D3 NOTICIAS<\/a>.<\/p>\n","protected":false},"excerpt":{"rendered":"<p>La mayor parte del bloque ya manifest\u00f3 su apoyo a Milei en el balotaje y aumentan las tensiones internas. Sin embargo, todos coinciden en que no se formalizar\u00e1 ninguna ruptura hasta que asuma el nuevo gobierno PorFederico Millenaar Diputados del PRO (T\u00e9lam) \u201cEsto va a ordenar de plano lo que antes la pol\u00edtica no pudo [&hellip;]<\/p>\n","protected":false},"author":2,"featured_media":9455,"comment_status":"closed","ping_status":"","sticky":false,"template":"","format":"standard","meta":{"footnotes":""},"categories":[12],"tags":[],"_links":{"self":[{"href":"https:\/\/maxradio923.com.ar\/index.php\/wp-json\/wp\/v2\/posts\/9438"}],"collection":[{"href":"https:\/\/maxradio923.com.ar\/index.php\/wp-json\/wp\/v2\/posts"}],"about":[{"href":"https:\/\/maxradio923.com.ar\/index.php\/wp-json\/wp\/v2\/types\/post"}],"author":[{"embeddable":true,"href":"https:\/\/maxradio923.com.ar\/index.php\/wp-json\/wp\/v2\/users\/2"}],"replies":[{"embeddable":true,"href":"https:\/\/maxradio923.com.ar\/index.php\/wp-json\/wp\/v2\/comments?post=9438"}],"version-history":[{"count":1,"href":"https:\/\/maxradio923.com.ar\/index.php\/wp-json\/wp\/v2\/posts\/9438\/revisions"}],"predecessor-version":[{"id":9454,"href":"https:\/\/maxradio923.com.ar\/index.php\/wp-json\/wp\/v2\/posts\/9438\/revisions\/9454"}],"wp:featuredmedia":[{"embeddable":true,"href":"https:\/\/maxradio923.com.ar\/index.php\/wp-json\/wp\/v2\/media\/9455"}],"wp:attachment":[{"href":"https:\/\/maxradio923.com.ar\/index.php\/wp-json\/wp\/v2\/media?parent=9438"}],"wp:term":[{"taxonomy":"category","embeddable":true,"href":"https:\/\/maxradio923.com.ar\/index.php\/wp-json\/wp\/v2\/categories?post=9438"},{"taxonomy":"post_tag","embeddable":true,"href":"https:\/\/maxradio923.com.ar\/index.php\/wp-json\/wp\/v2\/tags?post=9438"}],"curies":[{"name":"wp","href":"https:\/\/api.w.org\/{rel}","templated":true}]}}