{"id":9414,"date":"2023-10-28T12:54:12","date_gmt":"2023-10-28T15:54:12","guid":{"rendered":"https:\/\/maxradio923.com\/index.php\/2023\/10\/28\/cuando-es-el-debate-presidencial-por-el-balotaje-2023-dia-hora-y-todo-lo-que-tenes-que-saber\/"},"modified":"2023-10-28T17:04:17","modified_gmt":"2023-10-28T20:04:17","slug":"cuando-es-el-debate-presidencial-por-el-balotaje-2023-dia-hora-y-todo-lo-que-tenes-que-saber","status":"publish","type":"post","link":"https:\/\/maxradio923.com.ar\/index.php\/2023\/10\/28\/cuando-es-el-debate-presidencial-por-el-balotaje-2023-dia-hora-y-todo-lo-que-tenes-que-saber\/","title":{"rendered":"CU\u00c1NDO ES EL DEBATE PRESIDENCIAL POR EL BALOTAJE 2023: D\u00cdA, HORA Y TODO LO QUE TEN\u00c9S QUE SABER"},"content":{"rendered":"<p><img decoding=\"async\" src=\"https:\/\/diariod3.com\/inicio\/wp-content\/uploads\/2023\/10\/massa-milei-debatejpg.webp\"\/><\/p>\n<p>Sergio Massa (Uni\u00f3n por la Patria) y Javier Milei (La Libertad Avanza) protagonizar\u00e1n la tercera versi\u00f3n del intercambio entre los dos candidatos presidenciales.<\/p>\n<p>Las elecciones generales se llevaron a cabo el pasado domingo 22 de octubre y, en el marco de un nuevo balotaje para noviembre, los dos candidatos m\u00e1s votados, Sergio Massa y Javier Milei, protagonizar\u00e1n un tercer debate presidencial a pocos d\u00edas de los comicios definitivos.<\/p>\n<p>Los resultados de los comicios presidenciales marcan una victoria del aspirante presidencial de Uni\u00f3n por la Patria (UP), Sergio Massa, con un 36,68% de los votos. Como escolta aparece Javier Milei con un 29,98% y, en este marco, Argentina presenciar\u00e1 un nuevo balotaje el pr\u00f3ximo 19 de noviembre entre los dos candidatos m\u00e1s votados.<\/p>\n<p>La normativa 19.945 establece desde 2016 la obligatoriedad de los debates presidenciales en la previa de cada elecci\u00f3n. De igual manera, tambi\u00e9n ser\u00e1 obligatoria la participaci\u00f3n de cada uno de los candidatos, con el objetivo de acercar las propuestas a la poblaci\u00f3n y mejorar la transparencia electoral.<\/p>\n<p>Los primeros dos intercambios entre los aspirantes a jefe de Estado se llevaron a cabo el 8 de octubre en la Universidad de Santiago del Estero y el 15 del mismo mes en la Facultad de Derecho de la Universidad de Buenos Aires (UBA).<\/p>\n<p>Si bien ya se defini\u00f3 la sede, fecha y los participantes del pr\u00f3ximo debate, la C\u00e1mara Nacional Electoral (CNE) le confirm\u00f3 a \u00c1mbito que se organizar\u00e1 un nuevo sorteo para definir moderadores, formato y ejes tem\u00e1ticos.<\/p>\n<p>Elecciones 2023: todo lo que ten\u00e9s que saber sobre el tercer debate presidencial<\/p>\n<p>Cu\u00e1ndo se realiza:<\/p>\n<p>Por disposici\u00f3n de la C\u00e1mara Nacional Electoral (CNE), uno de los tres organizadores de la elecci\u00f3n a nivel nacional, los debates presidenciales deben desarrollarse dentro de los 10 d\u00edas anteriores a la fecha de la elecci\u00f3n. En este caso, la tercera edici\u00f3n se llevar\u00e1 a cabo el 12 de noviembre, en la semana previa al balotaje.<\/p>\n<p>D\u00f3nde se realiza:<\/p>\n<p>Al igual que en las elecciones presidenciales 2019, la Facultad de Derecho de la Universidad de Buenos Aires ser\u00e1 utilizada nuevamente como sede del \u00faltimo debate presidencial.<\/p>\n<p>Qui\u00e9nes participan:<\/p>\n<p>Los resultados de las elecciones generales del 22 de octubre marcaron a los dos candidatos m\u00e1s votados: Sergio Massa, de Uni\u00f3n por la Patria (UP) y Javier Milei, el referente de La Libertad Avanza (LLA). Ambos dirigentes se disputar\u00e1n la presidencia en el balotaje del 19 de noviembre y, por ende, ser\u00e1n los dos protagonistas del tercer debate presidencial.<\/p>\n<p>Fuente: \u00c1MBITO<\/p>\n<p>Por: Graciela Herrera<\/p>\n<p>La entrada <a href=\"https:\/\/diariod3.com\/inicio\/cuando-es-el-debate-presidencial-por-el-balotaje-2023-dia-hora-y-todo-lo-que-tenes-que-saber\/\" rel=\"noreferrer noopener\" target=\"_blank\">CU\u00c1NDO ES EL DEBATE PRESIDENCIAL POR EL BALOTAJE 2023: D\u00cdA, HORA Y TODO LO QUE TEN\u00c9S QUE SABER<\/a> se public\u00f3 primero en <a href=\"https:\/\/diariod3.com\/inicio\" rel=\"noreferrer noopener\" target=\"_blank\">DIARIO D3 NOTICIAS<\/a>.<\/p>\n","protected":false},"excerpt":{"rendered":"<p>Sergio Massa (Uni\u00f3n por la Patria) y Javier Milei (La Libertad Avanza) protagonizar\u00e1n la tercera versi\u00f3n del intercambio entre los dos candidatos presidenciales. Las elecciones generales se llevaron a cabo el pasado domingo 22 de octubre y, en el marco de un nuevo balotaje para noviembre, los dos candidatos m\u00e1s votados, Sergio Massa y Javier [&hellip;]<\/p>\n","protected":false},"author":2,"featured_media":9456,"comment_status":"closed","ping_status":"","sticky":false,"template":"","format":"standard","meta":{"footnotes":""},"categories":[12],"tags":[],"_links":{"self":[{"href":"https:\/\/maxradio923.com.ar\/index.php\/wp-json\/wp\/v2\/posts\/9414"}],"collection":[{"href":"https:\/\/maxradio923.com.ar\/index.php\/wp-json\/wp\/v2\/posts"}],"about":[{"href":"https:\/\/maxradio923.com.ar\/index.php\/wp-json\/wp\/v2\/types\/post"}],"author":[{"embeddable":true,"href":"https:\/\/maxradio923.com.ar\/index.php\/wp-json\/wp\/v2\/users\/2"}],"replies":[{"embeddable":true,"href":"https:\/\/maxradio923.com.ar\/index.php\/wp-json\/wp\/v2\/comments?post=9414"}],"version-history":[{"count":1,"href":"https:\/\/maxradio923.com.ar\/index.php\/wp-json\/wp\/v2\/posts\/9414\/revisions"}],"predecessor-version":[{"id":9440,"href":"https:\/\/maxradio923.com.ar\/index.php\/wp-json\/wp\/v2\/posts\/9414\/revisions\/9440"}],"wp:featuredmedia":[{"embeddable":true,"href":"https:\/\/maxradio923.com.ar\/index.php\/wp-json\/wp\/v2\/media\/9456"}],"wp:attachment":[{"href":"https:\/\/maxradio923.com.ar\/index.php\/wp-json\/wp\/v2\/media?parent=9414"}],"wp:term":[{"taxonomy":"category","embeddable":true,"href":"https:\/\/maxradio923.com.ar\/index.php\/wp-json\/wp\/v2\/categories?post=9414"},{"taxonomy":"post_tag","embeddable":true,"href":"https:\/\/maxradio923.com.ar\/index.php\/wp-json\/wp\/v2\/tags?post=9414"}],"curies":[{"name":"wp","href":"https:\/\/api.w.org\/{rel}","templated":true}]}}