{"id":9400,"date":"2023-10-28T10:54:24","date_gmt":"2023-10-28T13:54:24","guid":{"rendered":"https:\/\/maxradio923.com\/index.php\/2023\/10\/28\/el-profesor-de-lengua-de-los-famosos-y-el-podio-de-las-aberraciones-idiomaticas-de-los-politicos\/"},"modified":"2023-10-28T10:54:24","modified_gmt":"2023-10-28T13:54:24","slug":"el-profesor-de-lengua-de-los-famosos-y-el-podio-de-las-aberraciones-idiomaticas-de-los-politicos","status":"publish","type":"post","link":"https:\/\/maxradio923.com.ar\/index.php\/2023\/10\/28\/el-profesor-de-lengua-de-los-famosos-y-el-podio-de-las-aberraciones-idiomaticas-de-los-politicos\/","title":{"rendered":"El profesor de lengua de los famosos y el podio de las aberraciones idiom\u00e1ticas de los pol\u00edticos"},"content":{"rendered":"<ul>\n<li>Esteban Gim\u00e9nez trabaj\u00f3 en radio y TV con Bad\u00eda, Sofovich y Juan Carlos Altavista.<\/li>\n<li>Corrige a cientos de actores y m\u00fasicos y propone &quot;un ombudsman del idioma&quot;.<\/li>\n<\/ul>\n","protected":false},"excerpt":{"rendered":"<p>Esteban Gim\u00e9nez trabaj\u00f3 en radio y TV con Bad\u00eda, Sofovich y Juan Carlos Altavista. Corrige a cientos de actores y m\u00fasicos y propone &quot;un ombudsman del idioma&quot;.<\/p>\n","protected":false},"author":2,"featured_media":9401,"comment_status":"","ping_status":"","sticky":false,"template":"","format":"standard","meta":{"footnotes":""},"categories":[4],"tags":[],"_links":{"self":[{"href":"https:\/\/maxradio923.com.ar\/index.php\/wp-json\/wp\/v2\/posts\/9400"}],"collection":[{"href":"https:\/\/maxradio923.com.ar\/index.php\/wp-json\/wp\/v2\/posts"}],"about":[{"href":"https:\/\/maxradio923.com.ar\/index.php\/wp-json\/wp\/v2\/types\/post"}],"author":[{"embeddable":true,"href":"https:\/\/maxradio923.com.ar\/index.php\/wp-json\/wp\/v2\/users\/2"}],"replies":[{"embeddable":true,"href":"https:\/\/maxradio923.com.ar\/index.php\/wp-json\/wp\/v2\/comments?post=9400"}],"version-history":[{"count":0,"href":"https:\/\/maxradio923.com.ar\/index.php\/wp-json\/wp\/v2\/posts\/9400\/revisions"}],"wp:featuredmedia":[{"embeddable":true,"href":"https:\/\/maxradio923.com.ar\/index.php\/wp-json\/wp\/v2\/media\/9401"}],"wp:attachment":[{"href":"https:\/\/maxradio923.com.ar\/index.php\/wp-json\/wp\/v2\/media?parent=9400"}],"wp:term":[{"taxonomy":"category","embeddable":true,"href":"https:\/\/maxradio923.com.ar\/index.php\/wp-json\/wp\/v2\/categories?post=9400"},{"taxonomy":"post_tag","embeddable":true,"href":"https:\/\/maxradio923.com.ar\/index.php\/wp-json\/wp\/v2\/tags?post=9400"}],"curies":[{"name":"wp","href":"https:\/\/api.w.org\/{rel}","templated":true}]}}