{"id":9275,"date":"2023-10-27T13:34:12","date_gmt":"2023-10-27T16:34:12","guid":{"rendered":"https:\/\/maxradio923.com\/index.php\/2023\/10\/27\/la-daia-pidio-a-carrio-que-no-banalice-la-historia-del-holocausto\/"},"modified":"2023-10-27T17:44:37","modified_gmt":"2023-10-27T20:44:37","slug":"la-daia-pidio-a-carrio-que-no-banalice-la-historia-del-holocausto","status":"publish","type":"post","link":"https:\/\/maxradio923.com.ar\/index.php\/2023\/10\/27\/la-daia-pidio-a-carrio-que-no-banalice-la-historia-del-holocausto\/","title":{"rendered":"La DAIA pidi\u00f3 a Carri\u00f3 que no banalice la historia del Holocausto"},"content":{"rendered":"<p><img decoding=\"async\" src=\"https:\/\/diariod3.com\/inicio\/wp-content\/uploads\/2023\/10\/lilita.jpg\"\/><\/p>\n<p>La Delegaci\u00f3n de Asociaciones Israelitas Argentinas (DAIA) hizo este viernes un \u00abllamado de conciencia a la dirigencia pol\u00edtica\u00bb y asegur\u00f3 que las comparaciones del escenario electoral argentino con el Holocausto \u00abatentan contra la memoria de las v\u00edctimas\u00bb de la Sho\u00e1.<\/p>\n<p>\u00ab<strong>Frente a los dichos de Elisa Carri\u00f3, la DAIA realiza un llamado de conciencia a la dirigencia pol\u00edtica para dejar de lado este tipo de expresiones. Las comparaciones terminol\u00f3gicas realizadas atentan contra la memoria de las v\u00edctimas del r\u00e9gimen nazi\u00bb<\/strong>, indic\u00f3 la DAIA en un comunicado difundido a trav\u00e9s de redes sociales.<\/p>\n<p>La DAIA se refiri\u00f3 a las declaraciones realizadas el pasado mi\u00e9rcoles por la l\u00edder de la Coalici\u00f3n C\u00edvica (CC) al canal La Naci\u00f3n+ donde <strong>compar\u00f3 el genocidio jud\u00edo de la Segunda Guerra Mundial con la decisi\u00f3n a la que se enfrenta la sociedad argentina de elegir entre los candidatos a presidente Sergio Massa y Javier Milei <\/strong>en el balotaje del pr\u00f3ximo 19 de noviembre.<\/p>\n<p>\u00abLa historia de la Sho\u00e1 no puede ser banalizada por nuestra sociedad\u00bb, advirtieron y apelaron a \u00abla responsabilidad social de los actores presentes en nuestra sociedad\u00bb.<\/p>\n<p><strong>\u00abPara que la tragedia que signific\u00f3 la Sho\u00e1 y el r\u00e9gimen del nazismo que la enmarc\u00f3 no sean banalizados y utilizados para dirimir contiendas pol\u00edticas en contextos democr\u00e1ticos que bajo ning\u00fan aspecto se pueden comparar\u00bb<\/strong>, a\u00f1adieron.<\/p>\n<p>En esta misma l\u00ednea, el <strong>Museo del Holocausto de Buenos Aires<\/strong> expres\u00f3 su \u00ab<strong>repudio<\/strong>\u00bb a los dichos de Carri\u00f3 y consider\u00f3 que comparar el proceso electoral con el genocidio jud\u00edo es \u00abbanalizar\u00bb la Sho\u00e1.<\/p>\n<p>\u00abUna elecci\u00f3n democr\u00e1tica es incomparable con las aberrantes condiciones a las que fueron sometidos los jud\u00edos en tiempos de la deportaci\u00f3n a los campos de exterminio\u00bb, se\u00f1alaron desde el Museo del Holocausto en un comunicado.<\/p>\n<p>En sus declaraciones, Carri\u00f3 anticip\u00f3 que la CC va a impugnar el voto y llam\u00f3 a \u00abalejarse del mal\u00bb.<\/p>\n<p>\u00abCuando Hitler llam\u00f3 al comit\u00e9 jud\u00edo para que elija quien iba a la Sho\u00e1 y qui\u00e9n iba al exterminio y qui\u00e9n no, Hannah Arendt en su libro \u2018Eichmann en Jerusal\u00e9n\u2019 dijo: ustedes ten\u00edan otra posibilidad, no ten\u00edan que elegir. Ten\u00edan la posibilidad de no tener posici\u00f3n, como cuando lo terrible viene a la Argentina\u00bb, indic\u00f3 la exdiputada en conversaci\u00f3n telef\u00f3nica con el periodista Jonatan Viale.<\/p>\n<p>En tanto, la comparaci\u00f3n molest\u00f3 al periodista, que este jueves public\u00f3 en la red social X: \u00abUn poquito de respeto. Ac\u00e1 patoteadas, no. Est\u00e1s confundida\u00bb, escribi\u00f3 Viale y advirti\u00f3 que \u00abcomparar a (Javier) Milei con (Adolf) Hitler me parece una banalizaci\u00f3n absoluta de lo que nos pas\u00f3 a los jud\u00edos. Juega en el medio\u00bb, concluy\u00f3 el periodista.<\/p>\n<p>Fuente: T\u00e9lam<br \/>\nOp: Rivero Cecilia<\/p>\n<p>La entrada <a href=\"https:\/\/diariod3.com\/inicio\/la-daia-pidio-a-carrio-que-no-banalice-la-historia-del-holocausto\/\" rel=\"noreferrer noopener\" target=\"_blank\">La DAIA pidi\u00f3 a Carri\u00f3 que no banalice la historia del Holocausto<\/a> se public\u00f3 primero en <a href=\"https:\/\/diariod3.com\/inicio\" rel=\"noreferrer noopener\" target=\"_blank\">DIARIO D3 NOTICIAS<\/a>.<\/p>\n","protected":false},"excerpt":{"rendered":"<p>La Delegaci\u00f3n de Asociaciones Israelitas Argentinas (DAIA) hizo este viernes un \u00abllamado de conciencia a la dirigencia pol\u00edtica\u00bb y asegur\u00f3 que las comparaciones del escenario electoral argentino con el Holocausto \u00abatentan contra la memoria de las v\u00edctimas\u00bb de la Sho\u00e1. \u00abFrente a los dichos de Elisa Carri\u00f3, la DAIA realiza un llamado de conciencia a [&hellip;]<\/p>\n","protected":false},"author":2,"featured_media":9294,"comment_status":"closed","ping_status":"","sticky":false,"template":"","format":"standard","meta":{"footnotes":""},"categories":[12],"tags":[],"_links":{"self":[{"href":"https:\/\/maxradio923.com.ar\/index.php\/wp-json\/wp\/v2\/posts\/9275"}],"collection":[{"href":"https:\/\/maxradio923.com.ar\/index.php\/wp-json\/wp\/v2\/posts"}],"about":[{"href":"https:\/\/maxradio923.com.ar\/index.php\/wp-json\/wp\/v2\/types\/post"}],"author":[{"embeddable":true,"href":"https:\/\/maxradio923.com.ar\/index.php\/wp-json\/wp\/v2\/users\/2"}],"replies":[{"embeddable":true,"href":"https:\/\/maxradio923.com.ar\/index.php\/wp-json\/wp\/v2\/comments?post=9275"}],"version-history":[{"count":1,"href":"https:\/\/maxradio923.com.ar\/index.php\/wp-json\/wp\/v2\/posts\/9275\/revisions"}],"predecessor-version":[{"id":9291,"href":"https:\/\/maxradio923.com.ar\/index.php\/wp-json\/wp\/v2\/posts\/9275\/revisions\/9291"}],"wp:featuredmedia":[{"embeddable":true,"href":"https:\/\/maxradio923.com.ar\/index.php\/wp-json\/wp\/v2\/media\/9294"}],"wp:attachment":[{"href":"https:\/\/maxradio923.com.ar\/index.php\/wp-json\/wp\/v2\/media?parent=9275"}],"wp:term":[{"taxonomy":"category","embeddable":true,"href":"https:\/\/maxradio923.com.ar\/index.php\/wp-json\/wp\/v2\/categories?post=9275"},{"taxonomy":"post_tag","embeddable":true,"href":"https:\/\/maxradio923.com.ar\/index.php\/wp-json\/wp\/v2\/tags?post=9275"}],"curies":[{"name":"wp","href":"https:\/\/api.w.org\/{rel}","templated":true}]}}