{"id":9261,"date":"2023-10-27T11:34:07","date_gmt":"2023-10-27T14:34:07","guid":{"rendered":"https:\/\/maxradio923.com\/index.php\/2023\/10\/27\/la-noche-de-furia-de-milei-quejas-por-los-murmullos-en-tv-lagrimas-por-carrio-y-una-polemica-frase-sobre-bullrich\/"},"modified":"2023-10-27T11:34:07","modified_gmt":"2023-10-27T14:34:07","slug":"la-noche-de-furia-de-milei-quejas-por-los-murmullos-en-tv-lagrimas-por-carrio-y-una-polemica-frase-sobre-bullrich","status":"publish","type":"post","link":"https:\/\/maxradio923.com.ar\/index.php\/2023\/10\/27\/la-noche-de-furia-de-milei-quejas-por-los-murmullos-en-tv-lagrimas-por-carrio-y-una-polemica-frase-sobre-bullrich\/","title":{"rendered":"La noche de furia de Milei: quejas por los murmullos en TV, l\u00e1grimas por Carri\u00f3 y una pol\u00e9mica frase sobre Bullrich"},"content":{"rendered":"<p><img decoding=\"async\" src=\"https:\/\/diariod3.com\/inicio\/wp-content\/uploads\/2023\/10\/milei2.jpg\"\/><\/p>\n<figure>\n<\/figure>\n<p>Javier Milei vivi\u00f3 una aut\u00e9ntica noche de furia. Mientras que el arco opositor se rearma (o desarma) despu\u00e9s de las elecciones generales, el economista libertario se mostr\u00f3 muy inc\u00f3modo durante una entrevista televisiva y dej\u00f3 una serie de definiciones m\u00e1s que controversiales. Pas\u00f3 de agredir a los trabajadores por, supuestamente, hacer mucho \u201cbullicio\u201d, llor\u00f3 ante las cr\u00edticas de Elisa Carri\u00f3 y, en el sumun de una par\u00e1bola narrativa, asegur\u00f3 que \u201cest\u00e1 en el medio de las s\u00e1banas\u201d de Patricia Bullrich.<\/p>\n<p>El momento que m\u00e1s destac\u00f3 de todo la entrevista que le hizo el periodista Esteban Trebucq fue cuando Milei hizo referencia al acuerdo con Patricia Bullrich y se refiri\u00f3 al meme que public\u00f3 en las redes sociales tras la conferencia de prensa de la presidenta del PRO. All\u00ed se ve al dibujo de un le\u00f3n abrazado a un pato.<\/p>\n<p>\u201c\u00bfAlguien vio las m\u00e9tricas de ese tweet? Tiene m\u00e1s de 250 mil likes. Tiene casi 16 millones de impresiones. Solo en mi cuenta de Instagram el posteo tiene 1 mill\u00f3n de likes. \u00a1Ey! Lo que quiero decir es, as\u00ed como hay un salame o tres salame (sic) opinando desde una computadora, \u00bfsabes qu\u00e9? Mientras que esos miran a la se\u00f1orita por Internet, yo estoy en el medio de sus s\u00e1banas\u201d, dijo para referirse al acuerdo con \u201cla se\u00f1ora Bullrich\u201d.<\/p>\n<p>El lamentable episodio discursivo sigui\u00f3 de inmediato con una aut\u00e9ntica revelaci\u00f3n sobre su relaci\u00f3n con la imitadora F\u00e1tima Florez. \u201cDada la belleza de mi novia y mi amad\u00edsima Florez, adem\u00e1s, es una de las mujeres m\u00e1s deseadas de Argentina, porque es superlativamente hermosa. A veces me pregunto si no se habr\u00e1 equivocado\u201d, sostuvo el candidato presidencial en plena recta final electoral.<\/p>\n<h2>Otra vez, la agresi\u00f3n a los trabajadores<\/h2>\n<p>En su noche para el olvido, Javier Milei volvi\u00f3 a agredir a los trabajadores de prensa. Tal como lo hizo hace apenas unas semanas en una conferencia, donde fren\u00f3 su discurso para atacar a un movilero que estaba en vivo, esta vez se qued\u00f3 del bullicio que hac\u00edan supuestamente los trabajadores en un tono muy violento.<\/p>\n<p>\u201c\u00bfPodemos pedir que termine el murmullo detr\u00e1s de c\u00e1mara?\u201d, comenz\u00f3 increpando el libertario. Y sigui\u00f3, desencajado y visiblemente nervioso: \u201cPorque es muy dif\u00edcil hablar con tanta gente hablando. Son temas muy delicados y veo que no cesan de hablar a pesar de mis cambios de tono para ped\u00edrselos de manera impl\u00edcita\u201d, dijo, sorpresivamente, en el medio de la entrevista.<\/p>\n<p>Luego, a\u00f1adi\u00f3: \u201cConvengamos que estamos con un nivel de bullicio no convencional para temas tan complejos como los que estamos hablando y si yo le erro, a m\u00ed me destrozan p\u00fablicamente \u2013 dijo cambiando el tono \u2013 y nadie va a decir que atr\u00e1s hab\u00eda un murmullo que me estaba matando. Veo gente que desde que inicie est\u00e1 hablando. Y es muy dif\u00edcil temas tan complejos con murmullo en el o\u00eddo. Y va la vida de 47 millones en esto\u201d.<\/p>\n<p>Lo que es muy llamativo es que, tal como qued\u00f3 reflejado en videos publicados en las redes sociales, el estudio estaba pr\u00e1cticamente vac\u00edo durante la entrevista.<\/p>\n<p>Como si algo le faltara a la noche, al terminar la entrevista, Milei se mostr\u00f3 desconcertado y sin saber por d\u00f3nde salir. Esto a pesar de que, tal como se vio en redes sociales, es un estudio al que fue en muchas ocasiones.<\/p>\n<h2>El llanto de Javier Milei<\/h2>\n<p>Incluso la noche de furia tuvo llanto. Fue cuando le preguntaron por las cr\u00edticas de Elisa Carri\u00f3 y por qu\u00e9 mucha gente lo cataloga como alguien \u201cnazi\u201d. Entre l\u00e1grimas, Milei, que est\u00e1 acostumbrado a agredir a cualquier persona que no piense como \u00e9l, asegur\u00f3 que \u201cla situaci\u00f3n es tan horrible que ni siquiera corresponde\u201d, una frase que qued\u00f3 inconclusa, pero se puede intuir que hac\u00eda referencia a una posible respuesta a la referente de la Coalici\u00f3n C\u00edvica.<\/p>\n<p>\u201cEsa situaci\u00f3n es tan horrible que ya no, no, ni siquiera corresponde. Es muy doloroso. Digamos. Cuando vos vas al museo (del Holocausto) ver el horror que fue eso que no, no. Debo estar equivocado en algo que hago (si me dicen eso). No lo s\u00e9. Pero deber\u00e9 tratar de entender por qu\u00e9 me acusan de algo tan aberrante. Hay tanta gente que me hace esa acusaci\u00f3n, debe haber algo en lo que me tengo que estar equivocando. Yo no creo sea autoritario, pero es una opini\u00f3n\u201d, sostuvo Milei como quien intenta mostrarse arrepentido sin mucho \u00e9xito.<\/p>\n<h2>M\u00e1s y m\u00e1s agresiones a la UCR<\/h2>\n<p>Minutos antes del llanto, que dur\u00f3 apenas unos segundos, Javier Milei no se mostraba muy arrepentido y arremeti\u00f3, una vez m\u00e1s, contra los referentes de la Uni\u00f3n C\u00edvica Radical, a quienes lejos de intentar convencer para contar con su apoyo en el balotaje, volvi\u00f3 a llamar \u201ctraidores\u201d.<\/p>\n<p>\u201cEl salto al vac\u00edo son ellos. En especial los tibios. El peor del lugar de los infiernos est\u00e1 reservado para los que mantienen la neutralidad en los momentos de cuestiones verdaderamente inmorales\u201d, dijo con una nueva met\u00e1fora sobre la religi\u00f3n y el infierno.<\/p>\n<p>Es m\u00e1s, Milei defendi\u00f3 que durante el acto de cierre de campa\u00f1a sus fan\u00e1ticos cantaran en contra de los radicales: \u201c\u00bfCu\u00e1l es el problema de que hab\u00eda 15 mil personas que desbordaban de alegr\u00eda? \u00bfCu\u00e1l es el da\u00f1o que hicimos? La l\u00ednea buena del radicalismo fue desplazada por la de Yrigoyen y Alfons\u00edn, que es la que nos trajo la hiperinflaci\u00f3n, la que impuls\u00f3 la social democracia que nos hunde y hace que este pa\u00eds sea miserable. No son muy distintos a los kirchneristas\u201d.<\/p>\n<h2>Una reflexi\u00f3n final<\/h2>\n<p>Finalmente, Javier Mieli habl\u00f3 sobre la elecci\u00f3n actual y dej\u00f3 una afirmaci\u00f3n picando que habilita indagar en el por qu\u00e9 del razonamiento. Es decir, por qu\u00e9 ser\u00e1 que nunca en el \u201cregistro hist\u00f3rico a nivel internacional\u201d una persona con sus ideas sac\u00f3 tanta cantidad de votos.<\/p>\n<p>\u201cNo solo que es la cantidad de votos m\u00e1s grandes que sac\u00f3 el liberalismo en la historia, en el siglo XX. Que adem\u00e1s esto se logr\u00f3 en dos a\u00f1os (sic). Sino que no hay registro hist\u00f3rico a nivel internacional que un liberal libertario autodeclarado p\u00fablicamente y que va y hace campa\u00f1a manifestando sus ideas abiertamente (logre tal caudal de votos), no existe registro hist\u00f3rico a nivel mundial\u201d, concluy\u00f3.<\/p>\n<p>Fuente: P\u00e1gina 12<\/p>\n<p>Op: Rivero Cecilia<\/p>\n<p>La entrada <a href=\"https:\/\/diariod3.com\/inicio\/la-noche-de-furia-de-milei-quejas-por-los-murmullos-en-tv-lagrimas-por-carrio-y-una-polemica-frase-sobre-bullrich\/\" rel=\"noreferrer noopener\" target=\"_blank\">La noche de furia de Milei: quejas por los murmullos en TV, l\u00e1grimas por Carri\u00f3 y una pol\u00e9mica frase sobre Bullrich<\/a> se public\u00f3 primero en <a href=\"https:\/\/diariod3.com\/inicio\" rel=\"noreferrer noopener\" target=\"_blank\">DIARIO D3 NOTICIAS<\/a>.<\/p>\n","protected":false},"excerpt":{"rendered":"<p>Javier Milei vivi\u00f3 una aut\u00e9ntica noche de furia. Mientras que el arco opositor se rearma (o desarma) despu\u00e9s de las elecciones generales, el economista libertario se mostr\u00f3 muy inc\u00f3modo durante una entrevista televisiva y dej\u00f3 una serie de definiciones m\u00e1s que controversiales. Pas\u00f3 de agredir a los trabajadores por, supuestamente, hacer mucho \u201cbullicio\u201d, llor\u00f3 ante [&hellip;]<\/p>\n","protected":false},"author":2,"featured_media":9262,"comment_status":"","ping_status":"","sticky":false,"template":"","format":"standard","meta":{"footnotes":""},"categories":[12],"tags":[],"_links":{"self":[{"href":"https:\/\/maxradio923.com.ar\/index.php\/wp-json\/wp\/v2\/posts\/9261"}],"collection":[{"href":"https:\/\/maxradio923.com.ar\/index.php\/wp-json\/wp\/v2\/posts"}],"about":[{"href":"https:\/\/maxradio923.com.ar\/index.php\/wp-json\/wp\/v2\/types\/post"}],"author":[{"embeddable":true,"href":"https:\/\/maxradio923.com.ar\/index.php\/wp-json\/wp\/v2\/users\/2"}],"replies":[{"embeddable":true,"href":"https:\/\/maxradio923.com.ar\/index.php\/wp-json\/wp\/v2\/comments?post=9261"}],"version-history":[{"count":0,"href":"https:\/\/maxradio923.com.ar\/index.php\/wp-json\/wp\/v2\/posts\/9261\/revisions"}],"wp:featuredmedia":[{"embeddable":true,"href":"https:\/\/maxradio923.com.ar\/index.php\/wp-json\/wp\/v2\/media\/9262"}],"wp:attachment":[{"href":"https:\/\/maxradio923.com.ar\/index.php\/wp-json\/wp\/v2\/media?parent=9261"}],"wp:term":[{"taxonomy":"category","embeddable":true,"href":"https:\/\/maxradio923.com.ar\/index.php\/wp-json\/wp\/v2\/categories?post=9261"},{"taxonomy":"post_tag","embeddable":true,"href":"https:\/\/maxradio923.com.ar\/index.php\/wp-json\/wp\/v2\/tags?post=9261"}],"curies":[{"name":"wp","href":"https:\/\/api.w.org\/{rel}","templated":true}]}}