{"id":9211,"date":"2023-10-27T01:04:17","date_gmt":"2023-10-27T04:04:17","guid":{"rendered":"https:\/\/maxradio923.com\/index.php\/2023\/10\/27\/javier-milei-de-cara-al-balotaje-el-infierno-esta-reservado-para-los-neutrales\/"},"modified":"2023-10-27T09:25:08","modified_gmt":"2023-10-27T12:25:08","slug":"javier-milei-de-cara-al-balotaje-el-infierno-esta-reservado-para-los-neutrales","status":"publish","type":"post","link":"https:\/\/maxradio923.com.ar\/index.php\/2023\/10\/27\/javier-milei-de-cara-al-balotaje-el-infierno-esta-reservado-para-los-neutrales\/","title":{"rendered":"Javier Milei, de cara al balotaje: \u00abEl infierno est\u00e1 reservado para los neutrales\u00bb"},"content":{"rendered":"<p><img decoding=\"async\" src=\"https:\/\/diariod3.com\/inicio\/wp-content\/uploads\/2023\/10\/milei-najpg.jpg\"\/><\/p>\n<h2>El candidato de La Libertad Avanza apunt\u00f3 contra los radicales que se declararon neutrales. \u00abSon traidores, ya se fueron con Massa\u00bb, dijo.<\/h2>\n<figure><img decoding=\"async\" src=\"https:\/\/media.ambito.com\/p\/995d394b57b17028d8d05a7aca4eb602\/adjuntos\/239\/imagenes\/041\/064\/0041064165\/milei-najpg.jpg\" alt=\"Javier Milei volvi\u00f3 a apuntar contra los radicales.&nbsp;\"\/><figcaption>\n<p>Javier Milei volvi\u00f3 a apuntar contra los radicales.<\/p>\n<p>NA<\/p>\n<\/figcaption><\/figure>\n<p>El candidato de La Libertad Avanza, Javier Milei, apunt\u00f3 esta noche contra los miembros de la Uni\u00f3n C\u00edvica Radical que manifestaron su neutralidad de cara al balotaje del 19 de noviembre. <strong>\u00abEl peor lugar del infierno est\u00e1 reservado para quienes mantienen la neutralidad\u00bb,<\/strong> lanz\u00f3.<\/p>\n<p>\u00abLos que ahora se declaran neutrales son traidores. Los radicales ya se fueron con Massa, siempre fueron de Massa. Se unieron a Juntos por el Cambio para buscar un cargo\u00bb, indic\u00f3 en una entrevista en A24.<\/p>\n<p>El libertario, que ayer sum\u00f3 a Patricia Bullrich a su armado tras una reuni\u00f3n mantenida con el expresidente, Mauricio Macri, se mostr\u00f3 nervioso durante la charla y hasta pidi\u00f3 silencio a los que estaban detr\u00e1s de c\u00e1mara. \u00abHay un murmullo que me est\u00e1 matando, despu\u00e9s digo algo incorrecto y me matan. No son temas f\u00e1ciles y en ellos se va la vida de 45 millones de argentinos\u00bb, explic\u00f3.<\/p>\n<p>Respecto a la nueva alianza con Macri y Bullrich, Milei neg\u00f3 que haya tenido que someterse a condicionamientos. <strong>\u00abNadie me pidi\u00f3 nada\u00bb,<\/strong> dijo y neg\u00f3 rotundamente que vaya a bajar su propuesta de <strong>dolarizar la econom\u00eda<\/strong>. \u00abEso no lo voy a negociar, tampoco terminar con el Banco Central\u00bb, analiz\u00f3.<\/p>\n<p>S\u00ed reconoci\u00f3 que probablemente pida la ayuda de los l\u00edderes del PRO<strong> para garantizar la fiscalizaci\u00f3n en la segunda vuelta<\/strong>, algo que m\u00e1s temprano hab\u00eda anticipado el excandidato a vicepresidente de Bullrich, Luis Petri.<\/p>\n<h2>\u00bfA qui\u00e9nes podr\u00eda sumar Milei a su equipo econ\u00f3mico?<\/h2>\n<p><strong>\u00c1mbito<\/strong> anticip\u00f3 esta tarde que parte de las negociaciones entre Macri y Milei incluyeron aportar funcionarios a un eventual gobierno del libertario. Entre los nombres que circularon figura el de <strong>Federico Sturzenegger, Germ\u00e1n Garavano<\/strong> y <strong>Guido Sandleris<\/strong>, todos funcionarios del gobierno macrista.<\/p>\n<p>Si bien Milei neg\u00f3 que la propuesta haya estado en la mesa de negociaciones, no escatim\u00f3 elogios para los economistas amarillos.<\/p>\n<p><strong>\u00abDurante el gobierno de Macri tuvimos al mejor presidente del Banco Central de la historia, c\u00f3mo no voy a convocar a semejante coloso\u00bb<\/strong>, dijo sobre <strong>Sturzenegger<\/strong>, a quien s\u00f3lo critic\u00f3 por ser hincha de Gimnasia y Esgrima de La Plata. Adem\u00e1s, reconoci\u00f3 que podr\u00eda sumar a Sandleris -tambi\u00e9n extitular del BCRA durante el macrismo- y que simpatizaba con el economista, <strong>Daniel Artana.<\/strong><\/p>\n<p>Sin embargo, descart\u00f3 que <strong>Carlos Melconian<\/strong>, el elegido por Patricia Bullrich para su cartera econ\u00f3mica, y <strong>Nicol\u00e1s Dujovne<\/strong> pudiesen ser de la partida. \u00abNo creo que Melconian est\u00e9 en condiciones de sumarse\u00bb, consider\u00f3 sobre el presidente de Fundaci\u00f3n Mediterr\u00e1nea y agreg\u00f3 que<strong> Dujovne, por su parte, \u00abno cumpli\u00f3 con el rol que deb\u00eda cumplir\u00bb<\/strong>, cuando fue ministro de Econom\u00eda de Macri entre enero de 2017 y agosto de 2019.<\/p>\n<p>La entrada <a href=\"https:\/\/diariod3.com\/inicio\/javier-milei-de-cara-al-balotaje-el-infierno-esta-reservado-para-los-neutrales\/\" rel=\"noreferrer noopener\" target=\"_blank\">Javier Milei, de cara al balotaje: \u00abEl infierno est\u00e1 reservado para los neutrales\u00bb<\/a> se public\u00f3 primero en <a href=\"https:\/\/diariod3.com\/inicio\" rel=\"noreferrer noopener\" target=\"_blank\">DIARIO D3 NOTICIAS<\/a>.<\/p>\n","protected":false},"excerpt":{"rendered":"<p>El candidato de La Libertad Avanza apunt\u00f3 contra los radicales que se declararon neutrales. \u00abSon traidores, ya se fueron con Massa\u00bb, dijo. Javier Milei volvi\u00f3 a apuntar contra los radicales. NA El candidato de La Libertad Avanza, Javier Milei, apunt\u00f3 esta noche contra los miembros de la Uni\u00f3n C\u00edvica Radical que manifestaron su neutralidad de [&hellip;]<\/p>\n","protected":false},"author":2,"featured_media":9241,"comment_status":"closed","ping_status":"","sticky":false,"template":"","format":"standard","meta":{"footnotes":""},"categories":[12],"tags":[],"_links":{"self":[{"href":"https:\/\/maxradio923.com.ar\/index.php\/wp-json\/wp\/v2\/posts\/9211"}],"collection":[{"href":"https:\/\/maxradio923.com.ar\/index.php\/wp-json\/wp\/v2\/posts"}],"about":[{"href":"https:\/\/maxradio923.com.ar\/index.php\/wp-json\/wp\/v2\/types\/post"}],"author":[{"embeddable":true,"href":"https:\/\/maxradio923.com.ar\/index.php\/wp-json\/wp\/v2\/users\/2"}],"replies":[{"embeddable":true,"href":"https:\/\/maxradio923.com.ar\/index.php\/wp-json\/wp\/v2\/comments?post=9211"}],"version-history":[{"count":1,"href":"https:\/\/maxradio923.com.ar\/index.php\/wp-json\/wp\/v2\/posts\/9211\/revisions"}],"predecessor-version":[{"id":9229,"href":"https:\/\/maxradio923.com.ar\/index.php\/wp-json\/wp\/v2\/posts\/9211\/revisions\/9229"}],"wp:featuredmedia":[{"embeddable":true,"href":"https:\/\/maxradio923.com.ar\/index.php\/wp-json\/wp\/v2\/media\/9241"}],"wp:attachment":[{"href":"https:\/\/maxradio923.com.ar\/index.php\/wp-json\/wp\/v2\/media?parent=9211"}],"wp:term":[{"taxonomy":"category","embeddable":true,"href":"https:\/\/maxradio923.com.ar\/index.php\/wp-json\/wp\/v2\/categories?post=9211"},{"taxonomy":"post_tag","embeddable":true,"href":"https:\/\/maxradio923.com.ar\/index.php\/wp-json\/wp\/v2\/tags?post=9211"}],"curies":[{"name":"wp","href":"https:\/\/api.w.org\/{rel}","templated":true}]}}