{"id":9147,"date":"2023-10-26T18:44:09","date_gmt":"2023-10-26T21:44:09","guid":{"rendered":"https:\/\/maxradio923.com\/index.php\/2023\/10\/26\/bullrich-hablo-de-su-legitimacion-en-jxc-y-que-el-apoyo-a-milei-tomara-volumen\/"},"modified":"2023-10-26T18:44:09","modified_gmt":"2023-10-26T21:44:09","slug":"bullrich-hablo-de-su-legitimacion-en-jxc-y-que-el-apoyo-a-milei-tomara-volumen","status":"publish","type":"post","link":"https:\/\/maxradio923.com.ar\/index.php\/2023\/10\/26\/bullrich-hablo-de-su-legitimacion-en-jxc-y-que-el-apoyo-a-milei-tomara-volumen\/","title":{"rendered":"Bullrich habl\u00f3 de su legitimaci\u00f3n en JxC y que el apoyo a Milei tomar\u00e1 volumen"},"content":{"rendered":"<p><img decoding=\"async\" src=\"https:\/\/diariod3.com\/inicio\/wp-content\/uploads\/2023\/10\/WhatsApp-Image-2023-10-26-at-8.35.45-AM.jpeg\"\/><\/p>\n<h2>La referente del PRO consider\u00f3 que tras ganar la interna con Petri, \u00absomos los m\u00e1s representativos\u00bb.<\/h2>\n<p>La titular del PRO y excandidata presidencial de Juntos por el Cambio (JxC), Patricia Bullrich, consider\u00f3 hoy que tras haber ganado la interna junto con su compa\u00f1ero de f\u00f3rmula Luis Petri \u00absomos los m\u00e1s representativos\u00bb de la coalici\u00f3n y asegur\u00f3 que su apoyo al libertario Javier Milei para el balotaje \u00abva a tomar un volumen pol\u00edtico m\u00e1s grande\u00bb en los pr\u00f3ximos d\u00edas.<\/p>\n<p>En una entrevista para TN, luego de haber expresado p\u00fablicamente este mediod\u00eda su apoyo a Milei en el balotaje contra el candidato oficialista Sergio Massa, la titular del PRO se\u00f1al\u00f3 que junto a Petri \u00abganamos unas PASO, de alguna manera somos los m\u00e1s representativos de JxC, nos legitimamos\u00bb.<\/p>\n<p>\u00abLa Libertad Avanza sac\u00f3 m\u00e1s votos que nosotros. Lo que hicimos fue poner el objetivo fundamental que creemos que el pa\u00eds necesita, que es que haya un cambio profundo, que sea un cambio de matriz econ\u00f3mica, social, de nivel de vida, de progreso en Argentina. Y para eso elegimos estar con la parte del cambio que m\u00e1s voto sacaron\u00bb, continu\u00f3.<\/p>\n<p>Y marc\u00f3 que \u00abcon esa representaci\u00f3n, que me la dio la gente, no el partido, tomamos una decisi\u00f3n que es no al continuismo, no al kirchnerismo\u00bb.<\/p>\n<p>\u00abEs una decisi\u00f3n que cada d\u00eda va a tomar un volumen pol\u00edtico m\u00e1s grande, la cantidad de dirigentes, diputados, senadores, gobernadores que llamaron para poder tener una conversaci\u00f3n para trabajar por el cambio\u00bb, anticip\u00f3.<\/p>\n<p>Aunque advirti\u00f3 que \u00ablo nuestro es apoyar, no es un gobierno de coalici\u00f3n, es una cuesti\u00f3n de principios\u00bb y se\u00f1al\u00f3 que \u00abno se habl\u00f3\u00bb de integrar un gobierno junto con Milei.<\/p>\n<p>\u00abLa cantidad de dirigentes y de votantes de JxC que van a estar en el cambio le puedo decir que van a ser todos. Cada uno va a ir tom\u00e1ndose sus tiempos. Yo jugu\u00e9 unas PASO contra muchos dirigentes y gan\u00e9, as\u00ed que me tengo confianza\u00bb, ratific\u00f3.<\/p>\n<p>Bullrich se encontr\u00f3 anoche con Milei en la casa del expresidente Macri y confi\u00f3 que all\u00ed se ofrecieron disculpas luego de varios cruces que tuvieron en la campa\u00f1a electoral, entre ellos, una acusaci\u00f3n del libertario que la hab\u00eda tratado de \u00abmontonera asesina tira bombas\u00bb y que hab\u00eda derivado en una denuncia de la exministra de Seguridad.<\/p>\n<p>Consultada sobre la denuncia, Bullrich confi\u00f3: \u00abAyer lo hablamos de manera privada, bien a fondo y uno es capaz de perdonar\u00bb.<\/p>\n<p>La expostulante presidencial se refiri\u00f3 tambi\u00e9n al abrazo que se dio con Milei en la previa a su entrevista en el estudio de TN, que sell\u00f3 su reconciliaci\u00f3n: \u00abComo hacen los l\u00edderes yo record\u00e9 el abrazo Per\u00f3n y Balb\u00edn, Per\u00f3n lo meti\u00f3 preso a Balb\u00edn. Sin embargo, en determinado momento hubo una reconciliaci\u00f3n y fue uno de los abrazos que pas\u00f3 a la historia porque las personas por el bien de la patria deben dejar de lado insultos, malos momentos y trabajar en pos del objetivo que quieren\u00bb. \u00abLa reconciliaci\u00f3n y el abrazo es por la gente\u00bb, concluy\u00f3.<\/p>\n<p>Por: Graciela Herrera<\/p>\n<p>La entrada <a href=\"https:\/\/diariod3.com\/inicio\/bullrich-hablo-de-su-legitimacion-en-jxc-y-que-el-apoyo-a-milei-tomara-volumen\/\" rel=\"noreferrer noopener\" target=\"_blank\">Bullrich habl\u00f3 de su legitimaci\u00f3n en JxC y que el apoyo a Milei tomar\u00e1 volumen<\/a> se public\u00f3 primero en <a href=\"https:\/\/diariod3.com\/inicio\" rel=\"noreferrer noopener\" target=\"_blank\">DIARIO D3 NOTICIAS<\/a>.<\/p>\n","protected":false},"excerpt":{"rendered":"<p>La referente del PRO consider\u00f3 que tras ganar la interna con Petri, \u00absomos los m\u00e1s representativos\u00bb. La titular del PRO y excandidata presidencial de Juntos por el Cambio (JxC), Patricia Bullrich, consider\u00f3 hoy que tras haber ganado la interna junto con su compa\u00f1ero de f\u00f3rmula Luis Petri \u00absomos los m\u00e1s representativos\u00bb de la coalici\u00f3n y [&hellip;]<\/p>\n","protected":false},"author":2,"featured_media":9148,"comment_status":"","ping_status":"","sticky":false,"template":"","format":"standard","meta":{"footnotes":""},"categories":[12],"tags":[],"_links":{"self":[{"href":"https:\/\/maxradio923.com.ar\/index.php\/wp-json\/wp\/v2\/posts\/9147"}],"collection":[{"href":"https:\/\/maxradio923.com.ar\/index.php\/wp-json\/wp\/v2\/posts"}],"about":[{"href":"https:\/\/maxradio923.com.ar\/index.php\/wp-json\/wp\/v2\/types\/post"}],"author":[{"embeddable":true,"href":"https:\/\/maxradio923.com.ar\/index.php\/wp-json\/wp\/v2\/users\/2"}],"replies":[{"embeddable":true,"href":"https:\/\/maxradio923.com.ar\/index.php\/wp-json\/wp\/v2\/comments?post=9147"}],"version-history":[{"count":0,"href":"https:\/\/maxradio923.com.ar\/index.php\/wp-json\/wp\/v2\/posts\/9147\/revisions"}],"wp:featuredmedia":[{"embeddable":true,"href":"https:\/\/maxradio923.com.ar\/index.php\/wp-json\/wp\/v2\/media\/9148"}],"wp:attachment":[{"href":"https:\/\/maxradio923.com.ar\/index.php\/wp-json\/wp\/v2\/media?parent=9147"}],"wp:term":[{"taxonomy":"category","embeddable":true,"href":"https:\/\/maxradio923.com.ar\/index.php\/wp-json\/wp\/v2\/categories?post=9147"},{"taxonomy":"post_tag","embeddable":true,"href":"https:\/\/maxradio923.com.ar\/index.php\/wp-json\/wp\/v2\/tags?post=9147"}],"curies":[{"name":"wp","href":"https:\/\/api.w.org\/{rel}","templated":true}]}}