{"id":91366,"date":"2026-09-05T17:46:03","date_gmt":"2026-09-05T20:46:03","guid":{"rendered":"https:\/\/maxradio923.com.ar\/index.php\/2026\/09\/05\/murio-ricardo-oveja-stec-historico-percusionista-de-los-palmeras\/"},"modified":"2026-09-05T17:46:03","modified_gmt":"2026-09-05T20:46:03","slug":"murio-ricardo-oveja-stec-historico-percusionista-de-los-palmeras","status":"publish","type":"post","link":"https:\/\/maxradio923.com.ar\/index.php\/2026\/09\/05\/murio-ricardo-oveja-stec-historico-percusionista-de-los-palmeras\/","title":{"rendered":"Muri\u00f3 Ricardo \u201cOveja\u201d Stec, hist\u00f3rico percusionista de Los Palmeras"},"content":{"rendered":"<p><\/p>\n<div>\n<p class=\"com-paragraph --s text-left\">\u201cHoy nos toca despedir a otro de nuestros hist\u00f3ricos miembros. Gracias por tantos momentos compartidos y toda tu m\u00fasica. Que en paz descanses querido amigo<strong> Ricardo \u2018Oveja\u2019 Stec<\/strong>. Te saludan hoy y siempre tus amigos Los Palmeras\u201d. Con estas palabras en redes sociales el grupo santafesino despidi\u00f3 a uno de sus integrantes hist\u00f3ricos, quien falleci\u00f3 el 2 de septiembre \u00faltimo, a los 66 a\u00f1os.<\/p>\n<p class=\"com-paragraph --s\">Si bien pas\u00f3 por las filas de Los Palmeras durante solo cuatro a\u00f1os (entre 1988 y 1992) su aporte a la m\u00fasica tropical santafesina no tiene soslayo en el ambiente. <\/p>\n<p class=\"com-paragraph --s\">De ah\u00ed que se considere que, desde el \u00faltimo mi\u00e9rcoles, d\u00eda de su fallecimiento, la cumbia santafesina est\u00e1 de luto. Stec siempre estuvo detr\u00e1s de las tumbadoras, no solo de la banda que desde hace tiempo es una especie de estandarte de ese g\u00e9nero, dentro y fuera de la Argentina.<\/p>\n<p class=\"com-paragraph --s\">Stec particip\u00f3 en grabaciones o como parte de distintos conjuntos, desde principios de la d\u00e9cada del ochenta: Yuli y Los Girasoles, Los Crisoles, Los Libres, Los Lamas, Los S\u00faper de Santa Fe y RMG, entre otros. Con Los del Boh\u00edo, por ejemplo, grab\u00f3 <em>Los preferidos del ritmo caliente<\/em>. \u201cHoy se va un pedazo de aquella historia. Quedan su alegr\u00eda, su m\u00fasica, las an\u00e9cdotas y el recuerdo de quienes tuvimos la suerte de conocerlo\u201d, publicaron Los del Boh\u00edo, para despedirlo. <\/p>\n<p><iframe loading=\"lazy\" title=\"Los Super de Santa Fe - Quiero amanecer contigo\" width=\"1170\" height=\"658\" src=\"https:\/\/www.youtube.com\/embed\/azGQVj2TJBM?wmode=transparent&amp;rel=0&amp;feature=oembed\" frameborder=\"0\" allow=\"accelerometer; autoplay; clipboard-write; encrypted-media; gyroscope; picture-in-picture; web-share\" referrerpolicy=\"strict-origin-when-cross-origin\" allowfullscreen><\/iframe><\/p>\n<p class=\"com-paragraph --s\">Entre finales de los ochenta y principios de los noventa fue parte de una etapa de consolidaci\u00f3n de Los Palmeras. Junto a grupo fundado por Rub\u00e9n \u201cCacho\u201d Deicas y Marcos Camino grab\u00f3 cinco \u00e1lbumes del conjunto: <em>Loquito por ti <\/em>(1988) <em>Sus amigos<\/em> (1989) <em>Rumor de cumbia<\/em> (1990) <em>Chiquita pero buena <\/em>(1990) y <em>Boquita azucarada <\/em>(1991).<\/p>\n<p class=\"com-paragraph --s\">Stec no solo se gan\u00f3 la vida como m\u00fasico, tambi\u00e9n fue chofer de colectivos. <\/p>\n<section class=\"container-center-100 mb-40 border border-bottom border-thin border-neutral-light-700\">\n<hr\/>\n<\/section>\n<\/div>\n<p><script id=\"facebookpixel\" defer=\"\" type=\"text\/javascript\">\n        !function(f,b,e,v,n,t,s)\n        {if(f.fbq)return;n=f.fbq=function(){n.callMethod?\n        n.callMethod.apply(n,arguments):n.queue.push(arguments)};\n        if(!f._fbq)f._fbq=n;n.push=n;n.loaded=!0;n.version='2.0';\n        n.queue=[];t=b.createElement(e);t.async=!0;\n        t.src=v;s=b.getElementsByTagName(e)[0];\n        s.parentNode.insertBefore(t,s)}(window, document,'script',\n        '\n        fbq('init', '492459597522335');\n        fbq('track', 'PageView');\n    <\/script><\/p>\n","protected":false},"excerpt":{"rendered":"<p>\u201cHoy nos toca despedir a otro de nuestros hist\u00f3ricos miembros. Gracias por tantos momentos compartidos y toda tu m\u00fasica. Que en paz descanses querido amigo Ricardo \u2018Oveja\u2019 Stec. Te saludan hoy y siempre tus amigos Los Palmeras\u201d. Con estas palabras en redes sociales el grupo santafesino despidi\u00f3 a uno de sus integrantes hist\u00f3ricos, quien falleci\u00f3 [&hellip;]<\/p>\n","protected":false},"author":2,"featured_media":91367,"comment_status":"","ping_status":"","sticky":false,"template":"","format":"standard","meta":{"footnotes":""},"categories":[14],"tags":[],"_links":{"self":[{"href":"https:\/\/maxradio923.com.ar\/index.php\/wp-json\/wp\/v2\/posts\/91366"}],"collection":[{"href":"https:\/\/maxradio923.com.ar\/index.php\/wp-json\/wp\/v2\/posts"}],"about":[{"href":"https:\/\/maxradio923.com.ar\/index.php\/wp-json\/wp\/v2\/types\/post"}],"author":[{"embeddable":true,"href":"https:\/\/maxradio923.com.ar\/index.php\/wp-json\/wp\/v2\/users\/2"}],"replies":[{"embeddable":true,"href":"https:\/\/maxradio923.com.ar\/index.php\/wp-json\/wp\/v2\/comments?post=91366"}],"version-history":[{"count":0,"href":"https:\/\/maxradio923.com.ar\/index.php\/wp-json\/wp\/v2\/posts\/91366\/revisions"}],"wp:featuredmedia":[{"embeddable":true,"href":"https:\/\/maxradio923.com.ar\/index.php\/wp-json\/wp\/v2\/media\/91367"}],"wp:attachment":[{"href":"https:\/\/maxradio923.com.ar\/index.php\/wp-json\/wp\/v2\/media?parent=91366"}],"wp:term":[{"taxonomy":"category","embeddable":true,"href":"https:\/\/maxradio923.com.ar\/index.php\/wp-json\/wp\/v2\/categories?post=91366"},{"taxonomy":"post_tag","embeddable":true,"href":"https:\/\/maxradio923.com.ar\/index.php\/wp-json\/wp\/v2\/tags?post=91366"}],"curies":[{"name":"wp","href":"https:\/\/api.w.org\/{rel}","templated":true}]}}