{"id":91364,"date":"2026-09-05T17:01:05","date_gmt":"2026-09-05T20:01:05","guid":{"rendered":"https:\/\/maxradio923.com.ar\/index.php\/2026\/09\/05\/los-hermanos-gallagher-en-el-festival-venecia-sonrisas-a-las-camaras-pero-silencio-ante-los-microfonos\/"},"modified":"2026-09-05T17:01:05","modified_gmt":"2026-09-05T20:01:05","slug":"los-hermanos-gallagher-en-el-festival-venecia-sonrisas-a-las-camaras-pero-silencio-ante-los-microfonos","status":"publish","type":"post","link":"https:\/\/maxradio923.com.ar\/index.php\/2026\/09\/05\/los-hermanos-gallagher-en-el-festival-venecia-sonrisas-a-las-camaras-pero-silencio-ante-los-microfonos\/","title":{"rendered":"Los hermanos Gallagher en el festival Venecia: sonrisas a las c\u00e1maras, pero silencio ante los micr\u00f3fonos"},"content":{"rendered":"<p><\/p>\n<div>\n<p class=\"com-paragraph --capital --s text-left\">Ver a <strong>Liam <\/strong>y <strong>Noel Gallagher<\/strong> en armon\u00eda, aunque ya han hecho, sin pelearse, un tour de conciertos juntos en el regreso a los escenarios de Oasis, sigue siendo algo que sorprende. De ah\u00ed que verlos juntos otra vez, posando para las c\u00e1maras, en el Festival de Venecia, ha sido la nueva sorpresa posgira. <\/p>\n<p class=\"com-paragraph --s text-left\">Pero no sea cosa que se pida demasiado. Fueron al festival por su pr\u00f3ximo documental de Disney+, <em><strong>Oasis: Don\u2019t Look Back in Anger<\/strong><\/em>, posaron y hasta sonrieron frente a las c\u00e1maras, pero no participaron en la conferencia de prensa que dieron los directores de la pel\u00edcula.<\/p>\n<div class=\"content-media\">\n<section role=\"button\" class=\"mod-media   \">\n<figure role=\"button\" tabindex=\"0\" class=\"mod-figure \"><figcaption class=\"mod-figcaption\"><span class=\"com-text --caption --twoxs\">Los hermanos Gallagher fueron al Festival de Venecia para presentar el documental de su \u00faltima gira de conciertos<\/span><span class=\"com-text --credit --twoxs\">dpa  &#8211; AGF via ZUMA Press DPA<\/span><\/figcaption><\/figure>\n<\/section>\n<\/div>\n<p class=\"com-paragraph --s text-left\">Los dos hermanos, que se reunieron el a\u00f1o pasado para su exitosa gira de conciertos, tras 15 a\u00f1os de enemistad, llegaron al Lido en barco, se tomaron fotos para la sesi\u00f3n fotogr\u00e1fica de la pel\u00edcula y se fueron antes de la conferencia. En la rueda de prensa estuvieron presentes los codirectores <strong>Dylan Southern <\/strong>y <strong>Will Lovelace<\/strong>, y el guionista<strong> Steven Knight.<\/strong><\/p>\n<p class=\"com-paragraph --s text-left\">Durante la rueda de prensa, al preguntarle por qu\u00e9 los Gallagher no estaban presentes, Lovelace respondi\u00f3: \u201cEstaban aqu\u00ed hace un segundo haci\u00e9ndose una foto, as\u00ed que est\u00e1n aqu\u00ed\u201d, pero no dio m\u00e1s detalles. Al parecer, los hermanos no ten\u00edan previsto asistir a la conferencia, aunque los periodistas y fans presentes parec\u00edan desconocerlo.<\/p>\n<p class=\"com-paragraph --s text-left\">Desde que se anunci\u00f3 el reencuentro y la gira, han evitado la prensa. Solo concedieron una entrevista para la promoci\u00f3n de<em> Don\u2019t Look Back in Anger<\/em>, tras 20 a\u00f1os sin hacer contacto directo con los medios, m\u00e1s all\u00e1 de sus intervenciones individuales. El documental, que se estrena mundialmente en Venecia este s\u00e1bado 5 de septiembre, llega a los cines el 9, antes de su estreno en Disney+ a finales de este a\u00f1o, e incluye im\u00e1genes de la banda tanto entre bastidores como en el escenario.<\/p>\n<p class=\"com-paragraph --s text-left\">Knight revel\u00f3 que los hermanos ya hab\u00edan visto la pel\u00edcula y estaban \u201cm\u00e1s que satisfechos\u201d. Dijo, adem\u00e1s, que les result\u00f3 \u201cmuy emotiva\u201d. Al preguntarles si cre\u00edan que una ruptura as\u00ed entre los hermanos volver\u00eda a ocurrir, Lovelace respondi\u00f3: \u201cNo parece que vaya a suceder. Se llevan bastante bien\u201d.<\/p>\n<p><iframe loading=\"lazy\" title=\"Oasis: Don\u2019t Look Back In Anger | In Cinemas September 9 | @DisneyUK\" width=\"1170\" height=\"658\" src=\"https:\/\/www.youtube.com\/embed\/6z_0B_lyRTo?wmode=transparent&amp;rel=0&amp;feature=oembed\" frameborder=\"0\" allow=\"accelerometer; autoplay; clipboard-write; encrypted-media; gyroscope; picture-in-picture; web-share\" referrerpolicy=\"strict-origin-when-cross-origin\" allowfullscreen><\/iframe><\/p>\n<p><h2 class=\"font-primary font-w-bold text-subheading-lg text-left container-center-100 mb-8\"><span>Posibles motivos de la ausencia<\/span><\/h2>\n<\/p>\n<p class=\"com-paragraph --s text-left\">Si la ausencia de los hermanos se trat\u00f3 de un desplante, el asunto no pasar\u00eda de ser una actitud de vieja estrella de rock. Aunque lo cierto es que, al no haber existido una confirmaci\u00f3n en la agenda de su presencia, tambi\u00e9n es probable que hayan querido evitarla de antemano para no tener que dar detalles de una posible nueva gira, si realmente la tuvieran entre manos. <\/p>\n<p class=\"com-paragraph --s text-left\">Porque lo cierto es que la banda ha publicado mensajes cr\u00edpticos en redes sociales durante los \u00faltimos d\u00edas. Noel Gallagher tambi\u00e9n hizo alusi\u00f3n a una posible gira en 2027 en una entrevista reciente con <em>Talksport<\/em>: \u201cDig\u00e1moslo as\u00ed: no hay torneo de f\u00fatbol el a\u00f1o que viene, as\u00ed que tenemos que hacer algo en verano, \u00bfno?\u201c.<\/p>\n<p><h2 class=\"font-primary font-w-bold text-subheading-lg text-left container-center-100 mb-8\"><span>El proceso del documental<\/span><\/h2>\n<\/p>\n<p class=\"com-paragraph --s text-left\">En una entrevista con <em><strong>Variety<\/strong><\/em>, Southern y Lovelace explicaron c\u00f3mo lograron grabar el reencuentro de Liam y Noel, incluyendo la instalaci\u00f3n de discretas c\u00e1maras en su sala de ensayo.<\/p>\n<p class=\"com-paragraph --s text-left\">\u201cNo quer\u00edamos que pareciera algo artificial. No quer\u00edamos que se sintiera como si un molesto equipo de filmaci\u00f3n estuviera corriendo por ah\u00ed, estorbando\u201d, dijo Southern. \u201c\u00c9ramos conscientes de lo delicado que era el tema y de que, literalmente, era la primera vez en 15 a\u00f1os que estaban juntos en una habitaci\u00f3n durante un per\u00edodo prolongado\u201d.<\/p>\n<p class=\"com-paragraph --s text-left\">Sin embargo, no esperen que los hermanos Gallagher se pongan sentimentales en el documental. \u201cSon los Gallagher, no <em>Dawson\u2019s Creek<\/em>, a\u00f1adi\u00f3 Southern. \u201cNo se van a sentar a hablar de sus emociones\u201d.<\/p>\n<section class=\"container-center-100 mb-40 border border-bottom border-thin border-neutral-light-700\">\n<hr\/>\n<\/section>\n<\/div>\n<p><script id=\"facebookpixel\" defer=\"\" type=\"text\/javascript\">\n        !function(f,b,e,v,n,t,s)\n        {if(f.fbq)return;n=f.fbq=function(){n.callMethod?\n        n.callMethod.apply(n,arguments):n.queue.push(arguments)};\n        if(!f._fbq)f._fbq=n;n.push=n;n.loaded=!0;n.version='2.0';\n        n.queue=[];t=b.createElement(e);t.async=!0;\n        t.src=v;s=b.getElementsByTagName(e)[0];\n        s.parentNode.insertBefore(t,s)}(window, document,'script',\n        '\n        fbq('init', '492459597522335');\n        fbq('track', 'PageView');\n    <\/script><\/p>\n","protected":false},"excerpt":{"rendered":"<p>Ver a Liam y Noel Gallagher en armon\u00eda, aunque ya han hecho, sin pelearse, un tour de conciertos juntos en el regreso a los escenarios de Oasis, sigue siendo algo que sorprende. De ah\u00ed que verlos juntos otra vez, posando para las c\u00e1maras, en el Festival de Venecia, ha sido la nueva sorpresa posgira. Pero [&hellip;]<\/p>\n","protected":false},"author":2,"featured_media":91365,"comment_status":"","ping_status":"","sticky":false,"template":"","format":"standard","meta":{"footnotes":""},"categories":[14],"tags":[],"_links":{"self":[{"href":"https:\/\/maxradio923.com.ar\/index.php\/wp-json\/wp\/v2\/posts\/91364"}],"collection":[{"href":"https:\/\/maxradio923.com.ar\/index.php\/wp-json\/wp\/v2\/posts"}],"about":[{"href":"https:\/\/maxradio923.com.ar\/index.php\/wp-json\/wp\/v2\/types\/post"}],"author":[{"embeddable":true,"href":"https:\/\/maxradio923.com.ar\/index.php\/wp-json\/wp\/v2\/users\/2"}],"replies":[{"embeddable":true,"href":"https:\/\/maxradio923.com.ar\/index.php\/wp-json\/wp\/v2\/comments?post=91364"}],"version-history":[{"count":0,"href":"https:\/\/maxradio923.com.ar\/index.php\/wp-json\/wp\/v2\/posts\/91364\/revisions"}],"wp:featuredmedia":[{"embeddable":true,"href":"https:\/\/maxradio923.com.ar\/index.php\/wp-json\/wp\/v2\/media\/91365"}],"wp:attachment":[{"href":"https:\/\/maxradio923.com.ar\/index.php\/wp-json\/wp\/v2\/media?parent=91364"}],"wp:term":[{"taxonomy":"category","embeddable":true,"href":"https:\/\/maxradio923.com.ar\/index.php\/wp-json\/wp\/v2\/categories?post=91364"},{"taxonomy":"post_tag","embeddable":true,"href":"https:\/\/maxradio923.com.ar\/index.php\/wp-json\/wp\/v2\/tags?post=91364"}],"curies":[{"name":"wp","href":"https:\/\/api.w.org\/{rel}","templated":true}]}}