{"id":91362,"date":"2026-09-04T19:00:05","date_gmt":"2026-09-04T22:00:05","guid":{"rendered":"https:\/\/maxradio923.com.ar\/index.php\/2026\/09\/04\/republica-folklore-anuncio-su-grilla-completa-del-festival-que-se-realizara-en-noviembre\/"},"modified":"2026-09-04T19:00:05","modified_gmt":"2026-09-04T22:00:05","slug":"republica-folklore-anuncio-su-grilla-completa-del-festival-que-se-realizara-en-noviembre","status":"publish","type":"post","link":"https:\/\/maxradio923.com.ar\/index.php\/2026\/09\/04\/republica-folklore-anuncio-su-grilla-completa-del-festival-que-se-realizara-en-noviembre\/","title":{"rendered":"Rep\u00fablica Folklore anunci\u00f3 su grilla completa del festival que se realizar\u00e1 en noviembre"},"content":{"rendered":"<p><\/p>\n<div>\n<p class=\"com-paragraph --capital --s text-left\">El festival <strong>Rep\u00fablica Folklore<\/strong> ya tiene la grilla completa para cada una de las jornadas, que se realizar\u00e1n el 21 y 22 de noviembre pr\u00f3ximos, en el <strong>Parque de la Ciudad<\/strong>.<\/p>\n<p class=\"com-paragraph --s text-left\">Para quienes elijan un solo d\u00eda, el ticket costar\u00e1 100.000 pesos; los que tomen el abono, el precio que deber\u00e1n pagar ser\u00e1 de 180.000. <strong>La preventa comenzar\u00e1 el lunes 7 de septiembre, a las 14<\/strong>, con un beneficio de 9 cuotas sin inter\u00e9s con Banco Macro Visa. Y la venta general, al d\u00eda siguiente, con todos los medios de pago y un beneficio de 6 cuotas sin inter\u00e9s con Banco Macro Visa. Los tickets solo se consiguen a trav\u00e9s de <em>www.allaccess.com.ar <\/em><\/p>\n<div class=\"content-media\">\n<section role=\"button\" class=\"mod-media   \">\n<figure role=\"button\" tabindex=\"0\" class=\"mod-figure \"><figcaption class=\"mod-figcaption\"><span class=\"com-text --caption --twoxs\">Abel Pintos<\/span><span class=\"com-text --credit --twoxs\">Gentileza Paul Del\u00f3n y Nacho Chinchilla<\/span><\/figcaption><\/figure>\n<\/section>\n<\/div>\n<p class=\"com-paragraph --s text-left\">\u201cEl 21 y 22 de noviembre, la Ciudad de Buenos Aires ser\u00e1 escenario de una nueva propuesta que se suma al universo de festivales folkl\u00f3ricos del pa\u00eds.<strong> Con m\u00e1s de 50 artistas, tres escenarios y m\u00e1s de 12 horas de m\u00fasica por d\u00eda, Rep\u00fablica Folklore reunir\u00e1 a los grandes artistas del g\u00e9nero y a nuevas generaciones <\/strong>en una celebraci\u00f3n que combinar\u00e1 m\u00fasica, gastronom\u00eda, experiencias e identidad argentina\u201d, indicaron desde la productora. \u201cDurante dos jornadas completas en el Parque de la Ciudad, miles de personas provenientes de Capital Federal y distintos puntos del pa\u00eds podr\u00e1n disfrutar de m\u00e1s de 50 artistas que se presentar\u00e1n en tres escenarios, una amplia propuesta gastron\u00f3mica de car\u00e1cter federal, experiencias especialmente dise\u00f1adas para vivir el folklore desde m\u00faltiples dimensiones y espacios de encuentro pensados para todas las generaciones\u201d.<\/p>\n<p class=\"com-paragraph --s text-left\">La primera jornada tendr\u00e1 como anfitriones a destacados artistas como el <strong>Chaque\u00f1o Palavecino<\/strong>, <strong>Soledad<\/strong>, <strong>Cazzu<\/strong> y <strong>Los Tekis<\/strong>, mientras que el segundo d\u00eda recibir\u00e1 a <strong>Abel Pintos y<\/strong> <strong>Los Nocheros<\/strong>.<\/p>\n<div class=\"content-media\">\n<section role=\"button\" class=\"mod-media   \">\n<figure role=\"button\" tabindex=\"0\" class=\"mod-figure \"><figcaption class=\"mod-figcaption\"><span class=\"com-text --caption --twoxs\">Los Nocheros <\/span><span class=\"com-text --credit --twoxs\">Instagram @losnocherosofic<\/span><\/figcaption><\/figure>\n<\/section>\n<\/div>\n<p class=\"com-paragraph --s text-left\">Apenas se anunci\u00f3, el festival provoc\u00f3 reacciones de otros encuentros folkl\u00f3ricos decanos, como el de Doma y Folklore de Jes\u00fas Mar\u00eda. \u201cNos llena de alegr\u00eda celebrar el nacimiento de Rep\u00fablica Folklore. Que la Ciudad de Buenos Aires sume una propuesta de esta magnitud es una noticia excepcional para nuestra cultura. Creemos firmemente que estos espacios son vitales para el crecimiento y la renovaci\u00f3n de un g\u00e9nero que no solo nos une, sino que representa la esencia m\u00e1s profunda de la identidad de nuestro pa\u00eds. Felicitamos a la organizaci\u00f3n y les deseamos el mayor de los \u00e9xitos en este camino que hoy emprenden, abrazando nuestras ra\u00edces.\u201d<\/p>\n<p class=\"com-paragraph --s text-left\">Esta es la grilla completa de cada d\u00eda.<\/p>\n<p><h2 class=\"font-primary font-w-bold text-subheading-lg text-left container-center-100 mb-8\"><span>S\u00e1bado 21<\/span><\/h2>\n<\/p>\n<p class=\"com-paragraph --s text-left\">Chaque\u00f1o Palavecino, Soledad, Cazzu, Los Tekis, Ahyre, Los Nombradores del Alba, Los de Imaguar\u00e9, Orozco-Barrientos, Los Alonsitos, Nahuel Pennisi, Los 4 de C\u00f3rdoba junto a Por siempre Tucu, Cuti y Roberto Carabajal, Catherine Vergnes, Juanjo Abregu, Los Bonfill, La Callejera, Nacho Cuellas, N\u00e9stor Garnica, Tom\u00e1s Lip\u00e1n, Los Tabaleros, Nati Pastorutti, Wara Calpanchay, Nicolas Membriani, Yoel Hern\u00e1ndez y Tup\u00e1. <\/p>\n<div class=\"content-media\">\n<section role=\"button\" class=\"mod-media   \">\n<figure role=\"button\" tabindex=\"0\" class=\"mod-figure \"><figcaption class=\"mod-figcaption\"><span class=\"com-text --caption --twoxs\">Los Tabaleros<\/span><span class=\"com-text --credit --twoxs\">Gerardo Viercovich &#8211; LA NACION<\/span><\/figcaption><\/figure>\n<\/section>\n<\/div>\n<p><h2 class=\"font-primary font-w-bold text-subheading-lg text-left container-center-100 mb-8\"><span>Domingo 22<\/span><\/h2>\n<\/p>\n<p class=\"com-paragraph --s text-left\">Abel Pintos, Los Nocheros, Soledad, L\u00e1zaro Caballero, Los Manseros Santiague\u00f1os, Sergio Galleguillo, Peteco Carabajal con Riendas Libres, D\u00fao Coplanacu, Teresa Parodi, Maggie Cullen, Carafea, Indio Lucio Rojas, Campedrinos, Orellana-Lucca, Juanjo Abregu, Gauchos of The Pampa, Diableros Juje\u00f1os, Mariana Carrizo, Paquito Oca\u00f1o, Malena Garnica, Sele Vera, Nicol\u00e1s Membriani, La bruja Salguero, Marit\u00e9 Berbel y Dos m\u00e1s uno.<\/p>\n<div class=\"content-media\">\n<section role=\"button\" class=\"mod-media   \">\n<figure role=\"button\" tabindex=\"0\" class=\"mod-figure \"><figcaption class=\"mod-figcaption\"><span class=\"com-text --caption --twoxs\">Sergio Galleguillo<\/span><span class=\"com-text --credit --twoxs\">Gentileza DBN<\/span><\/figcaption><\/figure>\n<\/section>\n<\/div>\n<section class=\"container-center-100 mb-40 border border-bottom border-thin border-neutral-light-700\">\n<hr\/>\n<\/section>\n<\/div>\n<p><script id=\"facebookpixel\" defer=\"\" type=\"text\/javascript\">\n        !function(f,b,e,v,n,t,s)\n        {if(f.fbq)return;n=f.fbq=function(){n.callMethod?\n        n.callMethod.apply(n,arguments):n.queue.push(arguments)};\n        if(!f._fbq)f._fbq=n;n.push=n;n.loaded=!0;n.version='2.0';\n        n.queue=[];t=b.createElement(e);t.async=!0;\n        t.src=v;s=b.getElementsByTagName(e)[0];\n        s.parentNode.insertBefore(t,s)}(window, document,'script',\n        '\n        fbq('init', '492459597522335');\n        fbq('track', 'PageView');\n    <\/script><\/p>\n","protected":false},"excerpt":{"rendered":"<p>El festival Rep\u00fablica Folklore ya tiene la grilla completa para cada una de las jornadas, que se realizar\u00e1n el 21 y 22 de noviembre pr\u00f3ximos, en el Parque de la Ciudad. Para quienes elijan un solo d\u00eda, el ticket costar\u00e1 100.000 pesos; los que tomen el abono, el precio que deber\u00e1n pagar ser\u00e1 de 180.000. [&hellip;]<\/p>\n","protected":false},"author":2,"featured_media":91363,"comment_status":"","ping_status":"","sticky":false,"template":"","format":"standard","meta":{"footnotes":""},"categories":[14],"tags":[],"_links":{"self":[{"href":"https:\/\/maxradio923.com.ar\/index.php\/wp-json\/wp\/v2\/posts\/91362"}],"collection":[{"href":"https:\/\/maxradio923.com.ar\/index.php\/wp-json\/wp\/v2\/posts"}],"about":[{"href":"https:\/\/maxradio923.com.ar\/index.php\/wp-json\/wp\/v2\/types\/post"}],"author":[{"embeddable":true,"href":"https:\/\/maxradio923.com.ar\/index.php\/wp-json\/wp\/v2\/users\/2"}],"replies":[{"embeddable":true,"href":"https:\/\/maxradio923.com.ar\/index.php\/wp-json\/wp\/v2\/comments?post=91362"}],"version-history":[{"count":0,"href":"https:\/\/maxradio923.com.ar\/index.php\/wp-json\/wp\/v2\/posts\/91362\/revisions"}],"wp:featuredmedia":[{"embeddable":true,"href":"https:\/\/maxradio923.com.ar\/index.php\/wp-json\/wp\/v2\/media\/91363"}],"wp:attachment":[{"href":"https:\/\/maxradio923.com.ar\/index.php\/wp-json\/wp\/v2\/media?parent=91362"}],"wp:term":[{"taxonomy":"category","embeddable":true,"href":"https:\/\/maxradio923.com.ar\/index.php\/wp-json\/wp\/v2\/categories?post=91362"},{"taxonomy":"post_tag","embeddable":true,"href":"https:\/\/maxradio923.com.ar\/index.php\/wp-json\/wp\/v2\/tags?post=91362"}],"curies":[{"name":"wp","href":"https:\/\/api.w.org\/{rel}","templated":true}]}}