{"id":91360,"date":"2026-09-04T15:45:07","date_gmt":"2026-09-04T18:45:07","guid":{"rendered":"https:\/\/maxradio923.com.ar\/index.php\/2026\/09\/04\/autoridades-de-gobierno-dialogaron-con-la-oit-sobre-los-desafios-del-desarrollo-minero\/"},"modified":"2026-09-04T15:45:07","modified_gmt":"2026-09-04T18:45:07","slug":"autoridades-de-gobierno-dialogaron-con-la-oit-sobre-los-desafios-del-desarrollo-minero","status":"publish","type":"post","link":"https:\/\/maxradio923.com.ar\/index.php\/2026\/09\/04\/autoridades-de-gobierno-dialogaron-con-la-oit-sobre-los-desafios-del-desarrollo-minero\/","title":{"rendered":"Autoridades de Gobierno dialogaron con la OIT sobre los desaf\u00edos del desarrollo minero"},"content":{"rendered":"<p><\/p>\n<div>\n<p>El Ministerio de Gobierno mantuvo una videoconferencia con representantes de la Organizaci\u00f3n Internacional del Trabajo (OIT) para abordar la articulaci\u00f3n institucional vinculada con la formaci\u00f3n t\u00e9cnica y el desarrollo del sector minero. La reuni\u00f3n fue encabezada por la ministra de Gobierno, Laura Palma, junto al secretario de Gobierno, Justicia y Derechos Humanos, Juan Jos\u00e9 Dubos.<\/p>\n<p>Durante el encuentro, la ministra expuso la mirada del Ministerio de Gobierno sobre la coordinaci\u00f3n entre las distintas \u00e1reas del Estado provincial, en donde el objetivo es fortalecer el di\u00e1logo y la articulaci\u00f3n en temas vinculados con la capacitaci\u00f3n y el desarrollo productivo. En ese marco, se abord\u00f3 la formaci\u00f3n t\u00e9cnica requerida por sectores estrat\u00e9gicos como la miner\u00eda de litio y cobre. La articulaci\u00f3n involucra a \u00e1reas provinciales relacionadas con educaci\u00f3n, trabajo y miner\u00eda.<\/p>\n<p>Palma destac\u00f3 las acciones desarrolladas para proporcionar capacitaci\u00f3n e informaci\u00f3n sobre buenas pr\u00e1cticas laborales. Tambi\u00e9n remarc\u00f3 la promoci\u00f3n de iniciativas destinadas a impulsar diferentes sectores productivos mediante el ProNaPre, que incluye al sector minero. La participaci\u00f3n del Ministerio de Gobierno se centra en facilitar la coordinaci\u00f3n interministerial y el di\u00e1logo pol\u00edtico y social. Esta tarea permite vincular las necesidades de los sectores productivos con las acciones que desarrolla el Estado provincial.<\/p>\n<p>Adem\u00e1s, durante la videoconferencia se analiz\u00f3 el potencial de San Juan para participar en una hoja de ruta sectorial junto con otras provincias mineras. La propuesta apunta a acompa\u00f1ar los desaf\u00edos vinculados con la formaci\u00f3n y el empleo.<\/p>\n<p>San Juan atraviesa una etapa de oportunidades para ampliar su desarrollo productivo. Frente a este escenario, el Ministerio de Gobierno trabaja en la articulaci\u00f3n de acciones para acompa\u00f1ar el crecimiento de los sectores estrat\u00e9gicos. La coordinaci\u00f3n entre las distintas \u00e1reas del Estado resulta fundamental para que ese desarrollo avance con capacitaci\u00f3n, informaci\u00f3n y condiciones laborales adecuadas. El objetivo es contribuir a que las oportunidades productivas se traduzcan en mejores condiciones para quienes trabajan en la provincia.<\/p>\n<\/p><\/div>\n<p><script async defer crossorigin=\"anonymous\" src=\"https:\/\/connect.facebook.net\/es_ES\/sdk.js#xfbml=1&#038;version=v3.3\"><\/script><\/p>\n","protected":false},"excerpt":{"rendered":"<p>El Ministerio de Gobierno mantuvo una videoconferencia con representantes de la Organizaci\u00f3n Internacional del Trabajo (OIT) para abordar la articulaci\u00f3n institucional vinculada con la formaci\u00f3n t\u00e9cnica y el desarrollo del sector minero. La reuni\u00f3n fue encabezada por la ministra de Gobierno, Laura Palma, junto al secretario de Gobierno, Justicia y Derechos Humanos, Juan Jos\u00e9 Dubos. [&hellip;]<\/p>\n","protected":false},"author":2,"featured_media":91361,"comment_status":"","ping_status":"","sticky":false,"template":"","format":"standard","meta":{"footnotes":""},"categories":[8],"tags":[],"_links":{"self":[{"href":"https:\/\/maxradio923.com.ar\/index.php\/wp-json\/wp\/v2\/posts\/91360"}],"collection":[{"href":"https:\/\/maxradio923.com.ar\/index.php\/wp-json\/wp\/v2\/posts"}],"about":[{"href":"https:\/\/maxradio923.com.ar\/index.php\/wp-json\/wp\/v2\/types\/post"}],"author":[{"embeddable":true,"href":"https:\/\/maxradio923.com.ar\/index.php\/wp-json\/wp\/v2\/users\/2"}],"replies":[{"embeddable":true,"href":"https:\/\/maxradio923.com.ar\/index.php\/wp-json\/wp\/v2\/comments?post=91360"}],"version-history":[{"count":0,"href":"https:\/\/maxradio923.com.ar\/index.php\/wp-json\/wp\/v2\/posts\/91360\/revisions"}],"wp:featuredmedia":[{"embeddable":true,"href":"https:\/\/maxradio923.com.ar\/index.php\/wp-json\/wp\/v2\/media\/91361"}],"wp:attachment":[{"href":"https:\/\/maxradio923.com.ar\/index.php\/wp-json\/wp\/v2\/media?parent=91360"}],"wp:term":[{"taxonomy":"category","embeddable":true,"href":"https:\/\/maxradio923.com.ar\/index.php\/wp-json\/wp\/v2\/categories?post=91360"},{"taxonomy":"post_tag","embeddable":true,"href":"https:\/\/maxradio923.com.ar\/index.php\/wp-json\/wp\/v2\/tags?post=91360"}],"curies":[{"name":"wp","href":"https:\/\/api.w.org\/{rel}","templated":true}]}}