{"id":91358,"date":"2026-09-04T15:04:02","date_gmt":"2026-09-04T18:04:02","guid":{"rendered":"https:\/\/maxradio923.com.ar\/index.php\/2026\/09\/04\/cazzu-abel-pintos-soledad-y-el-chaqueno-palavecino-como-sera-el-republica-folklore-que-llega-al-parque-de-la-ciudad\/"},"modified":"2026-09-04T15:04:02","modified_gmt":"2026-09-04T18:04:02","slug":"cazzu-abel-pintos-soledad-y-el-chaqueno-palavecino-como-sera-el-republica-folklore-que-llega-al-parque-de-la-ciudad","status":"publish","type":"post","link":"https:\/\/maxradio923.com.ar\/index.php\/2026\/09\/04\/cazzu-abel-pintos-soledad-y-el-chaqueno-palavecino-como-sera-el-republica-folklore-que-llega-al-parque-de-la-ciudad\/","title":{"rendered":"Cazzu, Abel Pintos, Soledad y el Chaque\u00f1o Palavecino: c\u00f3mo ser\u00e1 el Rep\u00fablica Folklore que llega al Parque de la Ciudad"},"content":{"rendered":"<p><\/p>\n<div>\n<p class=\"com-paragraph --capital --s\">Rep\u00fablica Folklore<strong> confirm\u00f3 la grilla completa por d\u00eda para su edici\u00f3n del 21 y 22 de noviembre en el Parque de la Ciudad<\/strong>, adem\u00e1s de los precios y las nuevas fechas de venta de entradas. El s\u00e1bado estar\u00e1n <strong>Chaque\u00f1o Palavecino, Soledad, Cazzu y Los Tekis<\/strong>, mientras que el domingo actuar\u00e1n <strong>Abel Pintos, Los Nocheros y Soledad<\/strong>, entre otros artistas.<\/p>\n<p class=\"com-paragraph --s\">El festival reunir\u00e1 a <strong>m\u00e1s de 50 artistas en tres escenarios<\/strong>, con m\u00e1s de 12 horas de m\u00fasica por jornada. Las entradas costar\u00e1n <strong>$100.000 por d\u00eda<\/strong> y habr\u00e1 un <strong>abono de $180.000 para las dos fechas<\/strong>.<\/p>\n<p class=\"com-paragraph --s\">Adem\u00e1s de los recitales, el festival tendr\u00e1 gastronom\u00eda regional, pe\u00f1as, una pulper\u00eda tradicional, un Paseo de las Provincias, clases abiertas, pistas de baile al aire libre y juegos criollos.<\/p>\n<p><h3 class=\"font-primary text-subheading-lg text-left container-center-100 mb-8\"><span>Cu\u00e1ndo y d\u00f3nde es Rep\u00fablica Folklore<\/span><\/h3>\n<\/p>\n<div class=\"content-media\">\n<section role=\"button\" class=\"mod-media   \">\n<figure role=\"button\" tabindex=\"0\" class=\"mod-figure \"><figcaption class=\"mod-figcaption\"><span class=\"com-text --caption --twoxs\">Abel Pintos se presentar\u00e1 el domingo 22 de noviembre en Rep\u00fablica Folklore<\/span><span class=\"com-text --credit --twoxs\">Pilar Camacho<\/span><\/figcaption><\/figure>\n<\/section>\n<\/div>\n<p class=\"com-paragraph --s\">El festival tendr\u00e1 lugar durante dos jornadas completas:<\/p>\n<p><h3 class=\"font-primary text-subheading-lg text-left container-center-100 mb-8\"><span>Grilla de Rep\u00fablica Folklore: s\u00e1bado 21 de noviembre<\/span><\/h3>\n<\/p>\n<p class=\"com-paragraph --s\">La primera jornada tendr\u00e1 entre sus principales figuras al <strong>Chaque\u00f1o Palavecino, Soledad, Cazzu y Los Tekis<\/strong>.<\/p>\n<p class=\"com-paragraph --s\">La programaci\u00f3n completa anunciada para el s\u00e1bado es:<\/p>\n<p><h3 class=\"font-primary text-subheading-lg text-left container-center-100 mb-8\"><span>Grilla de Rep\u00fablica Folklore: domingo 22 de noviembre<\/span><\/h3>\n<\/p>\n<div class=\"content-media\">\n<section role=\"button\" class=\"mod-media   \">\n<figure role=\"button\" tabindex=\"0\" class=\"mod-figure \"><figcaption class=\"mod-figcaption\"><span class=\"com-text --caption --twoxs\">Soledad Pastorutti dar\u00e1 un show en Rep\u00fablica Folklore el domingo 22 de noviembre<\/span><span class=\"com-text --credit --twoxs\">Instagram (@sole_pastorutti)<\/span><\/figcaption><\/figure>\n<\/section>\n<\/div>\n<p class=\"com-paragraph --s\">La grilla anunciada es:<\/p>\n<p><h3 class=\"font-primary text-subheading-lg text-left container-center-100 mb-8\"><span>Pe\u00f1as, gastronom\u00eda y actividades<\/span><\/h3>\n<\/p>\n<p class=\"com-paragraph --s\">La propuesta no estar\u00e1 limitada a los escenarios. Rep\u00fablica Folklore incorporar\u00e1 espacios inspirados en las <strong>pe\u00f1as<\/strong> y una <strong>pulper\u00eda tradicional<\/strong>, adem\u00e1s de un <strong>patio de comidas regionales<\/strong>.<\/p>\n<p class=\"com-paragraph --s\">Tambi\u00e9n habr\u00e1 un <strong>Paseo de las Provincias<\/strong>, con artesan\u00edas, industria y turismo de distintos puntos del pa\u00eds, y actividades participativas como <strong>clases abiertas, pistas de baile al aire libre y juegos criollos<\/strong>.<\/p>\n<p class=\"com-paragraph --s\">El festival se realizar\u00e1 \u00edntegramente en el <strong>Parque de la Ciudad<\/strong>, con sus \u00e1reas verdes destinadas a albergar los escenarios y las distintas propuestas del encuentro.<\/p>\n<p><h3 class=\"font-primary text-subheading-lg text-left container-center-100 mb-8\"><span>Cu\u00e1nto cuestan las entradas para Rep\u00fablica Folklore<\/span><\/h3>\n<\/p>\n<div class=\"content-media\">\n<section role=\"button\" class=\"mod-media   \">\n<figure role=\"button\" tabindex=\"0\" class=\"mod-figure \"><figcaption class=\"mod-figcaption\"><span class=\"com-text --caption --twoxs\">El Chaque\u00f1o Palavecino, uno de los artistas del festival Rep\u00fablica Folklore <\/span><span class=\"com-text --credit --twoxs\">Instagram (@chpalavecino_oficial)<\/span><\/figcaption><\/figure>\n<\/section>\n<\/div>\n<p class=\"com-paragraph --s\">Se podr\u00e1n comprar tickets para una sola jornada o un abono para los dos d\u00edas:<\/p>\n<p class=\"com-paragraph --s\">La <strong>preventa comenzar\u00e1 el lunes 7 de septiembre a las 14.00<\/strong>, con un beneficio de <strong>9 cuotas sin inter\u00e9s con Banco Macro Visa<\/strong>.<\/p>\n<p class=\"com-paragraph --s\">La <strong>venta general comenzar\u00e1 el martes 8 de septiembre a las 14.00<\/strong>, con todos los medios de pago y un beneficio de <strong>6 cuotas sin inter\u00e9s con Banco Macro Visa<\/strong>.<\/p>\n<p><h3 class=\"font-primary text-subheading-lg text-left container-center-100 mb-8\"><span>C\u00f3mo comprar entradas para Rep\u00fablica Folklore<\/span><\/h3>\n<\/p>\n<section class=\"container-center-100 mb-40 border border-bottom border-thin border-neutral-light-700\">\n<hr\/>\n<\/section>\n<\/div>\n<p><script id=\"facebookpixel\" defer=\"\" type=\"text\/javascript\">\n        !function(f,b,e,v,n,t,s)\n        {if(f.fbq)return;n=f.fbq=function(){n.callMethod?\n        n.callMethod.apply(n,arguments):n.queue.push(arguments)};\n        if(!f._fbq)f._fbq=n;n.push=n;n.loaded=!0;n.version='2.0';\n        n.queue=[];t=b.createElement(e);t.async=!0;\n        t.src=v;s=b.getElementsByTagName(e)[0];\n        s.parentNode.insertBefore(t,s)}(window, document,'script',\n        '\n        fbq('init', '492459597522335');\n        fbq('track', 'PageView');\n    <\/script><\/p>\n","protected":false},"excerpt":{"rendered":"<p>Rep\u00fablica Folklore confirm\u00f3 la grilla completa por d\u00eda para su edici\u00f3n del 21 y 22 de noviembre en el Parque de la Ciudad, adem\u00e1s de los precios y las nuevas fechas de venta de entradas. El s\u00e1bado estar\u00e1n Chaque\u00f1o Palavecino, Soledad, Cazzu y Los Tekis, mientras que el domingo actuar\u00e1n Abel Pintos, Los Nocheros y [&hellip;]<\/p>\n","protected":false},"author":2,"featured_media":91359,"comment_status":"","ping_status":"","sticky":false,"template":"","format":"standard","meta":{"footnotes":""},"categories":[14],"tags":[],"_links":{"self":[{"href":"https:\/\/maxradio923.com.ar\/index.php\/wp-json\/wp\/v2\/posts\/91358"}],"collection":[{"href":"https:\/\/maxradio923.com.ar\/index.php\/wp-json\/wp\/v2\/posts"}],"about":[{"href":"https:\/\/maxradio923.com.ar\/index.php\/wp-json\/wp\/v2\/types\/post"}],"author":[{"embeddable":true,"href":"https:\/\/maxradio923.com.ar\/index.php\/wp-json\/wp\/v2\/users\/2"}],"replies":[{"embeddable":true,"href":"https:\/\/maxradio923.com.ar\/index.php\/wp-json\/wp\/v2\/comments?post=91358"}],"version-history":[{"count":0,"href":"https:\/\/maxradio923.com.ar\/index.php\/wp-json\/wp\/v2\/posts\/91358\/revisions"}],"wp:featuredmedia":[{"embeddable":true,"href":"https:\/\/maxradio923.com.ar\/index.php\/wp-json\/wp\/v2\/media\/91359"}],"wp:attachment":[{"href":"https:\/\/maxradio923.com.ar\/index.php\/wp-json\/wp\/v2\/media?parent=91358"}],"wp:term":[{"taxonomy":"category","embeddable":true,"href":"https:\/\/maxradio923.com.ar\/index.php\/wp-json\/wp\/v2\/categories?post=91358"},{"taxonomy":"post_tag","embeddable":true,"href":"https:\/\/maxradio923.com.ar\/index.php\/wp-json\/wp\/v2\/tags?post=91358"}],"curies":[{"name":"wp","href":"https:\/\/api.w.org\/{rel}","templated":true}]}}