{"id":91352,"date":"2026-09-04T10:31:03","date_gmt":"2026-09-04T13:31:03","guid":{"rendered":"https:\/\/maxradio923.com.ar\/index.php\/2026\/09\/04\/se-llama-uma-es-la-hija-de-un-gran-guitarrista-argentino-y-comparan-su-voz-con-la-de-karen-carpenter\/"},"modified":"2026-09-04T10:31:03","modified_gmt":"2026-09-04T13:31:03","slug":"se-llama-uma-es-la-hija-de-un-gran-guitarrista-argentino-y-comparan-su-voz-con-la-de-karen-carpenter","status":"publish","type":"post","link":"https:\/\/maxradio923.com.ar\/index.php\/2026\/09\/04\/se-llama-uma-es-la-hija-de-un-gran-guitarrista-argentino-y-comparan-su-voz-con-la-de-karen-carpenter\/","title":{"rendered":"Se llama Uma, es la hija de un gran guitarrista argentino y comparan su voz con la de Karen Carpenter"},"content":{"rendered":"<p><\/p>\n<div>\n<div class=\"col-span-8 md:col-span-10 md:col-start-2 xl:col-span-8 xl:col-start-5 max-w-550 md:max-w-635 mb-24\" id=\"cuerpo__nota\">\n<div class=\"flex flex-col ai-center gap-8 mb-40\">\n<div class=\"flex flex-column justify-center items-center w-full\">\n<p class=\"font-secondary text-body-lg mb-24 md:hidden text-center\">Se presentar\u00e1n este viernes en La F\u00e1brica, donde interpretar\u00e1n las canciones del \u00e1lbum debut de Uma<\/p>\n<\/div>\n<p><time datetime=\"2026-09-04T13:01:00Z\" class=\"flex items-center gap-8\"><span>4 de septiembre de 2026<\/span><i class=\"ds-icon inline-flex justify-center items-center [&amp;&gt;svg]:size-[inherit] [&amp;&gt;svg]:align-top size-12 data-[has-wrapper=&quot;true&quot;]:p-6\" aria-hidden=\"true\" role=\"presentation\" data-has-wrapper=\"false\"><svg fill=\"currentColor\"><use href=\"http:\/\/www.lanacion.com.ar\/pf\/resources\/images\/sprites\/sprite-lanacion-default.svg?d=2049#bullet-filled\"\/><\/svg><\/i><span>10:01<\/span><\/time><i class=\"ds-icon inline-flex justify-center items-center [&amp;&gt;svg]:size-[inherit] [&amp;&gt;svg]:align-top size-12 data-[has-wrapper=&quot;true&quot;]:p-6 hidden md:block\" aria-hidden=\"true\" role=\"presentation\" data-has-wrapper=\"false\"><svg fill=\"currentColor\"><use href=\"http:\/\/www.lanacion.com.ar\/pf\/resources\/images\/sprites\/sprite-lanacion-default.svg?d=2049#bullet-filled\"\/><\/svg><\/i><span class=\"flex items-center gap-4\"><i class=\"ds-icon inline-flex justify-center items-center [&amp;&gt;svg]:size-[inherit] [&amp;&gt;svg]:align-top size-16 data-[has-wrapper=&quot;true&quot;]:p-8\" aria-hidden=\"true\" role=\"presentation\" data-has-wrapper=\"false\"><svg fill=\"currentColor\"><use href=\"http:\/\/www.lanacion.com.ar\/pf\/resources\/images\/sprites\/sprite-lanacion-default.svg?d=2049#time\"\/><\/svg><\/i>12<!-- -->&#8216;<span class=\"hidden md:inline\">minutos<!-- --> de lectura<\/span><\/span><\/p>\n<\/div>\n<\/div>\n<div class=\"col-span-8 md:col-span-10 md:col-start-2 xl:col-span-8 xl:col-start-5 max-w-550 md:max-w-635 mb-16\">\n<p class=\"ds-custom-paragraph font-tertiary text-20 leading-[150%] tracking-[-0.1px] text-left\"><strong>Robert Fripp conoce a Uma Kabusacki desde que ella ten\u00eda dos a\u00f1os<\/strong>. Para su padre, <strong>Fernando<\/strong>, la relaci\u00f3n con el guitarrista brit\u00e1nico se remonta a casi cuatro d\u00e9cadas: Fripp fue uno de sus grandes maestros, una figura decisiva en su recorrido musical y alguien con quien lleg\u00f3 a construir una relaci\u00f3n casi familiar. Ahora, esa historia vuelve a entrelazarse en <em><strong>Seattle<\/strong><\/em>, el primer disco de Uma, donde su padre asume el rol de m\u00fasico y productor, y el fundador de King Crimson participa como guitarrista en una versi\u00f3n de \u201cMary\u201d.<\/p>\n<\/div>\n<div class=\"col-span-8 md:col-span-10 md:col-start-2 xl:col-span-8 xl:col-start-5 max-w-550 md:max-w-635 mb-16\">\n<p class=\"ds-custom-paragraph font-tertiary text-20 leading-[150%] tracking-[-0.1px] text-left\">La escena resume bastante bien la particular historia musical de los Kabusacki. Fernando, guitarrista con una extensa trayectoria, que incluye la creaci\u00f3n del grupo <strong>Los Gauchos Alemanes<\/strong> en los noventa y trabajos con artistas como<strong> Charly Garc\u00eda<\/strong> y <strong>Juana Molina<\/strong>, ve ahora c\u00f3mo su hija empieza a construir su propio recorrido. \u201cRecuerdo haber sabido siempre que la m\u00fasica que yo escuchaba la iba a influir en su crecimiento y en su vida, por eso siento que es tan importante hacer m\u00fasica que sea buena. Tiempo despu\u00e9s, de m\u00e1s grande, Uma siempre ven\u00eda a acompa\u00f1arme a donde yo tocaba. Con Flopa Lestani, Marina Fages, Charly Garc\u00eda o con Francisco Bochat\u00f3n\u201d, rememora el m\u00fasico junto a su hija, en di\u00e1logo con <strong>LA NACION<\/strong>. <\/p>\n<\/div>\n<div class=\"col-span-8 md:col-span-10 md:col-start-2 xl:col-span-8 xl:col-start-5 max-w-550 md:max-w-635 mb-64\">\n<p><iframe loading=\"lazy\" title=\"Uma Kabusacki : Seattle : King Kong (Charly Garcia)\" width=\"1170\" height=\"658\" src=\"https:\/\/www.youtube.com\/embed\/ctmVdIVMexg?wmode=transparent&amp;rel=0&amp;feature=oembed\" frameborder=\"0\" allow=\"accelerometer; autoplay; clipboard-write; encrypted-media; gyroscope; picture-in-picture; web-share\" referrerpolicy=\"strict-origin-when-cross-origin\" allowfullscreen><\/iframe><\/p>\n<\/div>\n<div class=\"col-span-8 md:col-span-10 md:col-start-2 xl:col-span-8 xl:col-start-5 max-w-550 md:max-w-635 mb-16\">\n<p class=\"ds-custom-paragraph font-tertiary text-20 leading-[150%] tracking-[-0.1px] text-left\">Hoy Uma tiene 21 a\u00f1os, se form\u00f3 en el Conservatorio Juan Pedro Esnaola, particip\u00f3 de cursos de Guitar Craft dirigidos por Fripp, realiz\u00f3 giras por Europa y Jap\u00f3n, y comparti\u00f3 escenarios con m\u00fasicos de distintas generaciones. Pero <em>Seattle<\/em> es el primer proyecto en el que todas esas experiencias empiezan a ordenarse desde un lugar propio. <\/p>\n<\/div>\n<div class=\"col-span-8 md:col-span-10 md:col-start-2 xl:col-span-8 xl:col-start-5 max-w-550 md:max-w-635 mb-16\">\n<p class=\"ds-custom-paragraph font-tertiary text-20 leading-[150%] tracking-[-0.1px] text-left\">El \u00e1lbum fue grabado en el legendario London Bridge Studio, el estudio de Seattle asociado a grabaciones de bandas como Alice in Chains, Soundgarden y Pearl Jam. Producido por Steve Ball, D Box y su padre Fernando, el disco re\u00fane versiones de canciones que fueron importantes a lo largo de su camino. \u201cKing Kong\u201d y \u201cLa m\u00e1quina de ser feliz\u201d, de Charly Garc\u00eda; \u201cJokerman\u201d, de Bob Dylan; \u201cFirst Love\u201d, de Adele, y \u201cTu nombre y el m\u00edo\u201d, de Lisandro Aristimu\u00f1o son algunas de ellas, y podr\u00e1n escucharse en vivo <strong>este viernes 4 de septiembre en La F\u00e1brica.<\/strong> <\/p>\n<\/div>\n<div class=\"col-span-8 md:col-span-10 md:col-start-2 xl:col-span-8 xl:col-start-5 max-w-550 md:max-w-635 mb-16\">\n<figure>\n<div class=\"w-full flex justify-center bg-neutral-50\">\n<div class=\"max-md:border-x-0 border-1 border-neutral-200 w-full aspect-3\/2\">\n<div class=\"relative overflow-hidden h-full w-full\"><picture><source srcset=\"https:\/\/www.lanacion.com.ar\/resizer\/v2\/fernando-y-uma-WWUTOTDSOBAFPG5HIXZX4Z3V6A.jpg?auth=94285d9f0305ad284268b28f063b247fea83fe67051f74d5d8cbb735ba7ee89e&amp;width=780&amp;height=520&amp;quality=70&amp;smart=true\" media=\"(min-width: 768px)\"\/><img alt=\"Fernando y Uma Kabusacki\" loading=\"lazy\" decoding=\"async\" class=\"ds-image relative z-1 object-cover h-full w-full\" src=\"https:\/\/www.lanacion.com.ar\/resizer\/v2\/fernando-y-uma-WWUTOTDSOBAFPG5HIXZX4Z3V6A.jpg?auth=94285d9f0305ad284268b28f063b247fea83fe67051f74d5d8cbb735ba7ee89e&amp;width=420&amp;height=280&amp;quality=70&amp;smart=true\" width=\"5908\" height=\"3939\"\/><\/picture><\/div>\n<\/div>\n<\/div><figcaption class=\"py-8 space-x-8\"><span class=\"font-normal text-base-default text-16 text-center leading-[140%] tracking-[-0.3px]\">Fernando y Uma Kabusacki<\/span><span class=\"font-normal text-base-light text-16 text-center leading-[140%] tracking-[-0.3px]\">Hernan Zenteno &#8211; La Nacion<\/span><\/figcaption><\/figure>\n<\/div>\n<div class=\"col-span-8 md:col-span-10 md:col-start-2 xl:col-span-8 xl:col-start-5 max-w-550 md:max-w-635 mb-16\">\n<p class=\"ds-custom-paragraph font-tertiary text-20 leading-[150%] tracking-[-0.1px] text-left\">\u201cHace un par de a\u00f1os vinieron a casa Steve y D Box, dos amigos de toda la vida, y <strong>dec\u00edan que la voz de Uma les hac\u00eda acordar a Karen Carpenter. Le pasaron el tema \u2018Superstar\u2019 y ella lo aprendi\u00f3 en dos minutos.<\/strong> Quedaron impresionados no solo por la rapidez, sino por la capacidad de ella de hacer propias canciones que quiz\u00e1s no conoc\u00eda y cantarlas de una manera personal. Ah\u00ed surgi\u00f3 la idea de hacer un disco\u201d, relata Fernando. <\/p>\n<\/div>\n<div class=\"col-span-8 md:col-span-10 md:col-start-2 xl:col-span-8 xl:col-start-5 max-w-550 md:max-w-635 mb-16\">\n<p class=\"ds-custom-paragraph font-tertiary text-20 leading-[150%] tracking-[-0.1px] text-left\">\u201cFuimos all\u00e1 con la idea de ver qu\u00e9 sal\u00eda m\u00e1s org\u00e1nico y de pasarla bien haci\u00e9ndolo all\u00e1 con ellos, con quienes tambi\u00e9n hay una relaci\u00f3n cercana\u201d, cuenta Uma. Es por eso que, m\u00e1s que como un repertorio de versiones, <em>Seattle<\/em> funciona como una especie de mapa personal, que guarda distintas historias. \u201cMi objetivo era lograr que aunque sean versiones, pudiera sentirlo m\u00edo. Todas las canciones que est\u00e1n me marcaron de alguna forma, quiz\u00e1s en c\u00f3mo las conoc\u00ed o en escucharlas y que me dejen huella. Se fueron seleccionando solas, no hubo un plan de c\u00f3mo conectarlas. Por ejemplo, \u2018King Kong\u2019 la conoc\u00ed hace relativamente poco y me encant\u00f3. La probamos estando en el living de la casa de D-Box y dijimos, \u2018Es esto\u2019. Esa espontaneidad nos fue llevando a la decisi\u00f3n\u201d, a\u00f1ade.<\/p>\n<\/div>\n<div class=\"col-span-8 md:col-span-10 md:col-start-2 xl:col-span-8 xl:col-start-5 max-w-550 md:max-w-635 mb-16\">\n<p class=\"ds-custom-paragraph font-tertiary text-20 leading-[150%] tracking-[-0.1px] text-left\">Una de esas historias la llev\u00f3 hasta Terre Roche, integrante del hist\u00f3rico grupo estadounidense The Roches. Durante un viaje a Texas, Uma conoci\u00f3 a la cantante y tuvo la oportunidad de cantar con ella, acerc\u00e1ndose a una m\u00fasica que hasta entonces conoc\u00eda desde otro lugar. Ese encuentro luego inspirar\u00eda que \u201cRuns in the Family\u201d fuera incorporada al repertorio de <em>Seattle<\/em>. As\u00ed se fue armando el disco. Detr\u00e1s de cada canci\u00f3n hay una experiencia, un v\u00ednculo o un momento de formaci\u00f3n que aparecen reunidos sin necesidad de forzar una unidad. <\/p>\n<\/div>\n<div class=\"col-span-8 md:col-span-10 md:col-start-2 xl:col-span-8 xl:col-start-5 max-w-550 md:max-w-635 mb-16\">\n<p class=\"ds-custom-paragraph font-tertiary text-20 leading-[150%] tracking-[-0.1px] text-left\">Y en ese proceso tambi\u00e9n aparece Fernando. No solamente como padre, sino como m\u00fasico y productor.<\/p>\n<\/div>\n<div class=\"col-span-8 md:col-span-10 md:col-start-2 xl:col-span-8 xl:col-start-5 max-w-550 md:max-w-635 mb-16\">\n<figure>\n<div class=\"w-full flex justify-center bg-neutral-50\">\n<div class=\"max-md:border-x-0 border-1 border-neutral-200 w-full aspect-3\/2\">\n<div class=\"relative overflow-hidden h-full w-full\"><picture><source srcset=\"https:\/\/www.lanacion.com.ar\/resizer\/v2\/uma-interpreta-temas-de-charly-garcia-y-otros-6CMMEDN2NFCRBCSKZMKAZZF4WY.jpg?auth=9661da5aef92c91174a71666aaf3d06c03a9c9fdff9eaa4ea5b7d1c0dd6ddfb8&amp;width=780&amp;height=520&amp;quality=70&amp;smart=true\" media=\"(min-width: 768px)\"\/><img alt=\"Uma interpreta temas de Charly Garc\u00eda y otros artistas en su primer disco, Seattle\" loading=\"lazy\" decoding=\"async\" class=\"ds-image relative z-1 object-cover h-full w-full\" src=\"https:\/\/www.lanacion.com.ar\/resizer\/v2\/uma-interpreta-temas-de-charly-garcia-y-otros-6CMMEDN2NFCRBCSKZMKAZZF4WY.jpg?auth=9661da5aef92c91174a71666aaf3d06c03a9c9fdff9eaa4ea5b7d1c0dd6ddfb8&amp;width=420&amp;height=280&amp;quality=70&amp;smart=true\" width=\"6000\" height=\"4000\"\/><\/picture><\/div>\n<\/div>\n<\/div><figcaption class=\"py-8 space-x-8\"><span class=\"font-normal text-base-default text-16 text-center leading-[140%] tracking-[-0.3px]\">Uma interpreta temas de Charly Garc\u00eda y otros artistas en su primer disco, Seattle<\/span><span class=\"font-normal text-base-light text-16 text-center leading-[140%] tracking-[-0.3px]\">Hernan Zenteno &#8211; La Nacion<\/span><\/figcaption><\/figure>\n<\/div>\n<div class=\"col-span-8 md:col-span-10 md:col-start-2 xl:col-span-8 xl:col-start-5 max-w-550 md:max-w-635 mb-16\">\n<p class=\"ds-custom-paragraph font-tertiary text-20 leading-[150%] tracking-[-0.1px] text-left\"><strong>\u2014\u00bfC\u00f3mo fue acompa\u00f1ar la construcci\u00f3n del disco como productor sin imponer una direcci\u00f3n?<\/strong><\/p>\n<\/div>\n<div class=\"col-span-8 md:col-span-10 md:col-start-2 xl:col-span-8 xl:col-start-5 max-w-550 md:max-w-635 mb-16\">\n<p class=\"ds-custom-paragraph font-tertiary text-20 leading-[150%] tracking-[-0.1px] text-left\"><strong>Fernando: &#8211;<\/strong>En realidad el trabajo de producci\u00f3n fue proponer y sugerir, pero lo principal era dejar que ella decida todo. Creo que para los tres, tanto en mi caso como en el de Steve y D Box como productores, fue muy lindo trabajar juntos, la idea era darle un sustento y un \u201c\u00bfC\u00f3mo quer\u00e9s que lo hagamos?\u201d. En realidad la productora era ella con nuestro apoyo. Me parece que la idea del productor es que sea ella y que el disco tenga su color. Creo que lo logramos, creo que fuimos un \u00e9xito como tr\u00edo de producci\u00f3n. <\/p>\n<\/div>\n<div class=\"col-span-8 md:col-span-10 md:col-start-2 xl:col-span-8 xl:col-start-5 max-w-550 md:max-w-635 mb-16\">\n<p class=\"ds-custom-paragraph font-tertiary text-20 leading-[150%] tracking-[-0.1px] text-left\">Para Uma, esa libertad fue tambi\u00e9n uno de los desaf\u00edos del disco. \u201cYo soy muy de preguntar, a veces no s\u00e9 qu\u00e9 quiero y ac\u00e1 hubo que tomar decisiones\u201d, cuenta. Fernando, sin embargo, insiste en que esa capacidad estaba ah\u00ed: \u201cElla sabe lo que es bueno\u201d.<\/p>\n<\/div>\n<div class=\"col-span-8 md:col-span-10 md:col-start-2 xl:col-span-8 xl:col-start-5 max-w-550 md:max-w-635 mb-16\">\n<p class=\"ds-custom-paragraph font-tertiary text-20 leading-[150%] tracking-[-0.1px] text-left\">La din\u00e1mica entre los dos no apareci\u00f3 solo con la elaboraci\u00f3n del disco, viene de a\u00f1os atr\u00e1s, en los que compartieron escenario en distintos proyectos. Uno de los primeros fue con la Kabusacki Band, a la que Uma se sumaba a cantar habitualmente. Luego lleg\u00f3 tambi\u00e9n <strong>Los Instrumentales de Charly<\/strong>, el proyecto que compartieron con <strong>Fernando Samalea<\/strong> y <strong>Mat\u00edas Mango<\/strong>.<\/p>\n<\/div>\n<div class=\"col-span-8 md:col-span-10 md:col-start-2 xl:col-span-8 xl:col-start-5 max-w-550 md:max-w-635 mb-64\">\n<p><iframe loading=\"lazy\" title=\"Runs in the Family\" width=\"1170\" height=\"878\" src=\"https:\/\/www.youtube.com\/embed\/grJ1XCqZiGU?wmode=transparent&amp;rel=0&amp;feature=oembed\" frameborder=\"0\" allow=\"accelerometer; autoplay; clipboard-write; encrypted-media; gyroscope; picture-in-picture; web-share\" referrerpolicy=\"strict-origin-when-cross-origin\" allowfullscreen><\/iframe><\/p>\n<\/div>\n<div class=\"col-span-8 md:col-span-10 md:col-start-2 xl:col-span-8 xl:col-start-5 max-w-550 md:max-w-635 mb-16\">\n<p class=\"ds-custom-paragraph font-tertiary text-20 leading-[150%] tracking-[-0.1px] text-left\"><strong>\u2014\u00bfCu\u00e1ndo sintieron que dejaron de ser solamente padre e hija para convertirse tambi\u00e9n en colegas?<\/strong><\/p>\n<\/div>\n<div class=\"col-span-8 md:col-span-10 md:col-start-2 xl:col-span-8 xl:col-start-5 max-w-550 md:max-w-635 mb-16\">\n<p class=\"ds-custom-paragraph font-tertiary text-20 leading-[150%] tracking-[-0.1px] text-left\"><strong>Fernando: &#8211;<\/strong>A m\u00ed me pas\u00f3 cuando tocamos en Los Instrumentales de Charly, porque no fue un proyecto en el que que yo suger\u00ed que ella cante, \u00e9ramos compa\u00f1eros de banda, compa\u00f1eros de trabajo, incluso. \u00c9ramos los dos parte de una banda m\u00e1s grande.<\/p>\n<\/div>\n<div class=\"col-span-8 md:col-span-10 md:col-start-2 xl:col-span-8 xl:col-start-5 max-w-550 md:max-w-635 mb-16\">\n<p class=\"ds-custom-paragraph font-tertiary text-20 leading-[150%] tracking-[-0.1px] text-left\"><strong>Uma: &#8211;<\/strong>S\u00ed, y a m\u00ed me encanta que est\u00e9n esos momentos. Quiz\u00e1s estamos en casa y nos proponemos ensayar un rato o no nos vemos, pero decimos: \u2018Ma\u00f1ana necesitamos organizar, hablar del show, del disco\u2019. Esos momentos para m\u00ed son buen\u00edsimos, porque te saca un poco de ese lugar familiar pero, al mismo tiempo, es mi pap\u00e1.<\/p>\n<\/div>\n<div class=\"col-span-8 md:col-span-10 md:col-start-2 xl:col-span-8 xl:col-start-5 max-w-550 md:max-w-635 mb-16\">\n<p class=\"ds-custom-paragraph font-tertiary text-20 leading-[150%] tracking-[-0.1px] text-left\">La relaci\u00f3n y el aprendizaje musical, adem\u00e1s, funciona en las dos direcciones. Fernando fue quien acerc\u00f3 a Uma a una parte importante de la m\u00fasica que la rode\u00f3 desde chica, pero ella tambi\u00e9n empez\u00f3 a abrirle puertas hacia sonidos y artistas de su generaci\u00f3n. Adele, Rosal\u00eda, y C.Tangana aparecen entre los que Fernando conoci\u00f3 a partir de las recomendaciones de su hija. \u201cLa gente de mi edad o los m\u00fasicos con m\u00e1s experiencia muchas veces tenemos eso de: \u2018Yo ya s\u00e9 y escuch\u00e9 todo, mucho m\u00e1s que ustedes que son j\u00f3venes\u2019. Y la verdad que no, tengo mucho que aprender y que conocer. Aprend\u00ed a no dudar de que a lo que me recomienda le voy a prestar atenci\u00f3n porque es realmente bueno. Tambi\u00e9n escuch\u00e9 mucho trap gracias a ella, fui a festivales y en un momento llegu\u00e9 a decir: \u2018Hay m\u00e1s rock ac\u00e1 que en el llamado rock nacional\u2019\u201d. <\/p>\n<\/div>\n<div class=\"col-span-8 md:col-span-10 md:col-start-2 xl:col-span-8 xl:col-start-5 max-w-550 md:max-w-635 mb-16\">\n<p class=\"ds-custom-paragraph font-tertiary text-20 leading-[150%] tracking-[-0.1px] text-left\">Uma, adem\u00e1s de la m\u00fasica heredada de su padre, confiesa que aprendi\u00f3 de \u00e9l su manera de vincularse con ella: \u201cSu relaci\u00f3n con la m\u00fasica se da desde un lugar muy genuino. A veces uno al concentrarse tanto en la t\u00e9cnica termina olvid\u00e1ndose que en realidad esa conexi\u00f3n y el disfrute son lo m\u00e1s importante\u201d. <\/p>\n<\/div>\n<div class=\"col-span-8 md:col-span-10 md:col-start-2 xl:col-span-8 xl:col-start-5 max-w-550 md:max-w-635 mb-16\">\n<figure>\n<div class=\"w-full flex justify-center bg-neutral-50\">\n<div class=\"max-md:border-x-0 border-1 border-neutral-200 w-full aspect-3\/2\">\n<div class=\"relative overflow-hidden h-full w-full\"><picture><source srcset=\"https:\/\/www.lanacion.com.ar\/resizer\/v2\/en-la-version-de-uma-de-jokerman-de-bob-dylan-7XJ3TGNZZJANNHLZIXYSR2WCME.jpg?auth=df3e65c4170c41eee8bf86ab4f99893ad89f0078b38ff34a0ad15eee878ba418&amp;width=780&amp;height=520&amp;quality=70&amp;smart=true\" media=\"(min-width: 768px)\"\/><img alt=\"En la versi\u00f3n de Uma de \u201cJokerman\u201d, de Bob Dylan participan Le\u00f3n Gieco, Lisandro Aristimu\u00f1o y Ariel \u201cTopo\u201d Raiman, baterista de Los Pericos\" loading=\"lazy\" decoding=\"async\" class=\"ds-image relative z-1 object-cover h-full w-full\" src=\"https:\/\/www.lanacion.com.ar\/resizer\/v2\/en-la-version-de-uma-de-jokerman-de-bob-dylan-7XJ3TGNZZJANNHLZIXYSR2WCME.jpg?auth=df3e65c4170c41eee8bf86ab4f99893ad89f0078b38ff34a0ad15eee878ba418&amp;width=420&amp;height=280&amp;quality=70&amp;smart=true\" width=\"5314\" height=\"3543\"\/><\/picture><\/div>\n<\/div>\n<\/div><figcaption class=\"py-8 space-x-8\"><span class=\"font-normal text-base-default text-16 text-center leading-[140%] tracking-[-0.3px]\">En la versi\u00f3n de Uma de \u201cJokerman\u201d, de Bob Dylan participan Le\u00f3n Gieco, Lisandro Aristimu\u00f1o y Ariel \u201cTopo\u201d Raiman, baterista de Los Pericos<\/span><span class=\"font-normal text-base-light text-16 text-center leading-[140%] tracking-[-0.3px]\">Hernan Zenteno &#8211; La Nacion<\/span><\/figcaption><\/figure>\n<\/div>\n<div class=\"col-span-8 md:col-span-10 md:col-start-2 xl:col-span-8 xl:col-start-5 max-w-550 md:max-w-635 mb-16\">\n<p class=\"ds-custom-paragraph font-tertiary text-20 leading-[150%] tracking-[-0.1px] text-left\">Esa idea tambi\u00e9n atraviesa la manera en que naci\u00f3 <em>Seattle<\/em>. Y desde ese mismo lugar surgieron algunas de las colaboraciones m\u00e1s significativas del \u00e1lbum. <strong>En \u201cJokerman\u201d, de Bob Dylan participan, por ejemplo, Le\u00f3n Gieco, Lisandro Aristimu\u00f1o y Ariel \u201cTopo\u201d Raiman.<\/strong> \u201cComo en la versi\u00f3n original toca Sly Dunbar la bater\u00eda, llamamos a uno de los mejores bateristas de reggae que hay en Argentina, que es el Topo Raiman, el baterista de Los Pericos. Lisandro es muy fan del dub y el reggae le fascina. Es un bajista incre\u00edble. Y como sabemos que a Le\u00f3n le encanta Dylan, tambi\u00e9n le gust\u00f3 la idea y grab\u00f3 las arm\u00f3nicas. Todos se acercaron por entusiasmo y por compartir ese amor por la m\u00fasica y por las canciones. No hubo nada de compa\u00f1\u00edas, ni de exposici\u00f3n, ni de especulaciones\u201d, reconoce Fernando. <\/p>\n<\/div>\n<div class=\"col-span-8 md:col-span-10 md:col-start-2 xl:col-span-8 xl:col-start-5 max-w-550 md:max-w-635 mb-16\">\n<p class=\"ds-custom-paragraph font-tertiary text-20 leading-[150%] tracking-[-0.1px] text-left\">Otro de los casos m\u00e1s significativos es el de Robert Fripp. La relaci\u00f3n de Fernando con el guitarrista viene de unos 39 a\u00f1os atr\u00e1s, desde que se fue a buscarlo de Rosario a Londres, y el destino y la perseverancia hicieron que no solamente lo conociera, sino que tambi\u00e9n aprendiera a tocar con \u00e9l y terminara integrando los cursos de Guitar Craft, dirigidos por el c\u00e9lebre m\u00fasico. Tiempo despu\u00e9s, Uma, por su parte, particip\u00f3 tambi\u00e9n de esos espacios y lleg\u00f3 a cantar \u201cMary\u201d, una canci\u00f3n de Fripp cantada por Terre Roche que hab\u00eda quedado registrada originalmente en <em>Exposure<\/em>, el disco de 1979. Fripp la escuch\u00f3 y respondi\u00f3 con una palabra: \u201cMagn\u00edfico\u201d. Sus guitarras terminaron formando parte del disco.<\/p>\n<\/div>\n<div class=\"col-span-8 md:col-span-10 md:col-start-2 xl:col-span-8 xl:col-start-5 max-w-550 md:max-w-635 mb-16\">\n<p class=\"ds-custom-paragraph font-tertiary text-20 leading-[150%] tracking-[-0.1px] text-left\"><strong>\u2014\u00bfQu\u00e9 signific\u00f3 para vos que Robert Fripp escuchara tu versi\u00f3n de \u201cMary\u201d y terminara siendo parte del \u00e1lbum? <\/strong><\/p>\n<\/div>\n<div class=\"col-span-8 md:col-span-10 md:col-start-2 xl:col-span-8 xl:col-start-5 max-w-550 md:max-w-635 mb-16\">\n<p class=\"ds-custom-paragraph font-tertiary text-20 leading-[150%] tracking-[-0.1px] text-left\"><strong>Uma: &#8211;<\/strong>Tenerlo en el disco es incre\u00edble, pero lo m\u00e1s importante para m\u00ed fue esa aprobaci\u00f3n de que realmente le gust\u00f3. Ese \u201cser avalada por Robert Fripp\u201d. <\/p>\n<\/div>\n<div class=\"col-span-8 md:col-span-10 md:col-start-2 xl:col-span-8 xl:col-start-5 max-w-550 md:max-w-635 mb-16\">\n<p class=\"ds-custom-paragraph font-tertiary text-20 leading-[150%] tracking-[-0.1px] text-left\"><strong>Fernando: &#8211;<\/strong>Ahora est\u00e1 proponiendo otras cosas m\u00e1s. Manda ideas para que Uma cante. Est\u00e1 muy presente en esto de apoyarla a ella, le parece buen\u00edsimo como canta.<\/p>\n<\/div>\n<div class=\"col-span-8 md:col-span-10 md:col-start-2 xl:col-span-8 xl:col-start-5 max-w-550 md:max-w-635 mb-16\">\n<p class=\"ds-custom-paragraph font-tertiary text-20 leading-[150%] tracking-[-0.1px] text-left\"><strong>\u2013Charly Garc\u00eda tambi\u00e9n aparece como un punto de encuentro entre sus dos recorridos. \u00bfQu\u00e9 significa su m\u00fasica para cada uno de ustedes?\u201d<\/strong><\/p>\n<\/div>\n<div class=\"col-span-8 md:col-span-10 md:col-start-2 xl:col-span-8 xl:col-start-5 max-w-550 md:max-w-635 mb-16\">\n<p class=\"ds-custom-paragraph font-tertiary text-20 leading-[150%] tracking-[-0.1px] text-left\"><strong>Uma: &#8211;<\/strong>En mi caso como siempre estuvo tanto en mi casa y como es muy cercano siempre pens\u00e9 en Charly como alguien incre\u00edble, pero lo dimension\u00e9 y lo apreci\u00e9 mucho m\u00e1s estando en Los instrumentales de Charly, conociendo canciones que quiz\u00e1s no iba a conocer por mi cuenta. Hace poco tocamos con otro proyecto, Los Chilenos de Charly, y al tocar con ellos te das cuenta tambi\u00e9n lo importante y fuerte que es su influencia. Esas experiencias puntuales de meterme un poco m\u00e1s de cerca me hicieron valorarlo mucho m\u00e1s. <\/p>\n<\/div>\n<div class=\"col-span-8 md:col-span-10 md:col-start-2 xl:col-span-8 xl:col-start-5 max-w-550 md:max-w-635 mb-16\">\n<p class=\"ds-custom-paragraph font-tertiary text-20 leading-[150%] tracking-[-0.1px] text-left\">Fernando: Alguien hace poco le pregunt\u00f3 a Charly c\u00f3mo es que su m\u00fasica es tan apreciada por gente tan joven. Charly contest\u00f3: \u201cPorque la hice con amor.\u201d Eso es lo que le llega a los pibes. Llega a un p\u00fablico muy joven que lo ama, incluso siendo de otra generaci\u00f3n, como Uma que canta sus canciones y siento que se conecta con su obra de una manera muy directa. Son m\u00fasicos que cuando hicieron muchos de esos discos tan emblem\u00e1ticos tambi\u00e9n eran j\u00f3venes, entonces le est\u00e1n hablando a sus pares en cierta forma.<\/p>\n<\/div>\n<div class=\"col-span-8 md:col-span-10 md:col-start-2 xl:col-span-8 xl:col-start-5 max-w-550 md:max-w-635 mb-16\">\n<p class=\"ds-custom-paragraph font-tertiary text-20 leading-[150%] tracking-[-0.1px] text-left\"><strong>&#8211; \u00bfC\u00f3mo ves hoy la escena musical y la generaci\u00f3n de m\u00fasicos de la que forma parte Uma?<\/strong> <strong>\u00bfHay algo que te sorprenda de c\u00f3mo entienden la m\u00fasica que sea diferente de c\u00f3mo lo ve\u00edas vos a su edad?<\/strong><\/p>\n<\/div>\n<div class=\"col-span-8 md:col-span-10 md:col-start-2 xl:col-span-8 xl:col-start-5 max-w-550 md:max-w-635 mb-16\">\n<p class=\"ds-custom-paragraph font-tertiary text-20 leading-[150%] tracking-[-0.1px] text-left\"><strong>Fernando: &#8211;<\/strong>Lo que podr\u00eda decir que no me gusta es que la gente joven pudiendo hacer cualquier cosa que se les ocurra hacen un poco todos lo mismo y siguen una especie de reglamentos supuestamente escritos, para gustarle al mercado, a los productores o al p\u00fablico. No s\u00e9 por qu\u00e9, pero siento que muchos de los m\u00fasicos j\u00f3venes no est\u00e1n diciendo la verdad, sino que est\u00e1n tratando de vender, especulando. Seguramente en mi \u00e9poca tambi\u00e9n hab\u00eda m\u00fasicos que hac\u00edan eso, pero hab\u00eda mucho de libertad. Los m\u00fasicos que estamos versionando, como Charly Garc\u00eda, Robert Fripp, Bob Dylan o Adele son m\u00fasicos que decidieron hacer lo que realmente les parec\u00eda y ser lo m\u00e1s genuinos y verdaderos posibles, por el amor a la m\u00fasica tambi\u00e9n. <\/p>\n<\/div>\n<div class=\"col-span-8 md:col-span-10 md:col-start-2 xl:col-span-8 xl:col-start-5 max-w-550 md:max-w-635 mb-16\">\n<p class=\"ds-custom-paragraph font-tertiary text-20 leading-[150%] tracking-[-0.1px] text-left\"><strong>\u2014Despu\u00e9s de hacer <\/strong><em><strong>Seattle<\/strong><\/em><strong>, \u00bfQu\u00e9 sienten que cambi\u00f3 entre ustedes como padre e hija y como m\u00fasicos?<\/strong><\/p>\n<\/div>\n<div class=\"col-span-8 md:col-span-10 md:col-start-2 xl:col-span-8 xl:col-start-5 max-w-550 md:max-w-635 mb-16\">\n<p class=\"ds-custom-paragraph font-tertiary text-20 leading-[150%] tracking-[-0.1px] text-left\"><strong>Uma: &#8211;<\/strong>Siento que creci\u00f3 mucho m\u00e1s ese lado de ser compa\u00f1eros musicales<\/p>\n<\/div>\n<div class=\"col-span-8 md:col-span-10 md:col-start-2 xl:col-span-8 xl:col-start-5 max-w-550 md:max-w-635 mb-16\">\n<p class=\"ds-custom-paragraph font-tertiary text-20 leading-[150%] tracking-[-0.1px] text-left\"><strong>Fernando: &#8211;<\/strong>S\u00ed, yo disfruto much\u00edsimo de tocar con ella y de ver c\u00f3mo se consolid\u00f3, tiene una presencia mucho m\u00e1s fuerte y m\u00e1s segura.<em> Seattle<\/em> la pone a ella adelante, es la cara de ella y su nombre. Espero poder seguir apoyando sus proyectos. S\u00e9 que la m\u00fasica la va a llevar por lugares muy buenos.<\/p>\n<\/div>\n<div class=\"col-span-8 md:col-span-10 md:col-start-2 xl:col-span-8 xl:col-start-5 max-w-550 md:max-w-635 mb-16\">\n<p class=\"ds-custom-paragraph font-tertiary text-20 leading-[150%] tracking-[-0.1px] text-left\">Este viernes, cuando <em>Seattle<\/em> llegue al escenario de La F\u00e1brica, padre e hija volver\u00e1n a compartir m\u00fasica. Pero para Uma el disco no parece ser un punto de llegada, sino una parte m\u00e1s de una b\u00fasqueda que todav\u00eda est\u00e1 en movimiento. Ya trabaja junto a Tom\u00e1s Hepner y Fernando en un nuevo \u00e1lbum, muy diferente de <em>Seattle<\/em>, que empez\u00f3 casi sin un plan previo y termin\u00f3 llev\u00e1ndolos de una idea m\u00e1s<em> ambient <\/em>hacia canciones propias, con una impronta m\u00e1s electr\u00f3nica e incluso <em>dance<\/em> en algunos momentos. <\/p>\n<\/div>\n<div class=\"col-span-8 md:col-span-10 md:col-start-2 xl:col-span-8 xl:col-start-5 max-w-550 md:max-w-635 mb-16\">\n<p class=\"ds-custom-paragraph font-tertiary text-20 leading-[150%] tracking-[-0.1px] text-left\">Es, en definitiva, una forma de hacer m\u00fasica que parece coincidir con la manera en que Uma entiende su propio recorrido. \u201cTodo me entusiasma\u201d, dice. \u201cSoy de decir \u2018probemos, la pasamos bien, lo hago, lo disfruto\u2019 y sale desde ese lado\u201d. Despu\u00e9s de un primer disco construido con canciones que la acompa\u00f1aron durante a\u00f1os, ahora empieza a descubrir tambi\u00e9n qu\u00e9 puede pasar cuando las canciones empiezan a salir de ella. Quiz\u00e1s, por ahora, no necesite mucho m\u00e1s que eso. Dejar que la m\u00fasica le muestre hacia d\u00f3nde seguir.<\/p>\n<\/div>\n<\/div>\n<p><script id=\"facebookpixel\" defer=\"\" type=\"text\/javascript\">\n        !function(f,b,e,v,n,t,s)\n        {if(f.fbq)return;n=f.fbq=function(){n.callMethod?\n        n.callMethod.apply(n,arguments):n.queue.push(arguments)};\n        if(!f._fbq)f._fbq=n;n.push=n;n.loaded=!0;n.version='2.0';\n        n.queue=[];t=b.createElement(e);t.async=!0;\n        t.src=v;s=b.getElementsByTagName(e)[0];\n        s.parentNode.insertBefore(t,s)}(window, document,'script',\n        '\n        fbq('init', '492459597522335');\n        fbq('track', 'PageView');\n    <\/script><\/p>\n","protected":false},"excerpt":{"rendered":"<p>Se presentar\u00e1n este viernes en La F\u00e1brica, donde interpretar\u00e1n las canciones del \u00e1lbum debut de Uma 4 de septiembre de 202610:0112&#8216;minutos de lectura Robert Fripp conoce a Uma Kabusacki desde que ella ten\u00eda dos a\u00f1os. Para su padre, Fernando, la relaci\u00f3n con el guitarrista brit\u00e1nico se remonta a casi cuatro d\u00e9cadas: Fripp fue uno de [&hellip;]<\/p>\n","protected":false},"author":2,"featured_media":91353,"comment_status":"","ping_status":"","sticky":false,"template":"","format":"standard","meta":{"footnotes":""},"categories":[14],"tags":[],"_links":{"self":[{"href":"https:\/\/maxradio923.com.ar\/index.php\/wp-json\/wp\/v2\/posts\/91352"}],"collection":[{"href":"https:\/\/maxradio923.com.ar\/index.php\/wp-json\/wp\/v2\/posts"}],"about":[{"href":"https:\/\/maxradio923.com.ar\/index.php\/wp-json\/wp\/v2\/types\/post"}],"author":[{"embeddable":true,"href":"https:\/\/maxradio923.com.ar\/index.php\/wp-json\/wp\/v2\/users\/2"}],"replies":[{"embeddable":true,"href":"https:\/\/maxradio923.com.ar\/index.php\/wp-json\/wp\/v2\/comments?post=91352"}],"version-history":[{"count":0,"href":"https:\/\/maxradio923.com.ar\/index.php\/wp-json\/wp\/v2\/posts\/91352\/revisions"}],"wp:featuredmedia":[{"embeddable":true,"href":"https:\/\/maxradio923.com.ar\/index.php\/wp-json\/wp\/v2\/media\/91353"}],"wp:attachment":[{"href":"https:\/\/maxradio923.com.ar\/index.php\/wp-json\/wp\/v2\/media?parent=91352"}],"wp:term":[{"taxonomy":"category","embeddable":true,"href":"https:\/\/maxradio923.com.ar\/index.php\/wp-json\/wp\/v2\/categories?post=91352"},{"taxonomy":"post_tag","embeddable":true,"href":"https:\/\/maxradio923.com.ar\/index.php\/wp-json\/wp\/v2\/tags?post=91352"}],"curies":[{"name":"wp","href":"https:\/\/api.w.org\/{rel}","templated":true}]}}