{"id":91350,"date":"2026-09-04T10:02:06","date_gmt":"2026-09-04T13:02:06","guid":{"rendered":"https:\/\/maxradio923.com.ar\/index.php\/2026\/09\/04\/comenzo-la-ronda-internacional-de-negocios-del-sector-alimentos-y-bebidas\/"},"modified":"2026-09-04T10:02:06","modified_gmt":"2026-09-04T13:02:06","slug":"comenzo-la-ronda-internacional-de-negocios-del-sector-alimentos-y-bebidas","status":"publish","type":"post","link":"https:\/\/maxradio923.com.ar\/index.php\/2026\/09\/04\/comenzo-la-ronda-internacional-de-negocios-del-sector-alimentos-y-bebidas\/","title":{"rendered":"Comenz\u00f3 la Ronda Internacional de Negocios del sector alimentos y bebidas"},"content":{"rendered":"<p><\/p>\n<div>\n<p>El XV Encuentro Oliv\u00edcola Internacional comenz\u00f3 la jornada del jueves con la primera de las dos Rondas Internacionales de Negocios del sector alimentos y bebidas. En esta actividad participaron empresas importadoras de Chile, Per\u00fa, Brasil, Estado Unidos y Canad\u00e1, que tuvieron contacto directo con empresarios locales.<\/p>\n<p>Al respecto, el secretario de Coordinaci\u00f3n para el Desarrollo Econ\u00f3mico, Alfredo Aciar, expres\u00f3 que \u201ccon este tipo de iniciativas buscamos conectar nuestra oferta exportable, en este caso de distintos productos, no solo de aceite de oliva, con empresas importadores de distintos pa\u00edses\u201d. El objetivo de estos espacios es que la provincia pueda incrementar sus exportaciones de productos tradicionales. En esta l\u00ednea, el secretario Aciar resalt\u00f3 que el agroindustrial y el sector agroalimentario de San Juan han tenido un papel protag\u00f3nico en este encuentro.<\/p>\n<\/p><\/div>\n<p><script async defer crossorigin=\"anonymous\" src=\"https:\/\/connect.facebook.net\/es_ES\/sdk.js#xfbml=1&#038;version=v3.3\"><\/script><\/p>\n","protected":false},"excerpt":{"rendered":"<p>El XV Encuentro Oliv\u00edcola Internacional comenz\u00f3 la jornada del jueves con la primera de las dos Rondas Internacionales de Negocios del sector alimentos y bebidas. En esta actividad participaron empresas importadoras de Chile, Per\u00fa, Brasil, Estado Unidos y Canad\u00e1, que tuvieron contacto directo con empresarios locales. Al respecto, el secretario de Coordinaci\u00f3n para el Desarrollo [&hellip;]<\/p>\n","protected":false},"author":2,"featured_media":91351,"comment_status":"","ping_status":"","sticky":false,"template":"","format":"standard","meta":{"footnotes":""},"categories":[8],"tags":[],"_links":{"self":[{"href":"https:\/\/maxradio923.com.ar\/index.php\/wp-json\/wp\/v2\/posts\/91350"}],"collection":[{"href":"https:\/\/maxradio923.com.ar\/index.php\/wp-json\/wp\/v2\/posts"}],"about":[{"href":"https:\/\/maxradio923.com.ar\/index.php\/wp-json\/wp\/v2\/types\/post"}],"author":[{"embeddable":true,"href":"https:\/\/maxradio923.com.ar\/index.php\/wp-json\/wp\/v2\/users\/2"}],"replies":[{"embeddable":true,"href":"https:\/\/maxradio923.com.ar\/index.php\/wp-json\/wp\/v2\/comments?post=91350"}],"version-history":[{"count":0,"href":"https:\/\/maxradio923.com.ar\/index.php\/wp-json\/wp\/v2\/posts\/91350\/revisions"}],"wp:featuredmedia":[{"embeddable":true,"href":"https:\/\/maxradio923.com.ar\/index.php\/wp-json\/wp\/v2\/media\/91351"}],"wp:attachment":[{"href":"https:\/\/maxradio923.com.ar\/index.php\/wp-json\/wp\/v2\/media?parent=91350"}],"wp:term":[{"taxonomy":"category","embeddable":true,"href":"https:\/\/maxradio923.com.ar\/index.php\/wp-json\/wp\/v2\/categories?post=91350"},{"taxonomy":"post_tag","embeddable":true,"href":"https:\/\/maxradio923.com.ar\/index.php\/wp-json\/wp\/v2\/tags?post=91350"}],"curies":[{"name":"wp","href":"https:\/\/api.w.org\/{rel}","templated":true}]}}