{"id":91346,"date":"2026-09-04T06:19:03","date_gmt":"2026-09-04T09:19:03","guid":{"rendered":"https:\/\/maxradio923.com.ar\/index.php\/2026\/09\/04\/maxi-trusso-de-su-impactante-caida-a-su-resurreccion-las-perdidas-familiares-la-polemica-con-lali-y-su-cruce-con-la-politica\/"},"modified":"2026-09-04T06:19:03","modified_gmt":"2026-09-04T09:19:03","slug":"maxi-trusso-de-su-impactante-caida-a-su-resurreccion-las-perdidas-familiares-la-polemica-con-lali-y-su-cruce-con-la-politica","status":"publish","type":"post","link":"https:\/\/maxradio923.com.ar\/index.php\/2026\/09\/04\/maxi-trusso-de-su-impactante-caida-a-su-resurreccion-las-perdidas-familiares-la-polemica-con-lali-y-su-cruce-con-la-politica\/","title":{"rendered":"Maxi Trusso, de su impactante ca\u00edda a su \u201cresurrecci\u00f3n\u201d: las p\u00e9rdidas familiares, la pol\u00e9mica con Lali y su cruce con la pol\u00edtica"},"content":{"rendered":"<p><\/p>\n<div>\n<p class=\"com-paragraph --s\"><strong>El jueves 27 de marzo de 2025, Maxi Trusso<\/strong> <strong>subi\u00f3 al escenario de Niceto,<\/strong> en lo que deb\u00eda ser una gran noche triunfal. Con la sala llena y el show ya en marcha, el vocalista ten\u00eda todo a disposici\u00f3n para que el saldo de la velada fuera m\u00e1s que positivo, pero <strong>todo cambi\u00f3 de un minuto a otro,<\/strong> cuando decidi\u00f3 tomar carrera y salt\u00f3 en direcci\u00f3n al p\u00fablico que, lejos de atajarlo y alzarlo sobre sus cabezas, se corri\u00f3 e hizo que impactara directo contra el piso. Haciendo gala de la m\u00e1xima que asegura que el show siempre debe continuar, Trusso fue trasladado al backstage, desde donde sigui\u00f3 cantando con un micr\u00f3fono inal\u00e1mbrico hasta que fue derivado al Hospital Fern\u00e1ndez. Como consecuencia de esa ca\u00edda,<strong> <\/strong><strong>sufri\u00f3 una fractura de f\u00e9mur en su pierna derecha.<\/strong> Y aunque tras someterse a una intervenci\u00f3n quir\u00fargica y hacer rehabilitaci\u00f3n pudo finalmente completar su show en la misma sala cuatro meses m\u00e1s tarde, Trusso parec\u00eda sentir la necesidad de <strong>barajar y dar de nuevo en algunas cuestiones. <\/strong><\/p>\n<p class=\"com-paragraph --s\"><strong>Resurrecci\u00f3n<\/strong>. Esa es la palabra con la que el m\u00fasico y productor eligi\u00f3 bautizar al concierto con el que volver\u00e1 a los escenarios despu\u00e9s de un largo tiempo, y que asegura que est\u00e1 lejos de ser solo un eslogan marketinero. \u201cSiento que hay un renacer nuevo en el mundo, un renacimiento en general. Entonces sent\u00ed que yo tambi\u00e9n estaba en eso. <strong>Viv\u00ed un periodo tal vez medio l\u00fagubre, <\/strong>entonces este ser\u00eda como <strong>un renacimiento\u201d, <\/strong>dice a <strong>LA NACION<\/strong> sobre el show que realizar\u00e1 en el teatro Vorterix, ma\u00f1ana, 4 de septiembre. Y este resurgir vendr\u00e1 tambi\u00e9n de la mano de un disco nuevo, que comenzar\u00e1 a asomarse dentro de poco. <\/p>\n<div class=\"content-media\">\n<section role=\"button\" class=\"mod-media   \">\n<figure role=\"button\" tabindex=\"0\" class=\"mod-figure \"><figcaption class=\"mod-figcaption\"><span class=\"com-text --caption --twoxs\">Maxi Trusso: &#8220;Viv\u00ed un periodo tal vez medio l\u00fagubre, entonces este ser\u00eda como un renacimiento\u201d<\/span><span class=\"com-text --credit --twoxs\">Rodrigo N\u00e9spolo &#8211; Canon digital<\/span><\/figcaption><\/figure>\n<\/section>\n<\/div>\n<p class=\"com-paragraph --s\">Con la an\u00e9cdota de Niceto de nuevo sobre la mesa, Trusso asegura que en ese salto hubo bastante m\u00e1s que un gui\u00f1o a la cultura rockera, sino tambi\u00e9n un acto simb\u00f3lico: \u201cNo fue solo un gesto de tirarme a hacer <em>mosh. <\/em>Era una cantidad de cosas: un cierto cansancio, un peso en la espalda, un luto\u2026 Represent\u00f3 mucho para m\u00ed. A veces todas las personas necesitamos de estos momentos y de una buena excusa\u201d. <\/p>\n<p class=\"com-paragraph --s\"><strong>\u2014\u00bfY qu\u00e9 es lo que te sacaste de encima en ese acto?<\/strong><\/p>\n<p class=\"com-paragraph --s\">\u2014Parte de un pasado negativo. Hab\u00edan muerto un hermano m\u00edo y mi madre; me hab\u00eda separado y estaba pasando momentos dif\u00edciles, que fueron creativamente muy potentes, pero personalmente estaba muy herido. Igual yo soy medio como un animal tambi\u00e9n; vivo la vida como si fuera un perro; no pienso excesivamente las cosas. Pienso mucho lo que tiene que ver con la m\u00fasica; el resto de las cosas no tanto. <\/p>\n<p class=\"com-paragraph --s\"><strong>\u2014\u00bfDe ah\u00ed sali\u00f3 el impulso de grabar un disco nuevo? <\/strong><\/p>\n<p class=\"com-paragraph --s\">\u2014S\u00ed, grabo y compongo todo el tiempo. No es que lo dej\u00e9 de hacer, pero es cierto que edit\u00e9 cosas que por ah\u00ed casi no se han difundido. En el \u00faltimo tiempo saqu\u00e9 tres discos: uno que se llama <em>Volver<\/em>, otro <em>The Secret of God<\/em>, que es una mezcla de covers y versiones especiales, y otro que es un disco de rock, pero no me import\u00f3 mucho difundirlos. A veces alguno en <em>Instagram <\/em>me dice: \u201cTen\u00e9s que sacar un tema promocional\u201d, y yo prefiero que lo descubran cuando tengan que descubrirlo. <\/p>\n<div class=\"content-media\">\n<section role=\"button\" class=\"mod-media   \">\n<figure role=\"button\" tabindex=\"0\" class=\"mod-figure \"><figcaption class=\"mod-figcaption\"><span class=\"com-text --caption --twoxs\">Maxi Trusso: &#8220;Soy medio como un animal tambi\u00e9n; vivo la vida como si fuera un perro; no pienso excesivamente las cosas&#8221;<\/span><span class=\"com-text --credit --twoxs\">Rodrigo N\u00e9spolo &#8211; Canon digital<\/span><\/figcaption><\/figure>\n<\/section>\n<\/div>\n<p class=\"com-paragraph --s\"><strong>\u2014\u00bfY c\u00f3mo se encar\u00f3 este regreso?<\/strong><\/p>\n<p class=\"com-paragraph --s\">\u2014Estuve en una discogr\u00e1fica editando algunos singles tambi\u00e9n hace poco; grabamos cuatro <em>singles<\/em>. Y estas son las etapas en las que estoy ahora. Y me encontr\u00e9 con Cristian, que era mi manager cuando empec\u00e9 a hacer dance pop o dance music. Le cont\u00e9 en qu\u00e9 estaba y le dije que me gustar\u00eda que me acompa\u00f1ase para poder ver cu\u00e1n lejos pod\u00eda llegar con este proyecto nuevo. Quiero que de esto salga un disco y se arme un vivo importante. <\/p>\n<p class=\"com-paragraph --s\"><strong>\u2014Si bien gran parte del p\u00fablico te conoci\u00f3 a partir de \u201cPlease Me\u201d, tu colaboraci\u00f3n con Poncho, tu carrera musical empez\u00f3 bastante antes&#8230;<\/strong><\/p>\n<p class=\"com-paragraph --s\">\u2014Viv\u00ed mucho tiempo en Italia y despu\u00e9s empec\u00e9 a conocer a varios m\u00fasicos ac\u00e1. Conoc\u00ed a los chicos de Babas\u00f3nicos y a muchos otros que me ayudaron, como uno que se llamaba Gori (ex Fun People y l\u00edder de Fantasmagoria) y a Diego Billordo. A trav\u00e9s de ellos, llegu\u00e9 a Fernando Nal\u00e9, que tocaba en Los L\u00e1tigos y tambi\u00e9n con Gustavo Cerati. \u00c9l me present\u00f3 a Gonzalo C\u00f3rdoba y juntos grabamos tres temas que nunca salieron; eso habr\u00e1 sido en 2001. Despu\u00e9s, cada uno sigui\u00f3 su rumbo, pero me acordaba de que ese proyecto hab\u00eda quedado como inconcluso, as\u00ed que a trav\u00e9s de \u00e9l pude armar mi banda nueva. Es un grupo que mezcla un poco post-rock, krautrock y toda la m\u00fasica que he escuchado de los 80 y algo de los 60 tambi\u00e9n. <\/p>\n<p><iframe loading=\"lazy\" title=\"Poncho ft. Maxi Trusso - Please me (video Oficial)\" width=\"1170\" height=\"658\" src=\"https:\/\/www.youtube.com\/embed\/yyuz8u9drgo?wmode=transparent&amp;rel=0&amp;feature=oembed\" frameborder=\"0\" allow=\"accelerometer; autoplay; clipboard-write; encrypted-media; gyroscope; picture-in-picture; web-share\" referrerpolicy=\"strict-origin-when-cross-origin\" allowfullscreen><\/iframe><\/p>\n<p><h2 class=\"font-primary font-w-bold text-subheading-lg text-left container-center-100 mb-8\"><span>Por el camino de la m\u00fasica<\/span><\/h2>\n<\/p>\n<p class=\"com-paragraph --s\"><strong>\u2014Tus comienzos fueron por el circuito del indie, \u00bfde qu\u00e9 manera pasaste a ser m\u00e1s cercano al mainstream?<\/strong><\/p>\n<p class=\"com-paragraph --s\">\u2014La m\u00fasica me fue llevando y est\u00e1 bueno poder vivir de la m\u00fasica. Se sent\u00eda que lo que ven\u00eda era el EDM [acr\u00f3nimo de <em>Electronic Dance Music<\/em>], que la m\u00fasica pop iba a pasar por la discoteca. Antes se escuchaba m\u00fasica disco o house, pero no sonaba el pop en los boliches; entonces el EDM logr\u00f3 eso y yo dije: \u201cBueno, voy a ver\u201d. Como a m\u00ed me gusta la m\u00fasica de discoteca, quer\u00eda hacer una m\u00fasica as\u00ed, pero que tuviera una estructura de canci\u00f3n pop. Entonces por ah\u00ed con \u201cPlease Me\u201d con Poncho, que los conoc\u00ed a trav\u00e9s de Banda de Turistas, se fue dando eso. Despu\u00e9s hice \u201cSame Old Story\u201d y fui grabando otras m\u00e1s, como \u201cNothing at All\u201d. Tambi\u00e9n esa etapa fue cambiando, porque nadie sabe para qu\u00e9 lado va. No hay forma de saberlo. Se notaba que la m\u00fasica en espa\u00f1ol estaba llegando m\u00e1s fuerte. Me acuerdo del a\u00f1o 2018, ya estaba apareciendo un poco lo \u201curbano\u201d, ese g\u00e9nero que mezclaba un poquito del trap con reggaet\u00f3n, si bien yo no quer\u00eda hacer eso, se sent\u00eda que las producciones, hasta las de rock, ten\u00edan algo de ese audio. <\/p>\n<p class=\"com-paragraph --s\"><strong>\u2014Toda tu obra est\u00e1 en ingl\u00e9s, \u00bfqu\u00e9 te da ese idioma que no encontr\u00e1s en el espa\u00f1ol?<\/strong><\/p>\n<p class=\"com-paragraph --s\">\u2014Hice algunas cosas en espa\u00f1ol, pero el asunto es que cuando yo era chico en la Argentina se escuchaba mucha m\u00fasica en ingl\u00e9s, dir\u00eda que el 90 por ciento. Reci\u00e9n a partir del 82 empez\u00f3 a cambiar eso un poco, pero cuando vos sos chico y prend\u00edas la radio o la televisi\u00f3n, no hab\u00eda otra cosa. Hab\u00eda diez temas en ingl\u00e9s y uno en castellano. Entonces, segu\u00ed escuchando m\u00fasica en ingl\u00e9s por mi familia, por mis amigos, por todo. Cuando consegu\u00ed el disco de Charly Garc\u00eda, <em>Yendo de la cama al living<\/em>, que fue el primero que compr\u00e9 en espa\u00f1ol, ya hab\u00eda escuchado bastante en ingl\u00e9s. Y despu\u00e9s de ah\u00ed me fui a Italia, trabaj\u00e9 en Inglaterra y ah\u00ed ya estaba cantando en ingl\u00e9s. Me parec\u00eda muy chanta pararme ac\u00e1 a cantar en espa\u00f1ol solo por estar en la Argentina, no lo sent\u00eda. <\/p>\n<p class=\"com-paragraph --s\"><strong>\u2014\u00bfNo tem\u00edas que eso fuera una barrera con el p\u00fablico?<\/strong><\/p>\n<p class=\"com-paragraph --s\">\u2014Sent\u00ed que esa barrera estaba m\u00e1s que nada con las discogr\u00e1ficas; les parec\u00eda muy raro eso y no les gustaba. Dec\u00edan: \u201cNo, no va a pasar, no va a funcionar\u201d. Y finalmente anduvo. Bueno, yo tambi\u00e9n fui muy testarudo, no me quer\u00eda correr, pero no por un tema de terquedad, sino porque sent\u00eda que le estaba mintiendo a la gente y a m\u00ed mismo. Dije: \u201cYo si canto en espa\u00f1ol, soy un chanta\u201d, no me daba. Hasta mi familia me dec\u00eda que cantara en espa\u00f1ol, pero yo me opuse. Empec\u00e9 con esto y voy a seguir, no lo voy a cambiar. <\/p>\n<p><h2 class=\"font-primary font-w-bold text-subheading-lg text-left container-center-100 mb-8\"><span>\u201cEs raro que esto pegue\u201d<\/span><\/h2>\n<\/p>\n<p class=\"com-paragraph --s\"><strong>\u2014Antes hab\u00edas mencionado cu\u00e1ndo conociste a Poncho. Al momento en que hiciste esa colaboraci\u00f3n, \u00bfsent\u00edas que eso era algo que iba a terminar estallando?<\/strong><\/p>\n<p class=\"com-paragraph --s\">\u2014No, la verdad que no. De hecho, me acuerdo de que lo hice porque yo hab\u00eda cantado primero un tema que lo termin\u00f3 cantando Spinetta (se refiere a \u201cTantra Sky\u201d, el tema que cierra <em>Ponchototal<\/em>). \u201cPlease Me\u201d tuvo \u00e9xito dos a\u00f1os despu\u00e9s. Pens\u00e9 que la verdad era una buena canci\u00f3n, me gustaba la producci\u00f3n, pero en ese momento yo estaba grabando mi disco <em>Love Gone<\/em>, estaba aprendiendo lo que era estar en la Argentina haciendo m\u00fasica, y me gustaba el tema pero lo sent\u00eda un poco oscuro como para que explotara. Y aparte tambi\u00e9n vi que el modo en que lo mov\u00eda la discogr\u00e1fica&#8230; algo no cerraba. Y bueno, finalmente esa publicidad en la que sonaba le dio el golpe justo. Encima en esos a\u00f1os, justo cuando sali\u00f3 \u201cPlease Me\u201d, no es que el EDM estaba a pleno, David Guetta o Avicii no eran el fen\u00f3meno que terminaron siendo. Se escuchaba a The Killers, que eran m\u00e1s pop rock, o cosas como Adele, entonces me dije: \u201cEs raro que esto pegue hoy cuando en el mundo est\u00e1 sonando otra cosa\u201d. <\/p>\n<p class=\"com-paragraph --s\"><strong>\u2014Antes mencionabas la aparici\u00f3n del g\u00e9nero urbano como tendencia y de <\/strong><strong>la avanzada del pop.<\/strong><strong> En su momento causaste bastante revuelo con tus declaraciones\u2026<\/strong><\/p>\n<p class=\"com-paragraph --s\">\u2014Dije una vez algo, pero las cosas cambiaron y ya no me importa, no me preocupa eso. En un momento dije que no s\u00e9 por qu\u00e9 sent\u00eda que Lali estaba haciendo un g\u00e9nero que no estaba bueno para ella, dije algo as\u00ed, nada m\u00e1s. Fue muy sutil; despu\u00e9s, con las cosas que se dicen por medio de otros influencers, pareci\u00f3 muy grande, pero si volv\u00e9s a verlo, la cosa es muy sutil, es muy chiquito. Igual me gustaba la idea de que se aportara algo a esa discusi\u00f3n, lo que pasa es que no la pude profundizar porque no me daban cabida para hacerlo. <\/p>\n<p class=\"com-paragraph --s\"><strong>\u2014En esa misma entrevista tambi\u00e9n criticaste a la cultura del <\/strong><em><strong>feat<\/strong><\/em><strong>&#8230;<\/strong><\/p>\n<p class=\"com-paragraph --s\">\u2014S\u00ed, todo tiene que tener siempre valor. Bueno, yo me acuerdo de que en un tema lo puse como \u201cMaxi Trusso feat. Maxi Trusso\u201d como un chiste. Era una burla a un gran negocio de c\u00f3mo se consegu\u00edan los<em> feats<\/em>, una cosa en la que era de verdad imposible meterse y dije: \u201cAc\u00e1 ni me meto porque no entiendo nada\u201d. Y apenas habl\u00e9 un poquito, sent\u00ed que nos tapaba todo y decid\u00ed no hacerlo m\u00e1s porque es un mundo que no me pertenece tampoco. Yo creo que algunos tambi\u00e9n tenemos un poco la visi\u00f3n de ver un poquito lo que va a pasar, a veces. Entonces sent\u00ed que eso no ten\u00eda que ver con la m\u00fasica que yo hab\u00eda vivido antes. <\/p>\n<p><h2 class=\"font-primary font-w-bold text-subheading-lg text-left container-center-100 mb-8\"><span>\u201cUn momento est\u00fapido\u201d<\/span><\/h2>\n<\/p>\n<p><iframe loading=\"lazy\" title=\"YOROLEY MILEI\" width=\"1170\" height=\"878\" src=\"https:\/\/www.youtube.com\/embed\/C60FB2fu1aM?wmode=transparent&amp;rel=0&amp;feature=oembed\" frameborder=\"0\" allow=\"accelerometer; autoplay; clipboard-write; encrypted-media; gyroscope; picture-in-picture; web-share\" referrerpolicy=\"strict-origin-when-cross-origin\" allowfullscreen><\/iframe><\/p>\n<p class=\"com-paragraph --s\"><strong>\u2014Para esa \u00e9poca lanzaste una canci\u00f3n llamada \u201cYoreley Milei\u201d, un tema pop con canto tirol\u00e9s que pareciera elogiar a la figura del presidente&#8230; <\/strong><\/p>\n<p class=\"com-paragraph --s\">\u2014Es lo mismo que te dec\u00eda antes, uno tiene la sensibilidad de ver lo que puede pasar. Entonces not\u00e9 que todo el mundo se hab\u00eda convertido en una cuesti\u00f3n de chistes para las redes sociales, y entonces es como el resumen de este momento est\u00fapido que estamos viviendo. <\/p>\n<p class=\"com-paragraph --s\"><strong>\u2014\u00bfDec\u00eds que es una canci\u00f3n sin connotaci\u00f3n pol\u00edtica?<\/strong><\/p>\n<p class=\"com-paragraph --s\">\u2014Es que no pienso las cosas as\u00ed porque lamentablemente no las pienso. Si lo hago, me siento mal. No busqu\u00e9 ni llegarle a Milei ni a los que lo odian, ni llegarle a ninguno, porque no era esa la intenci\u00f3n; era una espontaneidad. Tampoco quer\u00eda agredir a nadie&#8230; Creo que representa lo que estuvimos viviendo en ese tiempo. Todav\u00eda lo estamos viviendo, pero creo que vamos a salir de esa confusi\u00f3n, de ese arte y pol\u00edtica todo mezclado, \u00bfviste? Todav\u00eda sigue un poco ah\u00ed. Estar\u00eda bueno volver a que nadie sepa qui\u00e9n es el presidente de un pa\u00eds, a que un chico de 5 a\u00f1os no sepa qui\u00e9nes son los ministros. Eso no tiene sentido; nadie gana ah\u00ed; todos sufren. <\/p>\n<p class=\"com-paragraph --s\"><strong>\u2014Para esa misma \u00e9poca hiciste una suerte de colaboraci\u00f3n p\u00f3stuma con Ricardo Iorio, una combinaci\u00f3n un tanto dif\u00edcil de imaginar. <\/strong><\/p>\n<p class=\"com-paragraph --s\">\u2014S\u00ed, es un tema que se llama \u201cShadows of Life &#8211; Melod\u00eda morfina\u201d. A Ricardo lo conoc\u00ed porque me lo present\u00f3 uno que trabajaba en Warner, que no s\u00e9 si hab\u00eda tocado el bajo con \u00e9l. Hab\u00edamos quedado en hacer algo, pero se muri\u00f3; entonces esta persona me consigui\u00f3 algo que hab\u00eda grabado \u00e9l junto a Ricardo y pude hacer un <em>mashup <\/em>entre su tema y el m\u00edo. <\/p>\n<p class=\"com-paragraph --s\"><strong>\u2014\u00bfC\u00f3mo pens\u00e1s que hubiera reaccionado la comunidad rockera si publicaban algo juntos?<\/strong><\/p>\n<p class=\"com-paragraph --s\">\u2014La verdad es que no lo s\u00e9; es imposible. Yo lo conoc\u00ed hace tiempo, en el 2005 o 2006, y su vida era un poco complicada en esos momentos. Se estaba ocupando de su hija y me cont\u00f3 la historia de su mujer; era alguien que la estaba peleando y no le daban mucha bola en ese momento. Pude ver que le gustaba otra m\u00fasica: se pon\u00eda a cantar temas de Dyango y tambi\u00e9n de Demis Roussos porque le cont\u00e9 que yo lo hab\u00eda conocido. Sab\u00eda mucho de m\u00fasica; era muy afinado cantando; me sorprendi\u00f3 eso. Creo que fue el mejor cantante de rock que tuvo la Argentina. Me acuerdo de escuchar un tema que me impresion\u00f3 mucho por una frase que dice \u201cSolitaria resistencia\u201d y pens\u00e9: \u201cEsto me lo tengo que tatuar (se refiere al tema \u201cAll\u00e1 en Tilcara\u201d). <\/p>\n<p class=\"com-paragraph --s\"><strong>\u2014\u00bfY te hiciste el tatuaje?<\/strong><\/p>\n<p class=\"com-paragraph --s\">\u2014No, con esa frase no, porque me empec\u00e9 a tatuar cuando ten\u00eda 50 a\u00f1os. <\/p>\n<div class=\"content-media\">\n<section role=\"button\" class=\"mod-media   \">\n<figure role=\"button\" tabindex=\"0\" class=\"mod-figure \"><figcaption class=\"mod-figcaption\"><span class=\"com-text --caption --twoxs\">Maxi Trusso: &#8220;A veces voy [a shows], pero no much\u00edsimo, la verdad, me intimidan. Soy medio t\u00edmido, entonces cuando hay mucha gente&#8230;&#8221; <\/span><span class=\"com-text --credit --twoxs\">Rodrigo N\u00e9spolo &#8211; Canon digital<\/span><\/figcaption><\/figure>\n<\/section>\n<\/div>\n<p class=\"com-paragraph --s\"><strong>\u2014\u00bfEn serio? \u00bfTodos estos tatuajes te los hiciste de grande?<\/strong><\/p>\n<p class=\"com-paragraph --s\">\u2014Todos. Creo que no es mala esa de tatuarse de grande porque te tatu\u00e1s lo que viviste, as\u00ed que eso lo podr\u00eda hacer. Tengo uno de los Moody Blues porque me gustaban mucho de chico. Tambi\u00e9n tengo uno de una pel\u00edcula de Jim Jarmusch con Johnny Depp, <em>Dead Man<\/em>, cuya m\u00fasica es de Neil Young. Despu\u00e9s en un momento me obsesion\u00e9 con la historia de Pinocho, la versi\u00f3n original&#8230; Y cuando viv\u00ed en Roma era en un lugar donde hab\u00eda estado Napole\u00f3n, y estaba lleno de cosas suyas, as\u00ed que me lo tatu\u00e9, porque era algo que hab\u00eda vivido. <\/p>\n<p class=\"com-paragraph --s\"><strong>\u2014Est\u00e1s haciendo el mapa de tu vida.<\/strong><\/p>\n<p class=\"com-paragraph --s\">\u2014Claro. Despu\u00e9s estuve en Marruecos y conoc\u00ed a unos suf\u00edes&#8230; es como que vas contando tus experiencias, me dan ese est\u00edmulo para acordarme de las cosas que fueron pasando. Lo \u00faltimo que me tatu\u00e9 fue dos d\u00edas antes de la pandemia. Me hice un caballero del Santo Sepulcro, un templario con una flecha, porque me gust\u00f3 esa imagen. La hab\u00eda visto en Roma y siempre me llam\u00f3 la atenci\u00f3n esa pintura, entonces me la tatu\u00e9. Lo loco es que el mundo despu\u00e9s fue pirando para ese lado y estamos pasando por un periodo medieval. <\/p>\n<p class=\"com-paragraph --s\"><strong>\u2014\u00bfSos de ir a shows?<\/strong><\/p>\n<p class=\"com-paragraph --s\">\u2014A veces voy, pero no much\u00edsimo, la verdad, me intimidan. Soy medio t\u00edmido, entonces cuando hay mucha gente&#8230; <\/p>\n<p class=\"com-paragraph --s\"><strong>\u2014Te sub\u00eds a un escenario a cantar y te pase\u00e1s por la ciudad con una galera y un tapado con im\u00e1genes tuyas. Cuesta entender ese temor.<\/strong><\/p>\n<p class=\"com-paragraph --s\">\u2014Puede ser, pero es que tengo una vida medio l\u00fagubre, pero hago una m\u00fasica con una espiritualidad alegre. No es que soy f\u00f3bico, soy t\u00edmido. Cuando veo mucha gente, me da verg\u00fcenza ir a discotecas, a boliches, a fiestas. No ten\u00eda desenvoltura para eso cuando era joven; despu\u00e9s me fui acomodando; no me llamaba la atenci\u00f3n ir a la discoteca. Siempre me gust\u00f3 la m\u00fasica y despu\u00e9s encontr\u00e9 el sentido por el tema de la b\u00fasqueda del cortejo tambi\u00e9n. Ir a un boliche o a un concierto era una cuesti\u00f3n de cortejar o buscar; eso me ayud\u00f3 a salir. <\/p>\n<p class=\"com-paragraph --s\"><strong>\u2014\u00bfCon qu\u00e9 se va a encontrar la gente que vaya a verte a Vorterix?<\/strong><\/p>\n<p class=\"com-paragraph --s\">\u2014Principalmente conmigo. Va a ser un show sin ning\u00fan tipo de pistas, pero no porque est\u00e9 en contra, sino porque quiero encontrar otra idea musical. Me gustar\u00eda poder lograr algo como lo que hace Jacob Collier, que tiene una dedicaci\u00f3n muy fuerte y se escucha una complejidad musical, donde cada instrumento lo toca un m\u00fasico. Cada peque\u00f1o sonido depende de qui\u00e9n est\u00e1 interpretando. Por eso la m\u00fasica electr\u00f3nica en algunas cosas no me gustaba, porque dec\u00eda: \u201cclaro, pero ac\u00e1 hay 25 sonidos y dos personas tocando, es medio verso todo\u201d. La m\u00fasica electr\u00f3nica me gusta si cada uno se dedica como Kraftwerk, como Can, como Silver Apples o Vangelis. <\/p>\n<p class=\"com-paragraph --s\"><strong>\u2014\u00bfY c\u00f3mo se cuelan todos esos nombres en una canci\u00f3n pop? <\/strong><\/p>\n<p class=\"com-paragraph --s\">\u2014No lo pienso, pongo mi voz y busco acompa\u00f1ar con alguna idea de algo que escuch\u00e9 alguna vez y me gusta. Es as\u00ed de sencillo, hasta Mozart lo hac\u00eda as\u00ed. Ten\u00e9s que sentir que te vibra bien a vos, por eso est\u00e1 bueno haber crecido escuchando mucha m\u00fasica y seguir haci\u00e9ndolo hoy. <\/p>\n<section class=\"container-center-100 mb-40 border border-bottom border-thin border-neutral-light-700\">\n<hr\/>\n<\/section>\n<\/div>\n<p><script id=\"facebookpixel\" defer=\"\" type=\"text\/javascript\">\n        !function(f,b,e,v,n,t,s)\n        {if(f.fbq)return;n=f.fbq=function(){n.callMethod?\n        n.callMethod.apply(n,arguments):n.queue.push(arguments)};\n        if(!f._fbq)f._fbq=n;n.push=n;n.loaded=!0;n.version='2.0';\n        n.queue=[];t=b.createElement(e);t.async=!0;\n        t.src=v;s=b.getElementsByTagName(e)[0];\n        s.parentNode.insertBefore(t,s)}(window, document,'script',\n        '\n        fbq('init', '492459597522335');\n        fbq('track', 'PageView');\n    <\/script><\/p>\n","protected":false},"excerpt":{"rendered":"<p>El jueves 27 de marzo de 2025, Maxi Trusso subi\u00f3 al escenario de Niceto, en lo que deb\u00eda ser una gran noche triunfal. Con la sala llena y el show ya en marcha, el vocalista ten\u00eda todo a disposici\u00f3n para que el saldo de la velada fuera m\u00e1s que positivo, pero todo cambi\u00f3 de un [&hellip;]<\/p>\n","protected":false},"author":2,"featured_media":91347,"comment_status":"","ping_status":"","sticky":false,"template":"","format":"standard","meta":{"footnotes":""},"categories":[14],"tags":[],"_links":{"self":[{"href":"https:\/\/maxradio923.com.ar\/index.php\/wp-json\/wp\/v2\/posts\/91346"}],"collection":[{"href":"https:\/\/maxradio923.com.ar\/index.php\/wp-json\/wp\/v2\/posts"}],"about":[{"href":"https:\/\/maxradio923.com.ar\/index.php\/wp-json\/wp\/v2\/types\/post"}],"author":[{"embeddable":true,"href":"https:\/\/maxradio923.com.ar\/index.php\/wp-json\/wp\/v2\/users\/2"}],"replies":[{"embeddable":true,"href":"https:\/\/maxradio923.com.ar\/index.php\/wp-json\/wp\/v2\/comments?post=91346"}],"version-history":[{"count":0,"href":"https:\/\/maxradio923.com.ar\/index.php\/wp-json\/wp\/v2\/posts\/91346\/revisions"}],"wp:featuredmedia":[{"embeddable":true,"href":"https:\/\/maxradio923.com.ar\/index.php\/wp-json\/wp\/v2\/media\/91347"}],"wp:attachment":[{"href":"https:\/\/maxradio923.com.ar\/index.php\/wp-json\/wp\/v2\/media?parent=91346"}],"wp:term":[{"taxonomy":"category","embeddable":true,"href":"https:\/\/maxradio923.com.ar\/index.php\/wp-json\/wp\/v2\/categories?post=91346"},{"taxonomy":"post_tag","embeddable":true,"href":"https:\/\/maxradio923.com.ar\/index.php\/wp-json\/wp\/v2\/tags?post=91346"}],"curies":[{"name":"wp","href":"https:\/\/api.w.org\/{rel}","templated":true}]}}