{"id":91340,"date":"2026-09-03T12:34:03","date_gmt":"2026-09-03T15:34:03","guid":{"rendered":"https:\/\/maxradio923.com.ar\/index.php\/2026\/09\/03\/comenzo-el-programa-integral-de-fortalecimiento-del-admisionista-en-salud\/"},"modified":"2026-09-03T12:34:03","modified_gmt":"2026-09-03T15:34:03","slug":"comenzo-el-programa-integral-de-fortalecimiento-del-admisionista-en-salud","status":"publish","type":"post","link":"https:\/\/maxradio923.com.ar\/index.php\/2026\/09\/03\/comenzo-el-programa-integral-de-fortalecimiento-del-admisionista-en-salud\/","title":{"rendered":"Comenz\u00f3 el Programa Integral de Fortalecimiento del Admisionista en Salud"},"content":{"rendered":"<p><\/p>\n<div>\n<p>En la ma\u00f1ana de este viernes 28 de agosto comenz\u00f3 el Programa Integral de Fortalecimiento del Admisionista en Salud, una propuesta de capacitaci\u00f3n destinada, en esta primera etapa, al personal de la Zona Sanitaria I.<br \/>La iniciativa tiene como objetivo fortalecer las capacidades de los trabajadores de salud que cumplen funciones vinculadas a la admisi\u00f3n y atenci\u00f3n de los pacientes, y progresivamente alcanzar a los equipos de las distintas zonas sanitarias y hospitales de la provincia.<br \/>El programa contempla una serie de ejes comunes y m\u00f3dulos de formaci\u00f3n, entre ellos habilidades blandas para el trato con el paciente, habilidades t\u00e9cnicas y administrativas, recupero de costos, mejora continua, calidad institucional y circuitos de derivaci\u00f3n interna y externa.<br \/>La capacitaci\u00f3n est\u00e1 a cargo de la licenciada Romina L\u00f3pez Cuenca, psic\u00f3loga con formaci\u00f3n de posgrado en Gesti\u00f3n por Competencias y actual capacitadora del Ministerio de Salud.<br \/>La primera jornada se desarroll\u00f3 en el Sal\u00f3n de Actos del tercer piso del Centro C\u00edvico, con la participaci\u00f3n de 50 trabajadores pertenecientes a la cartera sanitaria provincial.<br \/>Durante el lanzamiento estuvieron presentes los secretarios T\u00e9cnico, Alejandro Navarta; Administrativo, Sebasti\u00e1n Godoy; de Planificaci\u00f3n, Gast\u00f3n Jofre; el jefe de la Zona Sanitaria I, Andr\u00e9s Escudero, y otros funcionarios y representantes del Ministerio de Salud.<br \/>El Programa Integral de Fortalecimiento del Admisionista busca generar herramientas comunes para mejorar los procesos de atenci\u00f3n, optimizar los circuitos administrativos y contribuir a una atenci\u00f3n de mayor calidad para las personas que concurren al sistema p\u00fablico de salud.<\/p>\n<\/p><\/div>\n<p><script async defer crossorigin=\"anonymous\" src=\"https:\/\/connect.facebook.net\/es_ES\/sdk.js#xfbml=1&#038;version=v3.3\"><\/script><\/p>\n","protected":false},"excerpt":{"rendered":"<p>En la ma\u00f1ana de este viernes 28 de agosto comenz\u00f3 el Programa Integral de Fortalecimiento del Admisionista en Salud, una propuesta de capacitaci\u00f3n destinada, en esta primera etapa, al personal de la Zona Sanitaria I.La iniciativa tiene como objetivo fortalecer las capacidades de los trabajadores de salud que cumplen funciones vinculadas a la admisi\u00f3n y [&hellip;]<\/p>\n","protected":false},"author":2,"featured_media":91341,"comment_status":"","ping_status":"","sticky":false,"template":"","format":"standard","meta":{"footnotes":""},"categories":[8],"tags":[],"_links":{"self":[{"href":"https:\/\/maxradio923.com.ar\/index.php\/wp-json\/wp\/v2\/posts\/91340"}],"collection":[{"href":"https:\/\/maxradio923.com.ar\/index.php\/wp-json\/wp\/v2\/posts"}],"about":[{"href":"https:\/\/maxradio923.com.ar\/index.php\/wp-json\/wp\/v2\/types\/post"}],"author":[{"embeddable":true,"href":"https:\/\/maxradio923.com.ar\/index.php\/wp-json\/wp\/v2\/users\/2"}],"replies":[{"embeddable":true,"href":"https:\/\/maxradio923.com.ar\/index.php\/wp-json\/wp\/v2\/comments?post=91340"}],"version-history":[{"count":0,"href":"https:\/\/maxradio923.com.ar\/index.php\/wp-json\/wp\/v2\/posts\/91340\/revisions"}],"wp:featuredmedia":[{"embeddable":true,"href":"https:\/\/maxradio923.com.ar\/index.php\/wp-json\/wp\/v2\/media\/91341"}],"wp:attachment":[{"href":"https:\/\/maxradio923.com.ar\/index.php\/wp-json\/wp\/v2\/media?parent=91340"}],"wp:term":[{"taxonomy":"category","embeddable":true,"href":"https:\/\/maxradio923.com.ar\/index.php\/wp-json\/wp\/v2\/categories?post=91340"},{"taxonomy":"post_tag","embeddable":true,"href":"https:\/\/maxradio923.com.ar\/index.php\/wp-json\/wp\/v2\/tags?post=91340"}],"curies":[{"name":"wp","href":"https:\/\/api.w.org\/{rel}","templated":true}]}}