{"id":91338,"date":"2026-09-03T10:24:02","date_gmt":"2026-09-03T13:24:02","guid":{"rendered":"https:\/\/maxradio923.com.ar\/index.php\/2026\/09\/03\/fito-paez-de-las-once-costillas-rotas-y-el-fin-de-diez-anos-de-amor-a-sus-inicios-en-rosario-como-es-su-documental\/"},"modified":"2026-09-03T10:24:02","modified_gmt":"2026-09-03T13:24:02","slug":"fito-paez-de-las-once-costillas-rotas-y-el-fin-de-diez-anos-de-amor-a-sus-inicios-en-rosario-como-es-su-documental","status":"publish","type":"post","link":"https:\/\/maxradio923.com.ar\/index.php\/2026\/09\/03\/fito-paez-de-las-once-costillas-rotas-y-el-fin-de-diez-anos-de-amor-a-sus-inicios-en-rosario-como-es-su-documental\/","title":{"rendered":"Fito P\u00e1ez: de las once costillas rotas y el fin de diez a\u00f1os de amor a sus inicios en Rosario, c\u00f3mo es su documental"},"content":{"rendered":"<p><\/p>\n<div>\n<div class=\"col-span-8 md:col-span-10 md:col-start-2 xl:col-span-8 xl:col-start-5 max-w-550 md:max-w-635 mb-24\" id=\"cuerpo__nota\">\n<div class=\"flex flex-col ai-center gap-8 mb-40\">\n<p><time datetime=\"2026-09-03T13:00:00Z\" class=\"flex items-center gap-8\"><span>3 de septiembre de 2026<\/span><i class=\"ds-icon inline-flex justify-center items-center [&amp;&gt;svg]:size-[inherit] [&amp;&gt;svg]:align-top size-12 data-[has-wrapper=&quot;true&quot;]:p-6\" aria-hidden=\"true\" role=\"presentation\" data-has-wrapper=\"false\"><svg fill=\"currentColor\"><use href=\"http:\/\/www.lanacion.com.ar\/pf\/resources\/images\/sprites\/sprite-lanacion-default.svg?d=2049#bullet-filled\"\/><\/svg><\/i><span>10:00<\/span><\/time><i class=\"ds-icon inline-flex justify-center items-center [&amp;&gt;svg]:size-[inherit] [&amp;&gt;svg]:align-top size-12 data-[has-wrapper=&quot;true&quot;]:p-6 hidden md:block\" aria-hidden=\"true\" role=\"presentation\" data-has-wrapper=\"false\"><svg fill=\"currentColor\"><use href=\"http:\/\/www.lanacion.com.ar\/pf\/resources\/images\/sprites\/sprite-lanacion-default.svg?d=2049#bullet-filled\"\/><\/svg><\/i><span class=\"flex items-center gap-4\"><i class=\"ds-icon inline-flex justify-center items-center [&amp;&gt;svg]:size-[inherit] [&amp;&gt;svg]:align-top size-16 data-[has-wrapper=&quot;true&quot;]:p-8\" aria-hidden=\"true\" role=\"presentation\" data-has-wrapper=\"false\"><svg fill=\"currentColor\"><use href=\"http:\/\/www.lanacion.com.ar\/pf\/resources\/images\/sprites\/sprite-lanacion-default.svg?d=2049#time\"\/><\/svg><\/i>9<!-- -->&#8216;<span class=\"hidden md:inline\">minutos<!-- --> de lectura<\/span><\/span><\/p>\n<\/div>\n<\/div>\n<div class=\"col-span-8 md:col-span-10 md:col-start-2 xl:col-span-8 xl:col-start-5 max-w-550 md:max-w-635 mb-16\">\n<p class=\"ds-custom-paragraph font-tertiary text-20 leading-[150%] tracking-[-0.1px] text-left editorial-drop-cap\">Hace m\u00e1s de veinte a\u00f1os que<strong> Mat\u00edas Gueilburt<\/strong> observa a <strong>Fito P\u00e1ez<\/strong> desde la mirada privilegiada de un amigo. Hace poco tiempo que tambi\u00e9n lo acompa\u00f1a como el director de su documental biogr\u00e1fico. Reci\u00e9n estrenada en <strong>Netflix<\/strong>, la pel\u00edcula <em><strong>Fito P\u00e1ez: El mundo cabe en una canci\u00f3n<\/strong><\/em> retrata a la persona detr\u00e1s de uno de los m\u00fasicos m\u00e1s consagrados de Iberoam\u00e9rica. <\/p>\n<\/div>\n<div class=\"col-span-8 md:col-span-10 md:col-start-2 xl:col-span-8 xl:col-start-5 max-w-550 md:max-w-635 mb-16\">\n<p class=\"ds-custom-paragraph font-tertiary text-20 leading-[150%] tracking-[-0.1px] text-left\">La historia comienza en un presente signado por la grabaci\u00f3n del \u00e1lbum <em><strong>Novela<\/strong><\/em> en los estudios<strong> Abbey Road<\/strong> de Londres, sigui\u00e9ndolo por las ciudades que recorri\u00f3 celebrando los aniversarios de aquellos discos que marcaron su carrera: <em><strong>Del 63<\/strong><\/em>, <em><strong>Circo Beat<\/strong><\/em> y <em><strong>El amor despu\u00e9s del amor<\/strong><\/em>.<em> <\/em>Es a trav\u00e9s de sus canciones que nos acerca a su pasado: su infancia, los inicios de su carrera y las p\u00e9rdidas que atravesaron su vida. Lejos de erigir un pedestal, entre contradicciones, crisis y obsesiones, este documental busca revelar el enorme esfuerzo detr\u00e1s de tanto talento y la fortaleza de quien se levanta despu\u00e9s de caer.<\/p>\n<\/div>\n<div class=\"col-span-8 md:col-span-10 md:col-start-2 xl:col-span-8 xl:col-start-5 max-w-550 md:max-w-635 mb-64\">\n<p><iframe loading=\"lazy\" title=\"Fito Paez: El mundo cabe en una canci\u00f3n | Tr\u00e1iler oficial | Netflix\" width=\"1170\" height=\"658\" src=\"https:\/\/www.youtube.com\/embed\/4P0PSlJDZvk?wmode=transparent&amp;rel=0&amp;feature=oembed\" frameborder=\"0\" allow=\"accelerometer; autoplay; clipboard-write; encrypted-media; gyroscope; picture-in-picture; web-share\" referrerpolicy=\"strict-origin-when-cross-origin\" allowfullscreen><\/iframe><\/p>\n<\/div>\n<div class=\"col-span-8 md:col-span-10 md:col-start-2 xl:col-span-8 xl:col-start-5 max-w-550 md:max-w-635 mb-16\">\n<p class=\"ds-custom-paragraph font-tertiary text-20 leading-[150%] tracking-[-0.1px] text-left\"><strong>\u2013\u00bfC\u00f3mo naci\u00f3 el impulso de hacer este documental?<\/strong><\/p>\n<\/div>\n<div class=\"col-span-8 md:col-span-10 md:col-start-2 xl:col-span-8 xl:col-start-5 max-w-550 md:max-w-635 mb-16\">\n<p class=\"ds-custom-paragraph font-tertiary text-20 leading-[150%] tracking-[-0.1px] text-left\">\u2013El origen arranc\u00f3 hace 4 o 5 a\u00f1os. Me acuerdo que est\u00e1bamos con <strong>Carlitos Vandera<\/strong> [amigo y m\u00fasico de Fito] almorzando en la casa de Rodolfo y ah\u00ed me dijo que era el momento de que haga el documental sobre su vida. Como siempre, me empez\u00f3 a decir: \u201cS\u00f3lo vos pod\u00e9s hacerlo, despu\u00e9s de tantos a\u00f1os de amistad, bla bla bla\u201d, y obviamente le dije que s\u00ed. El proyecto con <strong>Netflix<\/strong> habr\u00e1 empezado hace unos 3 a\u00f1os. Les cont\u00e9 que ten\u00eda una llegada muy cercana y les gust\u00f3 el enfoque que les estaba planteando.<\/p>\n<\/div>\n<div class=\"col-span-8 md:col-span-10 md:col-start-2 xl:col-span-8 xl:col-start-5 max-w-550 md:max-w-635 mb-16\">\n<p class=\"ds-custom-paragraph font-tertiary text-20 leading-[150%] tracking-[-0.1px] text-left\"><strong>\u2013\u00bfYa hab\u00edas trabajado con Fito antes?<\/strong><\/p>\n<\/div>\n<div class=\"col-span-8 md:col-span-10 md:col-start-2 xl:col-span-8 xl:col-start-5 max-w-550 md:max-w-635 mb-16\">\n<p class=\"ds-custom-paragraph font-tertiary text-20 leading-[150%] tracking-[-0.1px] text-left\">\u2013Ya hab\u00eda hecho muchas cosas con \u00e9l: hice videoclips, lo hab\u00eda filmado muchas veces y esas grabaciones no hab\u00edan encontrado sus rumbos, pero sab\u00eda que en alg\u00fan momento iban a encontrar su lugar. Cuando trabajamos juntos en la pel\u00edcula<em><strong> <\/strong><\/em><em>\u00bfDe qui\u00e9n es el portaligas?<\/em> (2007) empec\u00e9 a pensar: \u201c\u00bfQu\u00e9 me interesar\u00eda contar, desde mi punto de vista, sobre \u00e9l?\u201d. Sobre todo, quer\u00eda que sea muy honesto. Poder tener libertad, sin condicionamientos y retratarlo desde muchas aristas. En ning\u00fan momento surgi\u00f3 la idea del homenaje. Eso fue lo primero que yo quer\u00eda descartar. Le cont\u00e9 un poco por d\u00f3nde iba: el amigo, el padre, el artista.<\/p>\n<\/div>\n<div class=\"col-span-8 md:col-span-10 md:col-start-2 xl:col-span-8 xl:col-start-5 max-w-550 md:max-w-635 mb-16\">\n<figure>\n<div class=\"w-full flex justify-center bg-neutral-50\">\n<div class=\"max-md:border-x-0 border-1 border-neutral-200 w-full aspect-3\/2\">\n<div class=\"relative overflow-hidden h-full w-full\"><picture><source srcset=\"https:\/\/www.lanacion.com.ar\/resizer\/v2\/matias-gueilburt-y-fito-QROO4SIPLVE4ZL4ND3TUOJZXFA.tif?auth=574fdac6d0413a6b03d62508b63109d5f3d4df2f6fccb129686ecd4e5ada3bd0&amp;width=780&amp;height=439&amp;quality=70&amp;smart=true\" media=\"(min-width: 768px)\"\/><img alt=\"Mat\u00edas Gueilburt y Fito P\u00e1ez\" loading=\"lazy\" decoding=\"async\" class=\"ds-image relative z-1 object-cover h-full w-full\" src=\"https:\/\/www.lanacion.com.ar\/resizer\/v2\/matias-gueilburt-y-fito-QROO4SIPLVE4ZL4ND3TUOJZXFA.tif?auth=574fdac6d0413a6b03d62508b63109d5f3d4df2f6fccb129686ecd4e5ada3bd0&amp;width=420&amp;height=236&amp;quality=70&amp;smart=true\" width=\"1920\" height=\"1080\"\/><\/picture><\/div>\n<\/div>\n<\/div><figcaption class=\"py-8 space-x-8\"><span class=\"font-normal text-base-default text-16 text-center leading-[140%] tracking-[-0.3px]\">Mat\u00edas Gueilburt y Fito P\u00e1ez<\/span><span class=\"font-normal text-base-light text-16 text-center leading-[140%] tracking-[-0.3px]\">Netflix<\/span><\/figcaption><\/figure>\n<\/div>\n<div class=\"col-span-8 md:col-span-10 md:col-start-2 xl:col-span-8 xl:col-start-5 max-w-550 md:max-w-635 mb-16\">\n<p class=\"ds-custom-paragraph font-tertiary text-20 leading-[150%] tracking-[-0.1px] text-left\"><strong>\u2013\u00bfC\u00f3mo se construye ese v\u00ednculo entre el documentalista y el artista retratado, cuando est\u00e1 atravesado por la amistad? <\/strong> <\/p>\n<\/div>\n<div class=\"col-span-8 md:col-span-10 md:col-start-2 xl:col-span-8 xl:col-start-5 max-w-550 md:max-w-635 mb-16\">\n<p class=\"ds-custom-paragraph font-tertiary text-20 leading-[150%] tracking-[-0.1px] text-left\">\u2013Yo me lo tom\u00e9 realmente muy en serio, era muy importante sentir que lo estaba contando realmente a \u00e9l: con sus virtudes, con sus defectos, con sus obsesiones, con sus miedos. O sea, como una persona. Sinceramente fue ir observ\u00e1ndolo durante estos 26 a\u00f1os y encontrar esos puntos que a m\u00ed me parec\u00eda que no pod\u00edan dejar de estar en la pel\u00edcula.<\/p>\n<\/div>\n<div class=\"col-span-8 md:col-span-10 md:col-start-2 xl:col-span-8 xl:col-start-5 max-w-550 md:max-w-635 mb-16\">\n<p class=\"ds-custom-paragraph font-tertiary text-20 leading-[150%] tracking-[-0.1px] text-left\"><strong>\u2013En la primera escena, Fito dice: \u201cLo que me embola de los documentales es que les falta malicia\u201d. Efectivamente no se ocultan sus complejidades, lo vemos enojado, triste, solitario. \u00bfHubo una b\u00fasqueda de no glorificarlo? <\/strong><\/p>\n<\/div>\n<div class=\"col-span-8 md:col-span-10 md:col-start-2 xl:col-span-8 xl:col-start-5 max-w-550 md:max-w-635 mb-16\">\n<p class=\"ds-custom-paragraph font-tertiary text-20 leading-[150%] tracking-[-0.1px] text-left\">\u2013En realidad, eso es espectacular porque esa fue una conversaci\u00f3n en un ba\u00f1o y cuando \u00e9l me dijo eso, pens\u00e9: \u201cEste es el comienzo de la pel\u00edcula\u201d. Es casi como una especie de <em>disclaimer<\/em>. Y s\u00ed, de alguna forma iba viendo un mont\u00f3n de cosas que iban sucediendo, que son una forma de humanizarlo. La gente ve a este tipo que sale al escenario, que brilla, que toca el piano, que florece y que tiene un romance&#8230; Pero detr\u00e1s de todo eso hay un hombre, hay un padre y obviamente, como cualquiera de nosotros, llora, tiene tristeza, tiene problemas.<strong> <\/strong>Era importante mostrar todas esas facetas, como la exigencia que tiene en los ensayos. Porque \u00e9l tiene un don y ese don se trabaja con much\u00edsimo esfuerzo. Lo que corrige, esos peque\u00f1os detalles, los m\u00fasicos que est\u00e1n alrededor de \u00e9l autom\u00e1ticamente lo incorporan, porque tambi\u00e9n tienen que estar a su nivel. No es el talento solamente, es el talento m\u00e1s el sacrificio.<strong> <\/strong>Era importante que eso est\u00e9, me pareci\u00f3 que ten\u00eda valor hist\u00f3rico verlo a \u00e9l como director de orquesta a sus 60 y pico a\u00f1os de edad. Creo que la pel\u00edcula habla del paso del tiempo.<\/p>\n<\/div>\n<div class=\"col-span-8 md:col-span-10 md:col-start-2 xl:col-span-8 xl:col-start-5 max-w-550 md:max-w-635 mb-16\">\n<figure>\n<div class=\"w-full flex justify-center bg-neutral-50\">\n<div class=\"max-md:border-x-0 border-1 border-neutral-200 w-full aspect-3\/2\">\n<div class=\"relative overflow-hidden h-full w-full\"><picture><source srcset=\"https:\/\/www.lanacion.com.ar\/resizer\/v2\/rodaje-de-el-mundo-cabe-en-una-ZJK7EC2BDJB4FG7JCL6OS6UKSM.jpg?auth=20f3e8372837a5bcfb9ad266bca92a555e978669be4f10d7e4f0c90b7f514834&amp;width=780&amp;height=585&amp;quality=70&amp;smart=true\" media=\"(min-width: 768px)\"\/><img alt=\"Rodaje de El mundo cabe en una canci\u00f3n\" loading=\"lazy\" decoding=\"async\" class=\"ds-image relative z-1 object-cover h-full w-full\" src=\"https:\/\/www.lanacion.com.ar\/resizer\/v2\/rodaje-de-el-mundo-cabe-en-una-ZJK7EC2BDJB4FG7JCL6OS6UKSM.jpg?auth=20f3e8372837a5bcfb9ad266bca92a555e978669be4f10d7e4f0c90b7f514834&amp;width=420&amp;height=315&amp;quality=70&amp;smart=true\" width=\"1280\" height=\"960\"\/><\/picture><\/div>\n<\/div>\n<\/div><figcaption class=\"py-8 space-x-8\"><span class=\"font-normal text-base-default text-16 text-center leading-[140%] tracking-[-0.3px]\">Rodaje de El mundo cabe en una canci\u00f3n<\/span><span class=\"font-normal text-base-light text-16 text-center leading-[140%] tracking-[-0.3px]\">Netflix<\/span><\/figcaption><\/figure>\n<\/div>\n<div class=\"col-span-8 md:col-span-10 md:col-start-2 xl:col-span-8 xl:col-start-5 max-w-550 md:max-w-635 mb-16\">\n<p class=\"ds-custom-paragraph font-tertiary text-20 leading-[150%] tracking-[-0.1px] text-left\"><strong>\u2013No se busca narrar la historia de una generaci\u00f3n, se cuenta la historia de Fito P\u00e1ez, una vida muy particular. \u00bfC\u00f3mo se puede identificar el p\u00fablico con su historia? <\/strong><\/p>\n<\/div>\n<div class=\"col-span-8 md:col-span-10 md:col-start-2 xl:col-span-8 xl:col-start-5 max-w-550 md:max-w-635 mb-16\">\n<p class=\"ds-custom-paragraph font-tertiary text-20 leading-[150%] tracking-[-0.1px] text-left\">\u2013Yo nunca pienso en eso, no puedo ponerme los pantalones de la gente, no tengo esa capacidad. Yo puedo entender lo que me pasa a m\u00ed, lo que le pasa a mis hijos, que no son de la generaci\u00f3n de Fito; a mis amigos que fueron viendo la pel\u00edcula, a la gente de Netflix. Hice la pel\u00edcula con la mayor de las honestidades y el mayor de los amores para retratar a un artista, creo, de los m\u00e1s grandes de Iberoam\u00e9rica en nuestra \u00e9poca. En fin, creo que hay muchas miradas del mundo en la pel\u00edcula, que son cosas que \u00e9l piensa y que fuimos transitando juntos en estas conversaciones. Ojal\u00e1 que la gente la pueda disfrutar, que encuentre en esto una mirada diferente tambi\u00e9n sobre un artista como Fito, un tipo con una gran honestidad, como creo que tiene la pel\u00edcula tambi\u00e9n. Porque es el <em>soundtrack<\/em> de muchas generaciones. <\/p>\n<\/div>\n<div class=\"col-span-8 md:col-span-10 md:col-start-2 xl:col-span-8 xl:col-start-5 max-w-550 md:max-w-635 mb-16\">\n<figure>\n<div class=\"w-full flex justify-center bg-neutral-50\">\n<div class=\"max-md:border-x-0 border-1 border-neutral-200 w-full aspect-3\/2\">\n<div class=\"relative overflow-hidden h-full w-full\"><picture><source srcset=\"https:\/\/www.lanacion.com.ar\/resizer\/v2\/toolkit-main-keyart-FYVU2TM2AFCCHIHFJPMBVG6JYM.jpg?auth=4290da4070290b5f553c13b08f2dc3e927360d909bd3019ce323f7271ecdec9c&amp;width=780&amp;height=439&amp;quality=70&amp;smart=true\" media=\"(min-width: 768px)\"\/><img alt=\"Fito P\u00e1ez en los a\u00f1os 80\" loading=\"lazy\" decoding=\"async\" class=\"ds-image relative z-1 object-cover h-full w-full\" src=\"https:\/\/www.lanacion.com.ar\/resizer\/v2\/toolkit-main-keyart-FYVU2TM2AFCCHIHFJPMBVG6JYM.jpg?auth=4290da4070290b5f553c13b08f2dc3e927360d909bd3019ce323f7271ecdec9c&amp;width=420&amp;height=236&amp;quality=70&amp;smart=true\" width=\"7680\" height=\"4320\"\/><\/picture><\/div>\n<\/div>\n<\/div><figcaption class=\"py-8 space-x-8\"><span class=\"font-normal text-base-default text-16 text-center leading-[140%] tracking-[-0.3px]\">Fito P\u00e1ez en los a\u00f1os 80<\/span><\/figcaption><\/figure>\n<\/div>\n<div class=\"col-span-8 md:col-span-10 md:col-start-2 xl:col-span-8 xl:col-start-5 max-w-550 md:max-w-635 mb-16\">\n<p class=\"ds-custom-paragraph font-tertiary text-20 leading-[150%] tracking-[-0.1px] text-left\">\u2013<strong>Las canciones son fundamentales para contar su historia. \u00bfEs lo primero que elegiste para empezar a armar el guion?<\/strong><\/p>\n<\/div>\n<div class=\"col-span-8 md:col-span-10 md:col-start-2 xl:col-span-8 xl:col-start-5 max-w-550 md:max-w-635 mb-16\">\n<p class=\"ds-custom-paragraph font-tertiary text-20 leading-[150%] tracking-[-0.1px] text-left\">\u2013Medio que se fue armando. Por eso la pel\u00edcula tambi\u00e9n se llama <em>El mundo cabe en una canci\u00f3n<\/em>, porque Fito puede canalizar en canciones todos los hechos que se van articulando a lo largo de la pel\u00edcula. Tiene ese poder de sintetizar su mundo en tres minutos. Su obra es consecuencia de la vida que \u00e9l va viviendo. Un momento que a m\u00ed me gusta mucho es cuando fallece el padre. \u00c9l toca \u201cParte del aire\u201d y cuenta esa historia, que ni yo la conoc\u00eda. Esa canci\u00f3n la compuso pensando en el encuentro de su pap\u00e1 y su mam\u00e1 ah\u00ed arriba.<\/p>\n<\/div>\n<div class=\"col-span-8 md:col-span-10 md:col-start-2 xl:col-span-8 xl:col-start-5 max-w-550 md:max-w-635 mb-64\">\n<p><iframe loading=\"lazy\" title=\"P\u00e1ez en Am\u00e9rica: Parte del aire | La Ballena Azul\" width=\"1170\" height=\"658\" src=\"https:\/\/www.youtube.com\/embed\/kV-QCwJvy_k?wmode=transparent&amp;rel=0&amp;feature=oembed\" frameborder=\"0\" allow=\"accelerometer; autoplay; clipboard-write; encrypted-media; gyroscope; picture-in-picture; web-share\" referrerpolicy=\"strict-origin-when-cross-origin\" allowfullscreen><\/iframe><\/p>\n<\/div>\n<div class=\"col-span-8 md:col-span-10 md:col-start-2 xl:col-span-8 xl:col-start-5 max-w-550 md:max-w-635 mb-16\">\n<p class=\"ds-custom-paragraph font-tertiary text-20 leading-[150%] tracking-[-0.1px] text-left\"><strong>\u2013<\/strong><strong>La pel\u00edcula oscila entre el pasado de su infancia, sus primeros a\u00f1os de carrera y el presente. \u00bfPor qu\u00e9 conectar sus inicios con el momento actual?<\/strong><\/p>\n<\/div>\n<div class=\"col-span-8 md:col-span-10 md:col-start-2 xl:col-span-8 xl:col-start-5 max-w-550 md:max-w-635 mb-16\">\n<p class=\"ds-custom-paragraph font-tertiary text-20 leading-[150%] tracking-[-0.1px] text-left\">\u2013En realidad, toda la pel\u00edcula est\u00e1 construida desde el presente. Todo comenz\u00f3 cuando \u00e9l me dijo que quer\u00eda grabar el disco <em><strong>Novela<\/strong><\/em>, que era un proyecto que tuvo durante 36 a\u00f1os y que lo iba a grabar en Abbey Road. Ah\u00ed decid\u00ed que ese era el comienzo de esta historia. Se iba a sacar de encima algo que llev\u00f3 durante 36 a\u00f1os. Iba a cerrar un ciclo. Cuando empez\u00f3 a suceder eso, me empec\u00e9 a dar cuenta que no quer\u00eda hacer una biograf\u00eda. S\u00ed me gustaba la idea de que \u00e9l, desde ese lugar, empezara a transitar su pasado, una especie de gran <em>flashback<\/em> de diferentes momentos mientras iba construyendo todo este presente. Despu\u00e9s de que se publicara el \u00e1lbum, nos fuimos a un bar y le pregunt\u00e9: \u201c\u00bfQu\u00e9 m\u00e1s necesit\u00e1s en este presente?\u201c. Me respondi\u00f3: \u201cSer amado como un ni\u00f1o\u201d. Ah\u00ed dije: \u201cYa est\u00e1, este es el final\u201d. Todo el tiempo la narraci\u00f3n me iba llevando a ese ni\u00f1o que ten\u00eda que cerrar una historia con la muerte de su madre.<\/p>\n<\/div>\n<div class=\"col-span-8 md:col-span-10 md:col-start-2 xl:col-span-8 xl:col-start-5 max-w-550 md:max-w-635 mb-16\">\n<figure>\n<div class=\"w-full flex justify-center bg-neutral-50\">\n<div class=\"max-md:border-x-0 border-1 border-neutral-200 w-full aspect-3\/2\">\n<div class=\"relative overflow-hidden h-full w-full\"><picture><source srcset=\"https:\/\/www.lanacion.com.ar\/resizer\/v2\/toolkit-main-keyart-3PNOVSLKQFDITDGTVGOEY4Z3FM.jpg?auth=75488d60cdacd16617e2a5b9c824c78fd7491415664c8a834ee8db0cc9a4e4f5&amp;width=780&amp;height=439&amp;quality=70&amp;smart=true\" media=\"(min-width: 768px)\"\/><img alt=\"Fito P\u00e1ez con su hija Margarita\" loading=\"lazy\" decoding=\"async\" class=\"ds-image relative z-1 object-cover h-full w-full\" src=\"https:\/\/www.lanacion.com.ar\/resizer\/v2\/toolkit-main-keyart-3PNOVSLKQFDITDGTVGOEY4Z3FM.jpg?auth=75488d60cdacd16617e2a5b9c824c78fd7491415664c8a834ee8db0cc9a4e4f5&amp;width=420&amp;height=236&amp;quality=70&amp;smart=true\" width=\"3840\" height=\"2160\"\/><\/picture><\/div>\n<\/div>\n<\/div><figcaption class=\"py-8 space-x-8\"><span class=\"font-normal text-base-default text-16 text-center leading-[140%] tracking-[-0.3px]\">Fito P\u00e1ez con su hija Margarita<\/span><\/figcaption><\/figure>\n<\/div>\n<div class=\"col-span-8 md:col-span-10 md:col-start-2 xl:col-span-8 xl:col-start-5 max-w-550 md:max-w-635 mb-16\">\n<p class=\"ds-custom-paragraph font-tertiary text-20 leading-[150%] tracking-[-0.1px] text-left\"><strong>\u2013\u00bfC\u00f3mo fue trabajar con su archivo personal?<\/strong><\/p>\n<\/div>\n<div class=\"col-span-8 md:col-span-10 md:col-start-2 xl:col-span-8 xl:col-start-5 max-w-550 md:max-w-635 mb-16\">\n<p class=\"ds-custom-paragraph font-tertiary text-20 leading-[150%] tracking-[-0.1px] text-left\">\u2013Me pareci\u00f3 muy hermoso. Me abri\u00f3 su casa, fuimos mientras \u00e9l no estaba a fotografiar y escanear todos esos materiales de su infancia. La perla fue encontrar la grabaci\u00f3n de cuando \u00e9l toc\u00f3 en la<strong> <\/strong>Escuela Dante Alighieri de Rosario con 14 a\u00f1os. Me volv\u00ed loco, porque un amigo me dec\u00eda que ten\u00eda que haber material f\u00edlmico, que alguien ten\u00eda que haber grabado uno de esos actos. La familia P\u00e1ez no, porque no ten\u00edan c\u00e1mara. Entonces, fue una b\u00fasqueda de gente perdida en el tiempo: compa\u00f1eritos del colegio, vecinos, hasta que encontramos a la familia del guitarrista, que hab\u00edan filmado a su hijo, pero el que tocaba el piano era Fito. Ese material es hermoso, est\u00e1 \u00e9l con la misma expresi\u00f3n, la misma cara, todo, tocando a los 14 a\u00f1os.<\/p>\n<\/div>\n<div class=\"col-span-8 md:col-span-10 md:col-start-2 xl:col-span-8 xl:col-start-5 max-w-550 md:max-w-635 mb-16\">\n<figure>\n<div class=\"w-full flex justify-center bg-neutral-50\">\n<div class=\"max-md:border-x-0 border-1 border-neutral-200 w-full aspect-3\/2\">\n<div class=\"relative overflow-hidden h-full w-full\"><picture><source srcset=\"https:\/\/www.lanacion.com.ar\/resizer\/v2\/toolkit-main-keyart-DNABQNCNQNH7ROIAFUI4CFJGG4.jpg?auth=d910ea71028d7aa392cbe44a97c604e06731520da313ae227e9a09d18dc7dea7&amp;width=780&amp;height=439&amp;quality=70&amp;smart=true\" media=\"(min-width: 768px)\"\/><img alt=\"Fito P\u00e1ez en Nueva York\" loading=\"lazy\" decoding=\"async\" class=\"ds-image relative z-1 object-cover h-full w-full\" src=\"https:\/\/www.lanacion.com.ar\/resizer\/v2\/toolkit-main-keyart-DNABQNCNQNH7ROIAFUI4CFJGG4.jpg?auth=d910ea71028d7aa392cbe44a97c604e06731520da313ae227e9a09d18dc7dea7&amp;width=420&amp;height=236&amp;quality=70&amp;smart=true\" width=\"3840\" height=\"2160\"\/><\/picture><\/div>\n<\/div>\n<\/div><figcaption class=\"py-8 space-x-8\"><span class=\"font-normal text-base-default text-16 text-center leading-[140%] tracking-[-0.3px]\">Fito P\u00e1ez en Nueva York<\/span><\/figcaption><\/figure>\n<\/div>\n<div class=\"col-span-8 md:col-span-10 md:col-start-2 xl:col-span-8 xl:col-start-5 max-w-550 md:max-w-635 mb-16\">\n<p class=\"ds-custom-paragraph font-tertiary text-20 leading-[150%] tracking-[-0.1px] text-left\"><strong>\u2013En 2024, mientras estaban en plena etapa de filmaci\u00f3n, ocurri\u00f3 su grave ca\u00edda e internaci\u00f3n. \u00bfC\u00f3mo fue retratar un momento tan tr\u00e1gico?<\/strong><\/p>\n<\/div>\n<div class=\"col-span-8 md:col-span-10 md:col-start-2 xl:col-span-8 xl:col-start-5 max-w-550 md:max-w-635 mb-16\">\n<p class=\"ds-custom-paragraph font-tertiary text-20 leading-[150%] tracking-[-0.1px] text-left\">\u2013Hab\u00eda ido a Espa\u00f1a a acompa\u00f1arlo en la celebraci\u00f3n de sus diez a\u00f1os con Eugenia [Kolodziej]. Cuando volv\u00ed a Buenos Aires, a los pocos d\u00edas me llam\u00f3 Euge para contarme. As\u00ed que volv\u00ed a irme para all\u00e1. Y bueno, la verdad que verlo fue muy duro. Los m\u00e9dicos pensaron que lo hab\u00eda pisado un auto, eran once costillas rotas. La recuperaci\u00f3n iba a ser dif\u00edcil. Yo hab\u00eda llevado una camarita, entonces la noche que me qued\u00e9 cuid\u00e1ndolo, mientras \u00e9l dorm\u00eda, me puse a tirar muy respetuosamente algunos planos. Realmente me pareci\u00f3 que el retrato de eso era el disparador de la historia. Un hombre que cae a un lugar muy profundo que le permite empezar a ver su historia. No hab\u00eda que tenerle miedo a eso, porque es lo que nos puede pasar a cualquiera de nosotros. Sinti\u00f3 que se iba a morir realmente en ese momento y abr\u00eda lugar al nuevo Fito. Durante toda la pel\u00edcula fue como un cambio de piel.<\/p>\n<\/div>\n<div class=\"col-span-8 md:col-span-10 md:col-start-2 xl:col-span-8 xl:col-start-5 max-w-550 md:max-w-635 mb-16\">\n<figure>\n<div class=\"w-full flex justify-center bg-neutral-50\">\n<div class=\"max-md:border-x-0 border-1 border-neutral-200 w-full aspect-3\/2\">\n<div class=\"relative overflow-hidden h-full w-full\"><picture><source srcset=\"https:\/\/www.lanacion.com.ar\/resizer\/v2\/toolkit-main-keyart-7J2XL2SQQJBMFLVWIXNANQMO5I.jpg?auth=8e8b73196518bf0b42c27eaa5076f68944efbdbb290dcade3c3b9db08c74ef51&amp;width=780&amp;height=439&amp;quality=70&amp;smart=true\" media=\"(min-width: 768px)\"\/><img alt=\"Charly Garc\u00eda, Fabi Cantilo y Fito P\u00e1ez\" loading=\"lazy\" decoding=\"async\" class=\"ds-image relative z-1 object-cover h-full w-full\" src=\"https:\/\/www.lanacion.com.ar\/resizer\/v2\/toolkit-main-keyart-7J2XL2SQQJBMFLVWIXNANQMO5I.jpg?auth=8e8b73196518bf0b42c27eaa5076f68944efbdbb290dcade3c3b9db08c74ef51&amp;width=420&amp;height=236&amp;quality=70&amp;smart=true\" width=\"3840\" height=\"2160\"\/><\/picture><\/div>\n<\/div>\n<\/div><figcaption class=\"py-8 space-x-8\"><span class=\"font-normal text-base-default text-16 text-center leading-[140%] tracking-[-0.3px]\">Charly Garc\u00eda, Fabi Cantilo y Fito P\u00e1ez<\/span><\/figcaption><\/figure>\n<\/div>\n<div class=\"col-span-8 md:col-span-10 md:col-start-2 xl:col-span-8 xl:col-start-5 max-w-550 md:max-w-635 mb-16\">\n<p class=\"ds-custom-paragraph font-tertiary text-20 leading-[150%] tracking-[-0.1px] text-left\">\u2013<strong>\u00bfY c\u00f3mo fue cuando finalmente se la mostraste?<\/strong><\/p>\n<\/div>\n<div class=\"col-span-8 md:col-span-10 md:col-start-2 xl:col-span-8 xl:col-start-5 max-w-550 md:max-w-635 mb-16\">\n<p class=\"ds-custom-paragraph font-tertiary text-20 leading-[150%] tracking-[-0.1px] text-left\">\u2013Un d\u00eda voy a la casa, \u00e9l la quer\u00eda ver, yo fui nervios\u00edsimo. Imaginate. Hab\u00eda muchos momentos donde pens\u00e9 que no le iba a gustar. Estuvo callado, est\u00e1bamos los dos solos, era de noche y cuando termin\u00f3 me abraz\u00f3 y me dijo una cosa muy linda, algo as\u00ed como: \u201cEs muy dif\u00edcil para m\u00ed decir que me gusta, porque es muy impactante, pero realmente me siento muy reflejado. Yo estoy ah\u00ed. Ese soy\u201d. Para m\u00ed fue el mejor de los halagos, porque intent\u00e9 realmente que la gente vea un Fito que es as\u00ed, natural. Con sus quilombos y con sus aciertos, con sus amores y con sus pasiones, con sus direcciones y con el arte que \u00e9l tiene para dar constantemente.<\/p>\n<\/div>\n<\/div>\n<p><script id=\"facebookpixel\" defer=\"\" type=\"text\/javascript\">\n        !function(f,b,e,v,n,t,s)\n        {if(f.fbq)return;n=f.fbq=function(){n.callMethod?\n        n.callMethod.apply(n,arguments):n.queue.push(arguments)};\n        if(!f._fbq)f._fbq=n;n.push=n;n.loaded=!0;n.version='2.0';\n        n.queue=[];t=b.createElement(e);t.async=!0;\n        t.src=v;s=b.getElementsByTagName(e)[0];\n        s.parentNode.insertBefore(t,s)}(window, document,'script',\n        '\n        fbq('init', '492459597522335');\n        fbq('track', 'PageView');\n    <\/script><\/p>\n","protected":false},"excerpt":{"rendered":"<p>3 de septiembre de 202610:009&#8216;minutos de lectura Hace m\u00e1s de veinte a\u00f1os que Mat\u00edas Gueilburt observa a Fito P\u00e1ez desde la mirada privilegiada de un amigo. Hace poco tiempo que tambi\u00e9n lo acompa\u00f1a como el director de su documental biogr\u00e1fico. Reci\u00e9n estrenada en Netflix, la pel\u00edcula Fito P\u00e1ez: El mundo cabe en una canci\u00f3n retrata [&hellip;]<\/p>\n","protected":false},"author":2,"featured_media":91339,"comment_status":"","ping_status":"","sticky":false,"template":"","format":"standard","meta":{"footnotes":""},"categories":[14],"tags":[],"_links":{"self":[{"href":"https:\/\/maxradio923.com.ar\/index.php\/wp-json\/wp\/v2\/posts\/91338"}],"collection":[{"href":"https:\/\/maxradio923.com.ar\/index.php\/wp-json\/wp\/v2\/posts"}],"about":[{"href":"https:\/\/maxradio923.com.ar\/index.php\/wp-json\/wp\/v2\/types\/post"}],"author":[{"embeddable":true,"href":"https:\/\/maxradio923.com.ar\/index.php\/wp-json\/wp\/v2\/users\/2"}],"replies":[{"embeddable":true,"href":"https:\/\/maxradio923.com.ar\/index.php\/wp-json\/wp\/v2\/comments?post=91338"}],"version-history":[{"count":0,"href":"https:\/\/maxradio923.com.ar\/index.php\/wp-json\/wp\/v2\/posts\/91338\/revisions"}],"wp:featuredmedia":[{"embeddable":true,"href":"https:\/\/maxradio923.com.ar\/index.php\/wp-json\/wp\/v2\/media\/91339"}],"wp:attachment":[{"href":"https:\/\/maxradio923.com.ar\/index.php\/wp-json\/wp\/v2\/media?parent=91338"}],"wp:term":[{"taxonomy":"category","embeddable":true,"href":"https:\/\/maxradio923.com.ar\/index.php\/wp-json\/wp\/v2\/categories?post=91338"},{"taxonomy":"post_tag","embeddable":true,"href":"https:\/\/maxradio923.com.ar\/index.php\/wp-json\/wp\/v2\/tags?post=91338"}],"curies":[{"name":"wp","href":"https:\/\/api.w.org\/{rel}","templated":true}]}}