{"id":91334,"date":"2026-09-03T09:28:03","date_gmt":"2026-09-03T12:28:03","guid":{"rendered":"https:\/\/maxradio923.com.ar\/index.php\/2026\/09\/03\/lanzan-la-segunda-edicion-de-un-programa-que-impulsa-a-los-emprendedores-sociales\/"},"modified":"2026-09-03T09:28:03","modified_gmt":"2026-09-03T12:28:03","slug":"lanzan-la-segunda-edicion-de-un-programa-que-impulsa-a-los-emprendedores-sociales","status":"publish","type":"post","link":"https:\/\/maxradio923.com.ar\/index.php\/2026\/09\/03\/lanzan-la-segunda-edicion-de-un-programa-que-impulsa-a-los-emprendedores-sociales\/","title":{"rendered":"Lanzan la segunda edici\u00f3n de un programa que impulsa a los emprendedores sociales"},"content":{"rendered":"<p><\/p>\n<div>\n<p>Los emprendedores sociales que est\u00e1n en actividad hace por lo menos 2 a\u00f1os y que fueron fiscalizados e inscriptos en el Registro Provincial Emprendedor tienen una oportunidad de formaci\u00f3n y acompa\u00f1amiento personalizado para consolidarse, fortalecerse y expandir sus iniciativas productivas, a partir del programa Ideas Incubadora para el Desarrollo Emprendedor. Esta es la segunda edici\u00f3n de esta pol\u00edtica p\u00fablica.<\/p>\n<p>Esta es una iniciativa de la Direcci\u00f3n de Econom\u00eda Social que consiste fundamentalmente en un ciclo de capacitaciones de 4 meses de extensi\u00f3n en diversas tem\u00e1ticas vinculadas al desarrollo, comunicaci\u00f3n, gesti\u00f3n empresarial, marketing, redes comerciales, ventas, innovaci\u00f3n y t\u00e9cnicas para potenciar las artesan\u00edas o producciones; a la vez de mentor\u00edas personalizadas con expertos para poder realizar los cambios necesarios que resulten de todo el proceso. Inclusive se incluyen reuniones con posibles compradores y la incorporaci\u00f3n en diferentes ferias, espacios o iniciativas para que expongan y comercialicen los productos. Quien cumple con el 75% de asistencia a las charlas y talleres de formaci\u00f3n y presenta todos los trabajos propuestos el programa, podr\u00e1 acceder a equipamiento, insumos y herramientas fundamentales para el crecimiento de sus emprendimientos.<\/p>\n<p>Ya est\u00e1n abiertas las inscripciones para todos los interesados a trav\u00e9s del link INSCRIPCIONES. La recepci\u00f3n virtual de los formularios se har\u00e1 desde este mi\u00e9rcoles 2 de septiembre hasta el viernes 4 de septiembre inclusive o hasta alcanzar un cupo m\u00e1ximo de 160 emprendimientos. Una vez finalizado este per\u00edodo inicial, el equipo t\u00e9cnico de la Direcci\u00f3n de Econom\u00eda Social har\u00e1 un proceso de evaluaci\u00f3n y preselecci\u00f3n de los postulantes que cumplan con los requisitos, quedando los 60 participantes efectivos del programa.<\/p>\n<p>Para participar hay que tener m\u00e1s de 18 a\u00f1os de edad, tener un emprendimiento unipersonal o asociativo de diferentes rubros, acreditar la experiencia y trayectoria de la unidad productiva mediante la presentaci\u00f3n de documentaci\u00f3n respaldatoria (boletas, recibos, fotograf\u00edas, certificados de cursos de capacitaci\u00f3n, entre otros); los monotributistas deber\u00e1n presentar documentaci\u00f3n que corrobore su situaci\u00f3n fiscal, incluyendo constancias de inscripci\u00f3n y de opci\u00f3n de inscripci\u00f3n ante ARCA, comprobantes de pago y facturaci\u00f3n, seg\u00fan corresponda, entre otros. No ser\u00e1n admitidos aquellos emprendedores que fueron parte de la primera edici\u00f3n.<\/p>\n<p>En el a\u00f1o 2025, para la primera edici\u00f3n del programa IDEAS Incubadora para el Desarrollo Emprendedor, se trabaj\u00f3 con 57 emprendimientos que iniciaron su formaci\u00f3n. De ellos, 44 emprendedores de diferentes rubros productivos (vivero, decoraci\u00f3n para el hogar, joyer\u00eda y bijouterie, marroquiner\u00eda, artesan\u00edas en madera, resina, hojas de palma y cester\u00eda, sublimaci\u00f3n, vitrofusi\u00f3n, textiler\u00eda, impresiones 3D, cer\u00e1mica, papeler\u00eda, cuchiller\u00eda, gastronom\u00eda) completaron el proceso.<\/p>\n<\/p><\/div>\n<p><script async defer crossorigin=\"anonymous\" src=\"https:\/\/connect.facebook.net\/es_ES\/sdk.js#xfbml=1&#038;version=v3.3\"><\/script><\/p>\n","protected":false},"excerpt":{"rendered":"<p>Los emprendedores sociales que est\u00e1n en actividad hace por lo menos 2 a\u00f1os y que fueron fiscalizados e inscriptos en el Registro Provincial Emprendedor tienen una oportunidad de formaci\u00f3n y acompa\u00f1amiento personalizado para consolidarse, fortalecerse y expandir sus iniciativas productivas, a partir del programa Ideas Incubadora para el Desarrollo Emprendedor. Esta es la segunda edici\u00f3n [&hellip;]<\/p>\n","protected":false},"author":2,"featured_media":91335,"comment_status":"","ping_status":"","sticky":false,"template":"","format":"standard","meta":{"footnotes":""},"categories":[8],"tags":[],"_links":{"self":[{"href":"https:\/\/maxradio923.com.ar\/index.php\/wp-json\/wp\/v2\/posts\/91334"}],"collection":[{"href":"https:\/\/maxradio923.com.ar\/index.php\/wp-json\/wp\/v2\/posts"}],"about":[{"href":"https:\/\/maxradio923.com.ar\/index.php\/wp-json\/wp\/v2\/types\/post"}],"author":[{"embeddable":true,"href":"https:\/\/maxradio923.com.ar\/index.php\/wp-json\/wp\/v2\/users\/2"}],"replies":[{"embeddable":true,"href":"https:\/\/maxradio923.com.ar\/index.php\/wp-json\/wp\/v2\/comments?post=91334"}],"version-history":[{"count":0,"href":"https:\/\/maxradio923.com.ar\/index.php\/wp-json\/wp\/v2\/posts\/91334\/revisions"}],"wp:featuredmedia":[{"embeddable":true,"href":"https:\/\/maxradio923.com.ar\/index.php\/wp-json\/wp\/v2\/media\/91335"}],"wp:attachment":[{"href":"https:\/\/maxradio923.com.ar\/index.php\/wp-json\/wp\/v2\/media?parent=91334"}],"wp:term":[{"taxonomy":"category","embeddable":true,"href":"https:\/\/maxradio923.com.ar\/index.php\/wp-json\/wp\/v2\/categories?post=91334"},{"taxonomy":"post_tag","embeddable":true,"href":"https:\/\/maxradio923.com.ar\/index.php\/wp-json\/wp\/v2\/tags?post=91334"}],"curies":[{"name":"wp","href":"https:\/\/api.w.org\/{rel}","templated":true}]}}