{"id":91332,"date":"2026-09-03T06:28:03","date_gmt":"2026-09-03T09:28:03","guid":{"rendered":"https:\/\/maxradio923.com.ar\/index.php\/2026\/09\/03\/los-enanitos-verdes-la-decision-de-los-hijos-de-marciano-cantero-y-felipe-staiti-la-polemica-con-un-ex-y-la-reaccion-de-los-fans\/"},"modified":"2026-09-03T06:28:03","modified_gmt":"2026-09-03T09:28:03","slug":"los-enanitos-verdes-la-decision-de-los-hijos-de-marciano-cantero-y-felipe-staiti-la-polemica-con-un-ex-y-la-reaccion-de-los-fans","status":"publish","type":"post","link":"https:\/\/maxradio923.com.ar\/index.php\/2026\/09\/03\/los-enanitos-verdes-la-decision-de-los-hijos-de-marciano-cantero-y-felipe-staiti-la-polemica-con-un-ex-y-la-reaccion-de-los-fans\/","title":{"rendered":"Los Enanitos Verdes: la decisi\u00f3n de los hijos de Marciano Cantero y Felipe Staiti, la pol\u00e9mica con un ex y la reacci\u00f3n de los fans"},"content":{"rendered":"<p><\/p>\n<div>\n<div class=\"col-span-8 md:col-span-10 md:col-start-2 xl:col-span-8 xl:col-start-5 max-w-550 md:max-w-635 mb-24\" id=\"cuerpo__nota\">\n<div class=\"flex flex-col ai-center gap-8 mb-40\">\n<p><time datetime=\"2026-09-03T09:00:01Z\" class=\"flex items-center gap-8\"><span>3 de septiembre de 2026<\/span><i class=\"ds-icon inline-flex justify-center items-center [&amp;&gt;svg]:size-[inherit] [&amp;&gt;svg]:align-top size-12 data-[has-wrapper=&quot;true&quot;]:p-6\" aria-hidden=\"true\" role=\"presentation\" data-has-wrapper=\"false\"><svg fill=\"currentColor\"><use href=\"http:\/\/www.lanacion.com.ar\/pf\/resources\/images\/sprites\/sprite-lanacion-default.svg?d=2049#bullet-filled\"\/><\/svg><\/i><span>06:00<\/span><\/time><i class=\"ds-icon inline-flex justify-center items-center [&amp;&gt;svg]:size-[inherit] [&amp;&gt;svg]:align-top size-12 data-[has-wrapper=&quot;true&quot;]:p-6 hidden md:block\" aria-hidden=\"true\" role=\"presentation\" data-has-wrapper=\"false\"><svg fill=\"currentColor\"><use href=\"http:\/\/www.lanacion.com.ar\/pf\/resources\/images\/sprites\/sprite-lanacion-default.svg?d=2049#bullet-filled\"\/><\/svg><\/i><span class=\"flex items-center gap-4\"><i class=\"ds-icon inline-flex justify-center items-center [&amp;&gt;svg]:size-[inherit] [&amp;&gt;svg]:align-top size-16 data-[has-wrapper=&quot;true&quot;]:p-8\" aria-hidden=\"true\" role=\"presentation\" data-has-wrapper=\"false\"><svg fill=\"currentColor\"><use href=\"http:\/\/www.lanacion.com.ar\/pf\/resources\/images\/sprites\/sprite-lanacion-default.svg?d=2049#time\"\/><\/svg><\/i>5<!-- -->&#8216;<span class=\"hidden md:inline\">minutos<!-- --> de lectura<\/span><\/span><\/p>\n<\/div>\n<\/div>\n<div class=\"col-span-8 md:col-span-10 md:col-start-2 xl:col-span-8 xl:col-start-5 max-w-550 md:max-w-635 mb-16\">\n<p class=\"ds-custom-paragraph font-tertiary text-20 leading-[150%] tracking-[-0.1px] text-left editorial-drop-cap\">MENDOZA.- \u201cY sigue y sigue, dando vueltas y vueltas, la loca rueda de la vida. Y sigue rodando, en mi cabeza, el enigma cautivante de tu voz&#8230;\u201d. Transformar el dolor de la ausencia en un refugio, como lo plasmaron <strong>Los Enanitos Verdes<\/strong> en \u201cTus viejas cartas\u201d, uno de los temas ic\u00f3nicos de la legendaria banda de rock argentina, es el motor de una nueva etapa.<\/p>\n<\/div>\n<div class=\"col-span-8 md:col-span-10 md:col-start-2 xl:col-span-8 xl:col-start-5 max-w-550 md:max-w-635 mb-16\">\n<p class=\"ds-custom-paragraph font-tertiary text-20 leading-[150%] tracking-[-0.1px] text-left\">As\u00ed, la persistencia de los recuerdos y de los afectos sobrevive al paso del tiempo y a las distancias. Hoy, ese sentimiento retumba con fuerza en los hijos de la hist\u00f3rica agrupaci\u00f3n, quienes decidieron tomar la posta, tras el fallecimiento de sus padres, y empezar\u00e1n a subirse a los escenarios con una gira internacional que promete llenar de magia cada show. <\/p>\n<\/div>\n<div class=\"col-span-8 md:col-span-10 md:col-start-2 xl:col-span-8 xl:col-start-5 max-w-550 md:max-w-635 mb-16\">\n<figure>\n<div class=\"w-full flex justify-center bg-neutral-50\">\n<div class=\"max-md:border-x-0 border-1 border-neutral-200 w-full aspect-3\/2\">\n<div class=\"relative overflow-hidden h-full w-full\"><picture><source srcset=\"https:\/\/www.lanacion.com.ar\/resizer\/v2\/los-enanitos-verdes-2026-los-hijos-de-felipe-EQY2FRPV5VATLENF2SHYYHWK34.jpg?auth=87eb004ab83170daf3e78ce5981d785a3a7cc9a6937062072271ad2c5ee5c0ee&amp;width=780&amp;height=585&amp;quality=70&amp;smart=true\" media=\"(min-width: 768px)\"\/><img alt=\"Los Enanitos Verdes 2026: los hijos de Felipe Staiti y el hijo de Marciano Cantero, al frente de la nueva formaci\u00f3n\" loading=\"lazy\" decoding=\"async\" class=\"ds-image relative z-1 object-cover h-full w-full\" src=\"https:\/\/www.lanacion.com.ar\/resizer\/v2\/los-enanitos-verdes-2026-los-hijos-de-felipe-EQY2FRPV5VATLENF2SHYYHWK34.jpg?auth=87eb004ab83170daf3e78ce5981d785a3a7cc9a6937062072271ad2c5ee5c0ee&amp;width=420&amp;height=315&amp;quality=70&amp;smart=true\" width=\"4032\" height=\"3024\"\/><\/picture><\/div>\n<\/div>\n<\/div><figcaption class=\"py-8 space-x-8\"><span class=\"font-normal text-base-default text-16 text-center leading-[140%] tracking-[-0.3px]\">Los Enanitos Verdes 2026: los hijos de Felipe Staiti y el hijo de Marciano Cantero, al frente de la nueva formaci\u00f3n<\/span><\/figcaption><\/figure>\n<\/div>\n<div class=\"col-span-8 md:col-span-10 md:col-start-2 xl:col-span-8 xl:col-start-5 max-w-550 md:max-w-635 mb-16\">\n<p class=\"ds-custom-paragraph font-tertiary text-20 leading-[150%] tracking-[-0.1px] text-left\">En di\u00e1logo con <strong>LA NACION<\/strong> desde Miami, en un parate de los ensayos, tras el sorprendente anuncio que hicieron en las redes sociales en los \u00faltimos d\u00edas, <strong>Javier Cantero, Juan Pablo Staiti y Natalio Staiti, hijos de Marciano y Felipe,<\/strong> respectivamente, dejaron en claro que est\u00e1n listos para pisar las tablas. Junto a ellos tocar\u00e1n el baterista <strong>Jota Morelli<\/strong> y el bajista <strong>Guillermo Vadal\u00e1<\/strong>, quienes integraron la banda en sus \u00faltimos a\u00f1os, entre otros participantes.<\/p>\n<\/div>\n<div class=\"col-span-8 md:col-span-10 md:col-start-2 xl:col-span-8 xl:col-start-5 max-w-550 md:max-w-635 mb-16\">\n<p class=\"ds-custom-paragraph font-tertiary text-20 leading-[150%] tracking-[-0.1px] text-left\">As\u00ed, contrarreloj, como el nombre de uno de los \u00e1lbumes m\u00e1s famosos de la agrupaci\u00f3n, los herederos ultiman detalles y se preparan para darlo todo. \u201cPara nosotros es un honor y un orgullo ser el nexo que conecta a nuestros padres con la gente a trav\u00e9s de las canciones y su obra\u201d, expresaron al un\u00edsono. \u201cHace meses que nos llegan mensajes a todos pidi\u00e9ndonos que sigamos con el legado de Enanitos, que no dejemos morir a la banda. Y ahora que finalmente lo anunciamos se siente surreal la cantidad de amor y apoyo de los fans. Nos llegan mensajes agradeci\u00e9ndonos, cuando somos nosotros los que estamos agradecidos por este recibimiento tan emotivo\u201d, se\u00f1al\u00f3 Javier. <\/p>\n<\/div>\n<div class=\"col-span-8 md:col-span-10 md:col-start-2 xl:col-span-8 xl:col-start-5 max-w-550 md:max-w-635 mb-16\">\n<figure>\n<div class=\"w-full flex justify-center bg-neutral-50\">\n<div class=\"max-md:border-x-0 border-1 border-neutral-200 w-full aspect-3\/2\">\n<div class=\"relative overflow-hidden h-full w-full\"><picture><source srcset=\"https:\/\/www.lanacion.com.ar\/resizer\/v2\/felipe-staiti-y-marciano-cantero-los-historicos-WEFDZFPDRNHGLEWT5TDRJF7OFY.jpeg?auth=3389c0eba5d902bf580b988abec598a1118144082f301fcb87a8391fa86eeb7a&amp;width=780&amp;height=597&amp;quality=70&amp;smart=true\" media=\"(min-width: 768px)\"\/><img alt=\"Felipe Staiti y Marciano Cantero, los hist\u00f3ricos l\u00edderes de Los Enanitos Verdes\" loading=\"lazy\" decoding=\"async\" class=\"ds-image relative z-1 object-cover h-full w-full\" src=\"https:\/\/www.lanacion.com.ar\/resizer\/v2\/felipe-staiti-y-marciano-cantero-los-historicos-WEFDZFPDRNHGLEWT5TDRJF7OFY.jpeg?auth=3389c0eba5d902bf580b988abec598a1118144082f301fcb87a8391fa86eeb7a&amp;width=420&amp;height=322&amp;quality=70&amp;smart=true\" width=\"1110\" height=\"850\"\/><\/picture><\/div>\n<\/div>\n<\/div><figcaption class=\"py-8 space-x-8\"><span class=\"font-normal text-base-default text-16 text-center leading-[140%] tracking-[-0.3px]\">Felipe Staiti y Marciano Cantero, los hist\u00f3ricos l\u00edderes de Los Enanitos Verdes<\/span><\/figcaption><\/figure>\n<\/div>\n<div class=\"col-span-8 md:col-span-10 md:col-start-2 xl:col-span-8 xl:col-start-5 max-w-550 md:max-w-635 mb-16\">\n<p class=\"ds-custom-paragraph font-tertiary text-20 leading-[150%] tracking-[-0.1px] text-left\">Y como no pod\u00eda ser de otra manera, el nombre de la banda se mantiene intacto, sin cambios notables ni sutilezas. \u201cEstuvimos buscando mucho, un subt\u00edtulo, o algo para agregarle, pero no se sent\u00eda natural. Nada supera a Enanitos Verdes\u201d, cont\u00f3 Javier a este diario. En tanto, Juan Pablo y Felipe explicaron que los shows se centrar\u00e1n en el exitoso repertorio que crearon sus pap\u00e1s. \u201cVamos a tocar los hits, queremos que la gente cante todo el show con nosotros\u201d, comentaron, entusiasmados con la llegada de ese momento \u00fanico, para revivir la magia con el p\u00fablico. \u201cTenemos muchas ganas de tocar, de compartir estas canciones que son nuestra bandera con los fans\u201d, remarcaron.<\/p>\n<\/div>\n<div class=\"col-span-8 md:col-span-10 md:col-start-2 xl:col-span-8 xl:col-start-5 max-w-550 md:max-w-635 mb-16\">\n<p class=\"ds-custom-paragraph font-tertiary text-20 leading-[150%] tracking-[-0.1px] text-left\">Aunque, por ahora, no hay fechas de presentaciones ni formatos de los shows, el anuncio, realizado sorpresivamente en las redes sociales de la legendaria agrupaci\u00f3n a comienzos de la semana pasada fue una verdadera bomba en el ambiente musical, justo el 25 de agosto, un d\u00eda antes de la conmemoraci\u00f3n del natalicio de <strong>Marciano Cantero<\/strong>, quien muri\u00f3 en septiembre de 2022. El recuerdo m\u00e1s reciente tiene que ver con la partida de <strong>Felipe Staiti<\/strong>, en abril de este a\u00f1o.<\/p>\n<\/div>\n<div class=\"col-span-8 md:col-span-10 md:col-start-2 xl:col-span-8 xl:col-start-5 max-w-550 md:max-w-635 mb-16\">\n<figure>\n<div class=\"w-full flex justify-center bg-neutral-50\">\n<div class=\"max-md:border-x-0 border-1 border-neutral-200 w-full aspect-3\/2\">\n<div class=\"relative overflow-hidden h-full w-full\"><picture><source srcset=\"https:\/\/www.lanacion.com.ar\/resizer\/v2\/los-enanitos-verdes-VGUJOWK5FBEAXGQOEMKZICJ7RU.jpg?auth=527d856b5e972dc47dba41b32b11723856e77769b9210db211f164746362afcb&amp;width=780&amp;height=520&amp;quality=70&amp;smart=true\" media=\"(min-width: 768px)\"\/><img alt=\"Felipe Staiti y Marciano Cantero en 1999\" loading=\"lazy\" decoding=\"async\" class=\"ds-image relative z-1 object-cover h-full w-full\" src=\"https:\/\/www.lanacion.com.ar\/resizer\/v2\/los-enanitos-verdes-VGUJOWK5FBEAXGQOEMKZICJ7RU.jpg?auth=527d856b5e972dc47dba41b32b11723856e77769b9210db211f164746362afcb&amp;width=420&amp;height=280&amp;quality=70&amp;smart=true\" width=\"2000\" height=\"1333\"\/><\/picture><\/div>\n<\/div>\n<\/div><figcaption class=\"py-8 space-x-8\"><span class=\"font-normal text-base-default text-16 text-center leading-[140%] tracking-[-0.3px]\">Felipe Staiti y Marciano Cantero en 1999<\/span><span class=\"font-normal text-base-light text-16 text-center leading-[140%] tracking-[-0.3px]\">Mariana Eliano\/Rolling Stone &#8211; Archivo<\/span><\/figcaption><\/figure>\n<\/div>\n<div class=\"col-span-8 md:col-span-10 md:col-start-2 xl:col-span-8 xl:col-start-5 max-w-550 md:max-w-635 mb-16\">\n<p class=\"ds-custom-paragraph font-tertiary text-20 leading-[150%] tracking-[-0.1px] text-left\">\u201cQueremos honrar su sangre y su obra de la \u00fanica manera que sabemos: \u00a1haciendo m\u00fasica!\u201d, expresaron los j\u00f3venes en un comunicado que se difundi\u00f3 en las cuentas oficiales del m\u00edtico conjunto mendocino. La ausencia irremplazable de ambos l\u00edderes generaba interrogantes sobre el destino del legado.<\/p>\n<\/div>\n<div class=\"col-span-8 md:col-span-10 md:col-start-2 xl:col-span-8 xl:col-start-5 max-w-550 md:max-w-635 mb-16\">\n<p class=\"ds-custom-paragraph font-tertiary text-20 leading-[150%] tracking-[-0.1px] text-left\">\u201cLa gira est\u00e1 en fase de planificaci\u00f3n a\u00fan, pero tenemos muchas ganas de tocar en Argentina\u201d, indicaron a <strong>LA NACION<\/strong> los j\u00f3venes m\u00fasicos, a la espera de la primera parada, que ser\u00eda Bolivia, a mediados de octubre.<\/p>\n<\/div>\n<div class=\"col-span-8 md:col-span-10 md:col-start-2 xl:col-span-8 xl:col-start-5 max-w-550 md:max-w-635 mb-16\">\n<p class=\"ds-custom-paragraph font-tertiary text-20 leading-[150%] tracking-[-0.1px] text-left\">\u201cLa partida de nuestros padres nos acerc\u00f3, nos uni\u00f3 y se fue dando de forma natural. Los tres somos m\u00fasicos, conocemos bien la obra de nuestros viejos, y recibimos constantes mensajes de que no dejemos morir a Enanos. No venimos a ocupar el lugar de nadie, solo a honrar la historia que marcaron\u201d, expresaron.<\/p>\n<\/div>\n<div class=\"col-span-8 md:col-span-10 md:col-start-2 xl:col-span-8 xl:col-start-5 max-w-550 md:max-w-635 mb-16\">\n<p class=\"ds-custom-paragraph font-tertiary text-20 leading-[150%] tracking-[-0.1px] text-left\">Javier Cantero y Juan Pablo Staiti ser\u00e1n los cantantes y guitarristas; Natalio Staiti y Jota Morelli, los bateristas; Guillermo Vadal\u00e1 estar\u00e1 en el bajo. En tanto, Bosco Aguilar har\u00e1 lo propio en teclados, mientras que Damiano Castroviejo estar\u00e1 en los coros. Todos se sienten mancomunados, compenetrados y preparados para dar el gran salto y llevar, nuevamente, el nombre de sus \u201cviejos\u201d a lo m\u00e1s alto.<\/p>\n<\/div>\n<div class=\"col-span-8 md:col-span-10 md:col-start-2 xl:col-span-8 xl:col-start-5 max-w-550 md:max-w-635 mb-16\">\n<p class=\"ds-custom-paragraph font-tertiary text-20 leading-[150%] tracking-[-0.1px] text-left\">Por \u00faltimo, le restaron importancia a la pol\u00e9mica y al llamativo reclamo que surgi\u00f3 en los \u00faltimos d\u00edas, tras el anuncio de que tomar\u00e1n la posta de la banda. <strong>Daniel Piccolo<\/strong>, exbaterista de Los Enanitos Verdes, se quej\u00f3 en las redes sociales porque su hijo no ser\u00e1 tenido en cuenta en el nuevo proyecto. Como miembro fundador del grupo, asegur\u00f3 haber \u201cllorado\u201d porque el joven fue dejado afuera de la iniciativa. Frente a esto, los hijos de Cantero y Staiti manifestaron su posici\u00f3n. \u201cNo hay nada que aclarar porque no hay discusi\u00f3n de qui\u00e9nes son los herederos. Daniel vendi\u00f3 su parte en 2009 y los due\u00f1os de Enanitos Verdes son Cantero y Staiti, por tanto los herederos somos nosotros\u201d, cerraron.<\/p>\n<\/div>\n<\/div>\n<p><script id=\"facebookpixel\" defer=\"\" type=\"text\/javascript\">\n        !function(f,b,e,v,n,t,s)\n        {if(f.fbq)return;n=f.fbq=function(){n.callMethod?\n        n.callMethod.apply(n,arguments):n.queue.push(arguments)};\n        if(!f._fbq)f._fbq=n;n.push=n;n.loaded=!0;n.version='2.0';\n        n.queue=[];t=b.createElement(e);t.async=!0;\n        t.src=v;s=b.getElementsByTagName(e)[0];\n        s.parentNode.insertBefore(t,s)}(window, document,'script',\n        '\n        fbq('init', '492459597522335');\n        fbq('track', 'PageView');\n    <\/script><\/p>\n","protected":false},"excerpt":{"rendered":"<p>3 de septiembre de 202606:005&#8216;minutos de lectura MENDOZA.- \u201cY sigue y sigue, dando vueltas y vueltas, la loca rueda de la vida. Y sigue rodando, en mi cabeza, el enigma cautivante de tu voz&#8230;\u201d. Transformar el dolor de la ausencia en un refugio, como lo plasmaron Los Enanitos Verdes en \u201cTus viejas cartas\u201d, uno de [&hellip;]<\/p>\n","protected":false},"author":2,"featured_media":91333,"comment_status":"","ping_status":"","sticky":false,"template":"","format":"standard","meta":{"footnotes":""},"categories":[14],"tags":[],"_links":{"self":[{"href":"https:\/\/maxradio923.com.ar\/index.php\/wp-json\/wp\/v2\/posts\/91332"}],"collection":[{"href":"https:\/\/maxradio923.com.ar\/index.php\/wp-json\/wp\/v2\/posts"}],"about":[{"href":"https:\/\/maxradio923.com.ar\/index.php\/wp-json\/wp\/v2\/types\/post"}],"author":[{"embeddable":true,"href":"https:\/\/maxradio923.com.ar\/index.php\/wp-json\/wp\/v2\/users\/2"}],"replies":[{"embeddable":true,"href":"https:\/\/maxradio923.com.ar\/index.php\/wp-json\/wp\/v2\/comments?post=91332"}],"version-history":[{"count":0,"href":"https:\/\/maxradio923.com.ar\/index.php\/wp-json\/wp\/v2\/posts\/91332\/revisions"}],"wp:featuredmedia":[{"embeddable":true,"href":"https:\/\/maxradio923.com.ar\/index.php\/wp-json\/wp\/v2\/media\/91333"}],"wp:attachment":[{"href":"https:\/\/maxradio923.com.ar\/index.php\/wp-json\/wp\/v2\/media?parent=91332"}],"wp:term":[{"taxonomy":"category","embeddable":true,"href":"https:\/\/maxradio923.com.ar\/index.php\/wp-json\/wp\/v2\/categories?post=91332"},{"taxonomy":"post_tag","embeddable":true,"href":"https:\/\/maxradio923.com.ar\/index.php\/wp-json\/wp\/v2\/tags?post=91332"}],"curies":[{"name":"wp","href":"https:\/\/api.w.org\/{rel}","templated":true}]}}