{"id":91326,"date":"2026-09-02T13:04:03","date_gmt":"2026-09-02T16:04:03","guid":{"rendered":"https:\/\/maxradio923.com.ar\/index.php\/2026\/09\/02\/se-reconocio-a-cuatro-sanjuaninos-por-sus-fotos-del-parque-de-la-biodiversidad\/"},"modified":"2026-09-02T13:04:03","modified_gmt":"2026-09-02T16:04:03","slug":"se-reconocio-a-cuatro-sanjuaninos-por-sus-fotos-del-parque-de-la-biodiversidad","status":"publish","type":"post","link":"https:\/\/maxradio923.com.ar\/index.php\/2026\/09\/02\/se-reconocio-a-cuatro-sanjuaninos-por-sus-fotos-del-parque-de-la-biodiversidad\/","title":{"rendered":"Se reconoci\u00f3 a cuatro sanjuaninos por sus fotos del Parque de la Biodiversidad"},"content":{"rendered":"<p><\/p>\n<div>\n<p class=\"isSelectedEnd\">La Direcci\u00f3n de Ecolog\u00eda Urbana de la Secretar\u00eda de Ambiente y Desarrollo Sustentable dio a conocer los resultados del concurso de fotograf\u00eda \u201cMiradas del Parque\u201d.<\/p>\n<p class=\"isSelectedEnd\">La convocatoria tuvo como eje el registro de la biodiversidad y los paisajes del Parque de la Biodiversidad, para acercar a la comunidad al patrimonio natural de San Juan.<\/p>\n<p class=\"isSelectedEnd\">El primer lugar fue para Cristian Esquivel. Flavia Videla obtuvo el segundo puesto, Yamila Castro el tercero y Ra\u00fal Caliva el cuarto lugar.<\/p>\n<p class=\"isSelectedEnd\">El certamen cont\u00f3 con las categor\u00edas Amateur y Profesional y propuso tres tem\u00e1ticas: \u201cAguas de Vida\u201d, \u201cBiodiversidad\u201d y \u201cMiradas del Parque\u201d.<\/p>\n<p class=\"isSelectedEnd\">Los trabajos fueron evaluados por funcionarios de la Secretar\u00eda de Ambiente y Desarrollo Sustentable y fot\u00f3grafos profesionales. Se consideraron la composici\u00f3n, creatividad, calidad t\u00e9cnica, originalidad y relaci\u00f3n con las tem\u00e1ticas.<\/p>\n<p class=\"isSelectedEnd\">Como reconocimiento, los cuatro ganadores recibir\u00e1n premios de acuerdo con el puesto obtenido. Entre ellos se encuentran un proyector port\u00e1til, una mochila de campo, un termo y un bolso conservadora.<\/p>\n<p class=\"isSelectedEnd\">La propuesta permiti\u00f3 registrar distintas miradas sobre un espacio destinado a la conservaci\u00f3n y al v\u00ednculo de la comunidad con la naturaleza.<\/p>\n<p>De esta manera, el Parque de la Biodiversidad suma una iniciativa que promueve el conocimiento de sus ambientes y fortalece su valoraci\u00f3n por parte de los sanjuaninos<\/p>\n<\/p><\/div>\n<p><script async defer crossorigin=\"anonymous\" src=\"https:\/\/connect.facebook.net\/es_ES\/sdk.js#xfbml=1&#038;version=v3.3\"><\/script><\/p>\n","protected":false},"excerpt":{"rendered":"<p>La Direcci\u00f3n de Ecolog\u00eda Urbana de la Secretar\u00eda de Ambiente y Desarrollo Sustentable dio a conocer los resultados del concurso de fotograf\u00eda \u201cMiradas del Parque\u201d. La convocatoria tuvo como eje el registro de la biodiversidad y los paisajes del Parque de la Biodiversidad, para acercar a la comunidad al patrimonio natural de San Juan. El [&hellip;]<\/p>\n","protected":false},"author":2,"featured_media":91327,"comment_status":"","ping_status":"","sticky":false,"template":"","format":"standard","meta":{"footnotes":""},"categories":[8],"tags":[],"_links":{"self":[{"href":"https:\/\/maxradio923.com.ar\/index.php\/wp-json\/wp\/v2\/posts\/91326"}],"collection":[{"href":"https:\/\/maxradio923.com.ar\/index.php\/wp-json\/wp\/v2\/posts"}],"about":[{"href":"https:\/\/maxradio923.com.ar\/index.php\/wp-json\/wp\/v2\/types\/post"}],"author":[{"embeddable":true,"href":"https:\/\/maxradio923.com.ar\/index.php\/wp-json\/wp\/v2\/users\/2"}],"replies":[{"embeddable":true,"href":"https:\/\/maxradio923.com.ar\/index.php\/wp-json\/wp\/v2\/comments?post=91326"}],"version-history":[{"count":0,"href":"https:\/\/maxradio923.com.ar\/index.php\/wp-json\/wp\/v2\/posts\/91326\/revisions"}],"wp:featuredmedia":[{"embeddable":true,"href":"https:\/\/maxradio923.com.ar\/index.php\/wp-json\/wp\/v2\/media\/91327"}],"wp:attachment":[{"href":"https:\/\/maxradio923.com.ar\/index.php\/wp-json\/wp\/v2\/media?parent=91326"}],"wp:term":[{"taxonomy":"category","embeddable":true,"href":"https:\/\/maxradio923.com.ar\/index.php\/wp-json\/wp\/v2\/categories?post=91326"},{"taxonomy":"post_tag","embeddable":true,"href":"https:\/\/maxradio923.com.ar\/index.php\/wp-json\/wp\/v2\/tags?post=91326"}],"curies":[{"name":"wp","href":"https:\/\/api.w.org\/{rel}","templated":true}]}}