{"id":91322,"date":"2026-09-02T11:20:16","date_gmt":"2026-09-02T14:20:16","guid":{"rendered":"https:\/\/maxradio923.com.ar\/index.php\/2026\/09\/02\/suspenden-las-clases-por-alerta-de-viento-en-iglesia-calingasta-y-jachal\/"},"modified":"2026-09-02T11:20:16","modified_gmt":"2026-09-02T14:20:16","slug":"suspenden-las-clases-por-alerta-de-viento-en-iglesia-calingasta-y-jachal","status":"publish","type":"post","link":"https:\/\/maxradio923.com.ar\/index.php\/2026\/09\/02\/suspenden-las-clases-por-alerta-de-viento-en-iglesia-calingasta-y-jachal\/","title":{"rendered":"Suspenden las clases por alerta de viento en Iglesia, Calingasta y J\u00e1chal"},"content":{"rendered":"<p><\/p>\n<div>\n<p>Ante el alerta emitido por el Servicio Meteorol\u00f3gico Nacional y por recomendaci\u00f3n de la Direcci\u00f3n de Protecci\u00f3n Civil de la provincia, el Ministerio de Educaci\u00f3n informa que este 2 de septiembre se suspende la actividad escolar en los departamentos Iglesia, Calingasta y J\u00e1chal, a partir de las 13.<\/p>\n<p>La suspensi\u00f3n alcanza a las clases de los turnos interturno, tarde, vespertino y noche, en todos los niveles y modalidades. Se recuerda a los padres\/tutores de estudiantes cuyos hijos se encuentran cursando el turno ma\u00f1ana que no deben retirarlos antes de horario, a la vez que en las escuelas con jornada completa se les servir\u00e1 a los estudiante el almuerzo previsto.<\/p>\n<p>Asimismo, la suspensi\u00f3n comprende los llamados para cubrir cargos docentes y horas c\u00e1tedra que estaban previstos para la jornada, los cuales quedar\u00e1n anulados (los directores deber\u00e1n generarlos nuevamente).<\/p>\n<p>La medida es de car\u00e1cter preventivo. Adem\u00e1s, el Ministerio de Educaci\u00f3n recuerda a directivos y docentes que se activa el Plan de Contingencia, establecido por la Resoluci\u00f3n Nro 12277-ME-2024.<\/p>\n<p>Se continuar\u00e1 monitoreando la evoluci\u00f3n de las condiciones meteorol\u00f3gicas y, en caso de registrarse novedades, se informar\u00e1 por este medio.<\/p>\n<\/p><\/div>\n<p><script async defer crossorigin=\"anonymous\" src=\"https:\/\/connect.facebook.net\/es_ES\/sdk.js#xfbml=1&#038;version=v3.3\"><\/script><\/p>\n","protected":false},"excerpt":{"rendered":"<p>Ante el alerta emitido por el Servicio Meteorol\u00f3gico Nacional y por recomendaci\u00f3n de la Direcci\u00f3n de Protecci\u00f3n Civil de la provincia, el Ministerio de Educaci\u00f3n informa que este 2 de septiembre se suspende la actividad escolar en los departamentos Iglesia, Calingasta y J\u00e1chal, a partir de las 13. La suspensi\u00f3n alcanza a las clases de [&hellip;]<\/p>\n","protected":false},"author":2,"featured_media":91323,"comment_status":"","ping_status":"","sticky":false,"template":"","format":"standard","meta":{"footnotes":""},"categories":[8],"tags":[],"_links":{"self":[{"href":"https:\/\/maxradio923.com.ar\/index.php\/wp-json\/wp\/v2\/posts\/91322"}],"collection":[{"href":"https:\/\/maxradio923.com.ar\/index.php\/wp-json\/wp\/v2\/posts"}],"about":[{"href":"https:\/\/maxradio923.com.ar\/index.php\/wp-json\/wp\/v2\/types\/post"}],"author":[{"embeddable":true,"href":"https:\/\/maxradio923.com.ar\/index.php\/wp-json\/wp\/v2\/users\/2"}],"replies":[{"embeddable":true,"href":"https:\/\/maxradio923.com.ar\/index.php\/wp-json\/wp\/v2\/comments?post=91322"}],"version-history":[{"count":0,"href":"https:\/\/maxradio923.com.ar\/index.php\/wp-json\/wp\/v2\/posts\/91322\/revisions"}],"wp:featuredmedia":[{"embeddable":true,"href":"https:\/\/maxradio923.com.ar\/index.php\/wp-json\/wp\/v2\/media\/91323"}],"wp:attachment":[{"href":"https:\/\/maxradio923.com.ar\/index.php\/wp-json\/wp\/v2\/media?parent=91322"}],"wp:term":[{"taxonomy":"category","embeddable":true,"href":"https:\/\/maxradio923.com.ar\/index.php\/wp-json\/wp\/v2\/categories?post=91322"},{"taxonomy":"post_tag","embeddable":true,"href":"https:\/\/maxradio923.com.ar\/index.php\/wp-json\/wp\/v2\/tags?post=91322"}],"curies":[{"name":"wp","href":"https:\/\/api.w.org\/{rel}","templated":true}]}}