{"id":91314,"date":"2026-09-02T06:16:03","date_gmt":"2026-09-02T09:16:03","guid":{"rendered":"https:\/\/maxradio923.com.ar\/index.php\/2026\/09\/02\/daniel-melero-el-recuerdo-de-su-sociedad-con-gustavo-cerati-lo-que-mas-le-molesta-y-su-admiracion-por-litto-nebbia\/"},"modified":"2026-09-02T06:16:03","modified_gmt":"2026-09-02T09:16:03","slug":"daniel-melero-el-recuerdo-de-su-sociedad-con-gustavo-cerati-lo-que-mas-le-molesta-y-su-admiracion-por-litto-nebbia","status":"publish","type":"post","link":"https:\/\/maxradio923.com.ar\/index.php\/2026\/09\/02\/daniel-melero-el-recuerdo-de-su-sociedad-con-gustavo-cerati-lo-que-mas-le-molesta-y-su-admiracion-por-litto-nebbia\/","title":{"rendered":"Daniel Melero: el recuerdo de su sociedad con Gustavo Cerati, lo que m\u00e1s le molesta y su admiraci\u00f3n por Litto Nebbia"},"content":{"rendered":"<p><\/p>\n<div>\n<div class=\"col-span-8 md:col-span-10 md:col-start-2 xl:col-span-8 xl:col-start-5 max-w-550 md:max-w-635 mb-24\" id=\"cuerpo__nota\">\n<div class=\"flex flex-col ai-center gap-8 mb-40\">\n<p><time datetime=\"2026-09-02T09:00:01Z\" class=\"flex items-center gap-8\"><span>2 de septiembre de 2026<\/span><i class=\"ds-icon inline-flex justify-center items-center [&amp;&gt;svg]:size-[inherit] [&amp;&gt;svg]:align-top size-12 data-[has-wrapper=&quot;true&quot;]:p-6\" aria-hidden=\"true\" role=\"presentation\" data-has-wrapper=\"false\"><svg fill=\"currentColor\"><use href=\"http:\/\/www.lanacion.com.ar\/pf\/resources\/images\/sprites\/sprite-lanacion-default.svg?d=2049#bullet-filled\"\/><\/svg><\/i><span>06:00<\/span><\/time><i class=\"ds-icon inline-flex justify-center items-center [&amp;&gt;svg]:size-[inherit] [&amp;&gt;svg]:align-top size-12 data-[has-wrapper=&quot;true&quot;]:p-6 hidden md:block\" aria-hidden=\"true\" role=\"presentation\" data-has-wrapper=\"false\"><svg fill=\"currentColor\"><use href=\"http:\/\/www.lanacion.com.ar\/pf\/resources\/images\/sprites\/sprite-lanacion-default.svg?d=2049#bullet-filled\"\/><\/svg><\/i><span class=\"flex items-center gap-4\"><i class=\"ds-icon inline-flex justify-center items-center [&amp;&gt;svg]:size-[inherit] [&amp;&gt;svg]:align-top size-16 data-[has-wrapper=&quot;true&quot;]:p-8\" aria-hidden=\"true\" role=\"presentation\" data-has-wrapper=\"false\"><svg fill=\"currentColor\"><use href=\"http:\/\/www.lanacion.com.ar\/pf\/resources\/images\/sprites\/sprite-lanacion-default.svg?d=2049#time\"\/><\/svg><\/i>12<!-- -->&#8216;<span class=\"hidden md:inline\">minutos<!-- --> de lectura<\/span><\/span><\/p>\n<\/div>\n<\/div>\n<div class=\"col-span-8 md:col-span-10 md:col-start-2 xl:col-span-8 xl:col-start-5 max-w-550 md:max-w-635 mb-16\">\n<p class=\"ds-custom-paragraph font-tertiary text-20 leading-[150%] tracking-[-0.1px] text-left editorial-drop-cap\">Un caf\u00e9, a pocos metros de la esquina donde se cruzan las calles Posadas y Rodr\u00edguez Pe\u00f1a, es el recinto elegido por el entrevistado para dialogar durante un buen rato con el entusiasmo y la singularidad que lo caracterizan. <strong>Daniel Melero<\/strong> es capaz de dejar m\u00e1s de un comentario interesante sin siquiera haber iniciado la grabaci\u00f3n de la charla. <\/p>\n<\/div>\n<div class=\"col-span-8 md:col-span-10 md:col-start-2 xl:col-span-8 xl:col-start-5 max-w-550 md:max-w-635 mb-16\">\n<p class=\"ds-custom-paragraph font-tertiary text-20 leading-[150%] tracking-[-0.1px] text-left\">El nacido en Flores por enero de 1958 es desde inicios de la d\u00e9cada del ochenta una de las figuras m\u00e1s dif\u00edciles de encasillar del rock local. De introducir en nuestro pa\u00eds al electropop, formando parte de <strong>Los Encargados<\/strong>, a construir una sociedad creativa de escala c\u00f3smica con <strong>Gustavo Cerati<\/strong> y apadrinar cuando ya corr\u00edan los noventa a toda una cofrad\u00eda de bandas -entre las que se encontraban nada menos que los Babas\u00f3nicos- que conformar\u00edan la renovadora \u201cmovida s\u00f3nica\u201d del rock argentino. La creaci\u00f3n eventual de un sello propio (Cat\u00e1logo incierto) e introducciones en la m\u00fasica concreta y <em>ambient<\/em> son algunas de las instancias que nos acercan a un presente que tambi\u00e9n encuentra a Melero con propuestas: este jueves 3 de septiembre, en La F\u00e1brica, volver\u00e1 a subir al escenario para recorrer su cancionero.<\/p>\n<\/div>\n<div class=\"col-span-8 md:col-span-10 md:col-start-2 xl:col-span-8 xl:col-start-5 max-w-550 md:max-w-635 mb-16\">\n<p class=\"ds-custom-paragraph font-tertiary text-20 leading-[150%] tracking-[-0.1px] text-left\">Como si ser la mitad de <em>Colores Santos<\/em>, lanzar discos de grandes canciones como <em>Travesti<\/em> y participar en el rol de productor o director art\u00edstico de innumerables lanzamientos no fuese suficiente, la labor del mencionado trasciende a la generaci\u00f3n de nueva m\u00fasica. Daniel cree en esa verdad que yace detr\u00e1s de las letras, armon\u00edas y melod\u00edas llamada sonido. Y es en su nombre que se toma el atrevimiento de pensar a la m\u00fasica, de no darla por hecho en sus lineamientos m\u00e1s preestablecidos. Desde la palabra o desde su propia pr\u00e1ctica, habitualmente compartida junto a otros, Melero transmite una forma muy propia pero contagiosa de ver y o\u00edr al arte sonoro. Esa \u201c\u00e9tica de la acci\u00f3n\u201d, como puede leerse en la contratapa de su a\u00fan reciente autobiograf\u00eda <em>Incierto y sinuoso<\/em>, lo vuelven un interlocutor de lujo. Alguien a quien su trayectoria y su postura en cuestiones musicales -y no tanto- hacen de su testimonio un acontecimiento de valor. <\/p>\n<\/div>\n<div class=\"col-span-8 md:col-span-10 md:col-start-2 xl:col-span-8 xl:col-start-5 max-w-550 md:max-w-635 mb-16\">\n<figure>\n<div class=\"w-full flex justify-center bg-neutral-50\">\n<div class=\"max-md:border-x-0 border-1 border-neutral-200 w-full aspect-3\/2\">\n<div class=\"relative overflow-hidden h-full w-full\"><picture><source srcset=\"https:\/\/www.lanacion.com.ar\/resizer\/v2\/daniel-melero-sobre-su-show-de-este-jueves-la-A3TV6BCQCZABTAEWC4YA43WHOQ.jpg?auth=e2a89049754249e8b69754bd3a974d24db844c6d96d0089cae0f211a31e37c9e&amp;width=780&amp;height=520&amp;quality=70&amp;smart=true\" media=\"(min-width: 768px)\"\/><img alt=\"Daniel Melero, sobre su show de este jueves: &quot;La propuesta va a ser de un repertorio de canciones tocadas de una manera, c\u00f3mo te podr\u00eda decir, c\u00f3smica&quot;\" loading=\"lazy\" decoding=\"async\" class=\"ds-image relative z-1 object-cover h-full w-full\" src=\"https:\/\/www.lanacion.com.ar\/resizer\/v2\/daniel-melero-sobre-su-show-de-este-jueves-la-A3TV6BCQCZABTAEWC4YA43WHOQ.jpg?auth=e2a89049754249e8b69754bd3a974d24db844c6d96d0089cae0f211a31e37c9e&amp;width=420&amp;height=280&amp;quality=70&amp;smart=true\" width=\"3833\" height=\"2555\"\/><\/picture><\/div>\n<\/div>\n<\/div><figcaption class=\"py-8 space-x-8\"><span class=\"font-normal text-base-default text-16 text-center leading-[140%] tracking-[-0.3px]\">Daniel Melero, sobre su show de este jueves: &#8220;La propuesta va a ser de un repertorio de canciones tocadas de una manera, c\u00f3mo te podr\u00eda decir, c\u00f3smica&#8221;<\/span><span class=\"font-normal text-base-light text-16 text-center leading-[140%] tracking-[-0.3px]\">Hernan Zenteno &#8211; La Nacion<\/span><\/figcaption><\/figure>\n<\/div>\n<div class=\"col-span-8 md:col-span-10 md:col-start-2 xl:col-span-8 xl:col-start-5 max-w-550 md:max-w-635 mb-16\">\n<p class=\"ds-custom-paragraph font-tertiary text-20 leading-[150%] tracking-[-0.1px] text-left\"><strong>-Tus presentaciones en vivo no son una experiencia del todo predecible. \u00bfQu\u00e9 podemos esperar de este recital? <\/strong><\/p>\n<\/div>\n<div class=\"col-span-8 md:col-span-10 md:col-start-2 xl:col-span-8 xl:col-start-5 max-w-550 md:max-w-635 mb-16\">\n<p class=\"ds-custom-paragraph font-tertiary text-20 leading-[150%] tracking-[-0.1px] text-left\">-La propuesta va a ser de un repertorio de canciones tocadas de una manera, c\u00f3mo te podr\u00eda decir, c\u00f3smica. Como si fuera el recuerdo de la m\u00fasica. Y a la vez con una simpat\u00eda por el desarrollo de aquellas canciones [de su primera \u00e9poca] y tambi\u00e9n de las nuevas. Porque parece que mis discos \u00faltimamente son experimentales, pero tienen canciones. Y es un recorrido por ellas. En el \u00faltimo tiempo eso me empez\u00f3 a dar mucho m\u00e1s placer que mostrar mucha m\u00fasica nueva que estoy haciendo, por una cuesti\u00f3n de que hoy en d\u00eda creo que falta gregarismo. Y esas canciones est\u00e1n, de alguna manera, para el poco p\u00fablico o el mucho que me venga a ver, son como una inseminaci\u00f3n en la vida de la gente. Y me parece que uno debe brindarse tambi\u00e9n. Me encanta adem\u00e1s el tipo de versi\u00f3n que hemos logrado, donde prevalece la melod\u00eda en un espacio extra\u00f1o. De alguna manera he entrado en eso, en un repertorio m\u00e1s cl\u00e1sico, pero con mucha m\u00e1s espacialidad en los sonidos. Lo asocio con los dos discos de<em> Piano<\/em>, que son una revisi\u00f3n, pero no tan cl\u00e1sica. <\/p>\n<\/div>\n<div class=\"col-span-8 md:col-span-10 md:col-start-2 xl:col-span-8 xl:col-start-5 max-w-550 md:max-w-635 mb-16\">\n<p class=\"ds-custom-paragraph font-tertiary text-20 leading-[150%] tracking-[-0.1px] text-left\"><strong>-\u00bfY qu\u00e9 le aporta a la propuesta un lugar como La F\u00e1brica?<\/strong> <\/p>\n<\/div>\n<div class=\"col-span-8 md:col-span-10 md:col-start-2 xl:col-span-8 xl:col-start-5 max-w-550 md:max-w-635 mb-16\">\n<p class=\"ds-custom-paragraph font-tertiary text-20 leading-[150%] tracking-[-0.1px] text-left\">-Particularmente yo no conozco el lugar. Y Miguel [Castro] de UN y los B-Boys, con quien vamos a compartir el show, me dijo que estaba bonito y yo conf\u00edo mucho en su visi\u00f3n est\u00e9tica. Es tal vez uno de los artistas que m\u00e1s admiro, o el que m\u00e1s. Para m\u00ed es un placer hacer cosas con \u00e9l, desde discos hasta shows. Y a m\u00ed me bast\u00f3 esa idea. Tambi\u00e9n voy a tocar en el Caf\u00e9 Berl\u00edn a finales de septiembre y ambos sitios cuentan con un piano, que para m\u00ed es un instrumento muy interesante. En este caso hemos empezado a usarlo modificado. <\/p>\n<\/div>\n<div class=\"col-span-8 md:col-span-10 md:col-start-2 xl:col-span-8 xl:col-start-5 max-w-550 md:max-w-635 mb-64\">\n<p><iframe loading=\"lazy\" title=\"Gustavo Cerati, Daniel Melero - Vuelta por el Universo (Official Audio)\" width=\"1170\" height=\"658\" src=\"https:\/\/www.youtube.com\/embed\/Wun6zDSpwkg?wmode=transparent&amp;rel=0&amp;feature=oembed\" frameborder=\"0\" allow=\"accelerometer; autoplay; clipboard-write; encrypted-media; gyroscope; picture-in-picture; web-share\" referrerpolicy=\"strict-origin-when-cross-origin\" allowfullscreen><\/iframe><\/p>\n<\/div>\n<div class=\"col-span-8 md:col-span-10 md:col-start-2 xl:col-span-8 xl:col-start-5 max-w-550 md:max-w-635 mb-16\">\n<p class=\"ds-custom-paragraph font-tertiary text-20 leading-[150%] tracking-[-0.1px] text-left\"><strong>-\u00bfQu\u00e9 clase de modificaciones?<\/strong><\/p>\n<\/div>\n<div class=\"col-span-8 md:col-span-10 md:col-start-2 xl:col-span-8 xl:col-start-5 max-w-550 md:max-w-635 mb-16\">\n<p class=\"ds-custom-paragraph font-tertiary text-20 leading-[150%] tracking-[-0.1px] text-left\">-Procesos electr\u00f3nicos, de c\u00f3mo lo percib\u00eds en la amplificaci\u00f3n del piano. Convertirlo en una m\u00e1quina orquestal de espacio-tiempo. Me interesa mucho esa idea. Por ejemplo, se supone que un discurso de Hitler fue lo primero que se escuch\u00f3 por el espacio. La primera imagen del planeta fue hitleriana. Me gusta expandir en el universo una imagen que no sea esa. Otro tipo de mensaje. <\/p>\n<\/div>\n<div class=\"col-span-8 md:col-span-10 md:col-start-2 xl:col-span-8 xl:col-start-5 max-w-550 md:max-w-635 mb-16\">\n<p class=\"ds-custom-paragraph font-tertiary text-20 leading-[150%] tracking-[-0.1px] text-left\"><strong>-\u00bfTe sent\u00eds a gusto en el escenario?<\/strong><\/p>\n<\/div>\n<div class=\"col-span-8 md:col-span-10 md:col-start-2 xl:col-span-8 xl:col-start-5 max-w-550 md:max-w-635 mb-16\">\n<p class=\"ds-custom-paragraph font-tertiary text-20 leading-[150%] tracking-[-0.1px] text-left\">-Por momentos s\u00ed. Este es un momento donde comparto con amigos situaciones y me siento feliz. Pero hay per\u00edodos en que no toco el vivo porque no me parece que tenga un mensaje interesante en lo que tendr\u00eda que decir desde el punto de vista de la puesta en escena de lo que estoy haciendo. En este momento yo estoy&#8230; M\u00e1s que yo, estoy trabajando con un equipo de gente en dos discos que son muy diversos entre s\u00ed y no me parece que todav\u00eda tenga que decirlos en vivo, sino que tienen que ser presentaciones sonoras en internet o como sean, como vinilos, discos. Y disfruto mucho de estar en el estudio.<\/p>\n<\/div>\n<div class=\"col-span-8 md:col-span-10 md:col-start-2 xl:col-span-8 xl:col-start-5 max-w-550 md:max-w-635 mb-16\">\n<figure>\n<div class=\"w-full flex justify-center bg-neutral-50\">\n<div class=\"max-md:border-x-0 border-1 border-neutral-200 w-full aspect-3\/4\">\n<div class=\"relative overflow-hidden h-full w-full\"><picture><source srcset=\"https:\/\/www.lanacion.com.ar\/resizer\/v2\/me-siento-muy-halagado-de-que-me-haya-elegido-ZAD4B75RZJAFPEPBPHLKZYGXM4.jpg?auth=5ce8d2fc3258ad00af81d486f670d82801acae1e7512a57b10e84d64185ad5ea&amp;width=780&amp;height=1170&amp;quality=70&amp;smart=true\" media=\"(min-width: 768px)\"\/><img alt=\"&quot;Me siento muy halagado de que me haya elegido para producirlo o colaborar con \u00e9l&quot;, cuenta Melero sobre Marttein\" loading=\"lazy\" decoding=\"async\" class=\"ds-image relative z-1 object-cover h-full w-full\" src=\"https:\/\/www.lanacion.com.ar\/resizer\/v2\/me-siento-muy-halagado-de-que-me-haya-elegido-ZAD4B75RZJAFPEPBPHLKZYGXM4.jpg?auth=5ce8d2fc3258ad00af81d486f670d82801acae1e7512a57b10e84d64185ad5ea&amp;width=420&amp;height=630&amp;quality=70&amp;smart=true\" width=\"3888\" height=\"5832\"\/><\/picture><\/div>\n<\/div>\n<\/div><figcaption class=\"py-8 space-x-8\"><span class=\"font-normal text-base-default text-16 text-center leading-[140%] tracking-[-0.3px]\">&#8220;Me siento muy halagado de que me haya elegido para producirlo o colaborar con \u00e9l&#8221;, cuenta Melero sobre Marttein<\/span><span class=\"font-normal text-base-light text-16 text-center leading-[140%] tracking-[-0.3px]\">Hernan Zenteno &#8211; La Nacion<\/span><\/figcaption><\/figure>\n<\/div>\n<div class=\"col-span-8 md:col-span-10 md:col-start-2 xl:col-span-8 xl:col-start-5 max-w-550 md:max-w-635 mb-16\">\n<p class=\"ds-custom-paragraph font-tertiary text-20 leading-[150%] tracking-[-0.1px] text-left\"><strong>-\u00bfEs tan disfrutable la instancia esc\u00e9nica como lo es para vos jugar con el sonido a puertas cerradas?<\/strong><\/p>\n<\/div>\n<div class=\"col-span-8 md:col-span-10 md:col-start-2 xl:col-span-8 xl:col-start-5 max-w-550 md:max-w-635 mb-16\">\n<p class=\"ds-custom-paragraph font-tertiary text-20 leading-[150%] tracking-[-0.1px] text-left\">-A veces s\u00ed, en el juego de estar creando en el escenario, que de verdad lo hacemos y lo hago desde hace tiempo. Que haya situaciones que no estaban previstas, sobre todo en algunos casos donde est\u00e1s trabajando en lo electr\u00f3nico, da el valor del momento. En ese instante, esta m\u00fasica fue as\u00ed. Y con una banda tambi\u00e9n, mucho m\u00e1s. Si es una banda ampliada, con otros artistas, requiere a la vez en el caso m\u00edo una gran atenci\u00f3n a qu\u00e9 est\u00e1n haciendo los dem\u00e1s y a\u00fan en el error pasa a ser interesante por lo que se genera que pasa a ser una m\u00fasica distinta de la que hab\u00edas previsto. <\/p>\n<\/div>\n<div class=\"col-span-8 md:col-span-10 md:col-start-2 xl:col-span-8 xl:col-start-5 max-w-550 md:max-w-635 mb-16\">\n<p class=\"ds-custom-paragraph font-tertiary text-20 leading-[150%] tracking-[-0.1px] text-left\"><strong>-Ven\u00eds haciendo cosas con Marttein. \u00bfPor qu\u00e9 \u00e9l, qu\u00e9 es lo que lo destaca del resto de la juventud musical argentina? <\/strong><\/p>\n<\/div>\n<div class=\"col-span-8 md:col-span-10 md:col-start-2 xl:col-span-8 xl:col-start-5 max-w-550 md:max-w-635 mb-16\">\n<p class=\"ds-custom-paragraph font-tertiary text-20 leading-[150%] tracking-[-0.1px] text-left\">-\u00c9l se comunic\u00f3 conmigo y ya desde la manera en que hablaba me result\u00f3 interesante. Yo sab\u00eda que exist\u00eda Marttein, pero no le hab\u00eda prestado atenci\u00f3n y me siento muy halagado de que me haya elegido para producirlo o colaborar con \u00e9l. Porque adem\u00e1s de resolver dos temas que promovieron que se le preste m\u00e1s atenci\u00f3n discograficamente, disfrut\u00e9 mucho de improvisar juntos tambi\u00e9n. Hemos hecho temas casi sin darnos cuenta y yo creo que \u00e9l es h\u00edper argentino, de la m\u00e1s interesante forma, est\u00e1 muy bien rodeado por sus m\u00fasicos y yo creo que \u00e9l no entra en mucho de lo que hoy se considera que es trap, \u00e9l entra decididamente en el rock, en el rock como forma de cambio. <\/p>\n<\/div>\n<div class=\"col-span-8 md:col-span-10 md:col-start-2 xl:col-span-8 xl:col-start-5 max-w-550 md:max-w-635 mb-16\">\n<figure>\n<div class=\"w-full flex justify-center bg-neutral-50\">\n<div class=\"max-md:border-x-0 border-1 border-neutral-200 w-full aspect-3\/2\">\n<div class=\"relative overflow-hidden h-full w-full\"><picture><source srcset=\"https:\/\/www.lanacion.com.ar\/resizer\/v2\/daniel-melero-y-gustavo-cerati-en-estados-unidos-7QCMCNZJHNCH5HINSITIUPZZWM.JPG?auth=da33bac35f7bb158d436c47b9177a608721b2e744fef74d7efaba2dbbccb7464&amp;width=780&amp;height=520&amp;quality=70&amp;smart=true\" media=\"(min-width: 768px)\"\/><img alt=\"Daniel Melero y Gustavo Cerati en Estados Unidos, en 1991\" loading=\"lazy\" decoding=\"async\" class=\"ds-image relative z-1 object-cover h-full w-full\" src=\"https:\/\/www.lanacion.com.ar\/resizer\/v2\/daniel-melero-y-gustavo-cerati-en-estados-unidos-7QCMCNZJHNCH5HINSITIUPZZWM.JPG?auth=da33bac35f7bb158d436c47b9177a608721b2e744fef74d7efaba2dbbccb7464&amp;width=420&amp;height=280&amp;quality=70&amp;smart=true\" width=\"2000\" height=\"1333\"\/><\/picture><\/div>\n<\/div>\n<\/div><figcaption class=\"py-8 space-x-8\"><span class=\"font-normal text-base-default text-16 text-center leading-[140%] tracking-[-0.3px]\">Daniel Melero y Gustavo Cerati en Estados Unidos, en 1991<\/span><span class=\"font-normal text-base-light text-16 text-center leading-[140%] tracking-[-0.3px]\">Gentileza Daniel Melero<\/span><\/figcaption><\/figure>\n<\/div>\n<div class=\"col-span-8 md:col-span-10 md:col-start-2 xl:col-span-8 xl:col-start-5 max-w-550 md:max-w-635 mb-16\">\n<p class=\"ds-custom-paragraph font-tertiary text-20 leading-[150%] tracking-[-0.1px] text-left\"><strong>-A Gustavo Cerati lo describiste como alguien con una atenci\u00f3n casi insana al detalle, una cuesti\u00f3n que lo diferenciaba del resto. \u00bfC\u00f3mo era convivir con esa b\u00fasqueda de la perfecci\u00f3n, siendo vos un militante de lo imperfecto?<\/strong><\/p>\n<\/div>\n<div class=\"col-span-8 md:col-span-10 md:col-start-2 xl:col-span-8 xl:col-start-5 max-w-550 md:max-w-635 mb-16\">\n<p class=\"ds-custom-paragraph font-tertiary text-20 leading-[150%] tracking-[-0.1px] text-left\">-Yo creo que las cosas se presentan de otra forma, s\u00ed. Pero fue un disfrute siempre, porque nunca falt\u00f3 una sonrisa en la obsesi\u00f3n de cada uno. Nos admiramos como unos engre\u00eddos y era un disfrute a\u00fan en la discrepancia. Porque lo que es enriquecedor es el di\u00e1logo, y hab\u00eda que lograr algo que nos resumiera siendo un d\u00fao en ese caso. Y tiene que haber elementos de cada uno. Yo estaba manejando los secuenciadores, ten\u00eda una cierta ventaja despu\u00e9s del di\u00e1logo [risas]. He favorecido y \u00e9l ha favorecido ideas en donde yo creo que lo enga\u00f1\u00e9 para que \u00e9l creyese que era lo que hab\u00eda supuesto. Y creo que \u00e9l tuvo la tolerancia de darse cuenta que funcionaba y viceversa. Lo que prevalec\u00eda era jugar a la m\u00fasica. <\/p>\n<\/div>\n<div class=\"col-span-8 md:col-span-10 md:col-start-2 xl:col-span-8 xl:col-start-5 max-w-550 md:max-w-635 mb-16\">\n<p class=\"ds-custom-paragraph font-tertiary text-20 leading-[150%] tracking-[-0.1px] text-left\"><strong>-Este a\u00f1o se cumplen 40 del lanzamiento de <\/strong><em><strong>Silencio<\/strong><\/em><strong>, de Los Encargados, y ya son m\u00e1s de 30 para <\/strong><em><strong>Roc\u00edo<\/strong><\/em><strong> y <\/strong><em><strong>Travesti<\/strong><\/em><strong>. \u00bfCu\u00e1l es tu lectura, a la distancia, de esos lanzamientos y de esa primera etapa de tu carrera? <\/strong><\/p>\n<\/div>\n<div class=\"col-span-8 md:col-span-10 md:col-start-2 xl:col-span-8 xl:col-start-5 max-w-550 md:max-w-635 mb-16\">\n<p class=\"ds-custom-paragraph font-tertiary text-20 leading-[150%] tracking-[-0.1px] text-left\">-Es muy parecida a la que tengo hoy con las cosas que trato de hacer o que hago. Es una opini\u00f3n del momento que tengo y la publico, aunque parezca no encajar. Sinceramente, nunca hice un disco por hacer un disco. Siempre trat\u00e9 de ser consistente con lo que siento con la m\u00fasica a trav\u00e9s del tiempo, lo que he sentido. Y me pone muy feliz tambi\u00e9n, no lo puedo negar. El otro d\u00eda, Guillermo [Rodr\u00edguez], mi guitarrista, empez\u00f3 a se\u00f1alar todo eso y escuch\u00e9 los discos. Me pareci\u00f3 que se pod\u00eda no condenar esos \u00e1lbumes, que eran de valor. Aunque en un momento tambi\u00e9n parec\u00edan una molestia. Y creo que los discos que estoy haciendo ahora parecer\u00edan no tener esa cualidad de cantautor de canciones, que est\u00e1n entregados al sonido mucho m\u00e1s, y s\u00ed tienen canciones. Lo que me molesta es que me voy a morir antes de que tengan el reconocimiento. Eso un poco me molesta. Pero es el proceso l\u00f3gico que le toca a una persona como yo. <\/p>\n<\/div>\n<div class=\"col-span-8 md:col-span-10 md:col-start-2 xl:col-span-8 xl:col-start-5 max-w-550 md:max-w-635 mb-64\">\n<p><iframe loading=\"lazy\" title=\"Daniel Melero en Vivo en Badia y Cia (Noviembre 1988)\" width=\"1170\" height=\"658\" src=\"https:\/\/www.youtube.com\/embed\/sX5zHFb9Jx0?wmode=transparent&amp;rel=0&amp;feature=oembed\" frameborder=\"0\" allow=\"accelerometer; autoplay; clipboard-write; encrypted-media; gyroscope; picture-in-picture; web-share\" referrerpolicy=\"strict-origin-when-cross-origin\" allowfullscreen><\/iframe><\/p>\n<\/div>\n<div class=\"col-span-8 md:col-span-10 md:col-start-2 xl:col-span-8 xl:col-start-5 max-w-550 md:max-w-635 mb-16\">\n<p class=\"ds-custom-paragraph font-tertiary text-20 leading-[150%] tracking-[-0.1px] text-left\"><strong>-Hace un par de a\u00f1os se public\u00f3 tu autobiograf\u00eda. \u00bfC\u00f3mo te sent\u00f3 el ejercicio de rememorarte?<\/strong><\/p>\n<\/div>\n<div class=\"col-span-8 md:col-span-10 md:col-start-2 xl:col-span-8 xl:col-start-5 max-w-550 md:max-w-635 mb-16\">\n<p class=\"ds-custom-paragraph font-tertiary text-20 leading-[150%] tracking-[-0.1px] text-left\">-S\u00ed, se deber\u00eda considerar que ese es el punto m\u00e1s bajo de la creatividad o la creaci\u00f3n de un artista, \u00bfno? Recurrir a tus memorias. S\u00ed, yo espero que tenga, \u00bfc\u00f3mo se dice? Un posludio, donde haya que mencionar cosas posteriores. No me sali\u00f3 la palabra, disculp\u00e1, pero s\u00ed, como una especie de secuela narrativa. Porque ya hay m\u00e1s que lo que est\u00e1 en el libro. Eso se empez\u00f3 a gestar mucho tiempo antes. Iba a salir por una editorial, despu\u00e9s esa editorial desapareci\u00f3. Cuando apareci\u00f3 Caja Negra, yo hubiera publicado un libro sin palabras directamente. Que me edite una editorial que edita a Satie y a John Cage, que es mi m\u00e1ximo \u00eddolo&#8230; y estoy contento que todos me dicen que les gust\u00f3, yo no la termin\u00e9 de leer nunca. Que sea una lectura agradable es una virtud de Mariano Vespa, quien la escribi\u00f3 conmigo. Es un personaje hermoso con quien sigo en contacto y tengo otros proyectos. Soy de v\u00ednculos largos con la gente. <\/p>\n<\/div>\n<div class=\"col-span-8 md:col-span-10 md:col-start-2 xl:col-span-8 xl:col-start-5 max-w-550 md:max-w-635 mb-16\">\n<p class=\"ds-custom-paragraph font-tertiary text-20 leading-[150%] tracking-[-0.1px] text-left\">\u201cFue un proceso muy largo y hermoso. Yo creo que se ve el pibe que escuch\u00f3 rock desde los 12 a\u00f1os. Tengo memorias muy v\u00edvidas de esa \u00e9poca en que era p\u00faber y estaba yendo a ver recitales. Y eso me form\u00f3 tanto, me inyectaron el cuerpo del rock esas personas\u201d, repasa Daniel Melero y suma: \u201cA m\u00ed Luis Alberto Spinetta me dej\u00f3 listo para escuchar a Brian Eno. Podr\u00eda decirte de haber ido al Teatro San Mart\u00edn a escuchar m\u00fasica electroac\u00fastica por curiosidad. Era algo diferente. Y quedarme atrapado ah\u00ed. Haber ido al programa de Litto Nebbia como p\u00fablico los s\u00e1bados a las 2 de la tarde y que estuvi\u00e9ramos un amigo m\u00edo, yo, y alguna persona por ah\u00ed en Radio Nacional y \u00e9l trayendo a alguien a tocar o tocando \u00e9l. <\/p>\n<\/div>\n<div class=\"col-span-8 md:col-span-10 md:col-start-2 xl:col-span-8 xl:col-start-5 max-w-550 md:max-w-635 mb-16\">\n<figure>\n<div class=\"w-full flex justify-center bg-neutral-50\">\n<div class=\"max-md:border-x-0 border-1 border-neutral-200 w-full aspect-3\/2\">\n<div class=\"relative overflow-hidden h-full w-full\"><picture><source srcset=\"https:\/\/www.lanacion.com.ar\/resizer\/v2\/el-expreso-imaginario-fue-muy-importante-para-mi-6XKSDSQTORHNBKDF6FQH6646RI.jpg?auth=36038538ea1e5db93ec0d0c725cfd4135cf88af4042081dce6e13de772cbda11&amp;width=780&amp;height=520&amp;quality=70&amp;smart=true\" media=\"(min-width: 768px)\"\/><img alt=\"&quot;El Expreso Imaginario fue muy importante para m\u00ed&quot;, repasa Melero sobre sus inicios en la cultura rock\" loading=\"lazy\" decoding=\"async\" class=\"ds-image relative z-1 object-cover h-full w-full\" src=\"https:\/\/www.lanacion.com.ar\/resizer\/v2\/el-expreso-imaginario-fue-muy-importante-para-mi-6XKSDSQTORHNBKDF6FQH6646RI.jpg?auth=36038538ea1e5db93ec0d0c725cfd4135cf88af4042081dce6e13de772cbda11&amp;width=420&amp;height=280&amp;quality=70&amp;smart=true\" width=\"5251\" height=\"3500\"\/><\/picture><\/div>\n<\/div>\n<\/div><figcaption class=\"py-8 space-x-8\"><span class=\"font-normal text-base-default text-16 text-center leading-[140%] tracking-[-0.3px]\">&#8220;El Expreso Imaginario fue muy importante para m\u00ed&#8221;, repasa Melero sobre sus inicios en la cultura rock<\/span><span class=\"font-normal text-base-light text-16 text-center leading-[140%] tracking-[-0.3px]\">Hernan Zenteno &#8211; La Nacion<\/span><\/figcaption><\/figure>\n<\/div>\n<div class=\"col-span-8 md:col-span-10 md:col-start-2 xl:col-span-8 xl:col-start-5 max-w-550 md:max-w-635 mb-16\">\n<p class=\"ds-custom-paragraph font-tertiary text-20 leading-[150%] tracking-[-0.1px] text-left\"><strong>\u2013\u00bfCu\u00e1les fueron tus lecturas rockeras de aquellos a\u00f1os iniciales?<\/strong><\/p>\n<\/div>\n<div class=\"col-span-8 md:col-span-10 md:col-start-2 xl:col-span-8 xl:col-start-5 max-w-550 md:max-w-635 mb-16\">\n<p class=\"ds-custom-paragraph font-tertiary text-20 leading-[150%] tracking-[-0.1px] text-left\">\u2013La revista El Expreso Imaginario fue muy importante para m\u00ed. Inclusive, tambi\u00e9n la revista Pelo, que la compr\u00e9 desde el n\u00famero 2. Yo buscaba mucho lo que por ah\u00ed se denomina gacetilla. Noticias que eran breves, como si fueran un tuit. Y ah\u00ed me enter\u00e9 que exist\u00eda Eno, Roxy Music. A Fripp s\u00ed lo conoc\u00eda, conoc\u00eda a King Crimson. Y me encant\u00f3 un <em>statement<\/em> de Eno que conservo hasta hoy, que es: \u201csoy un artista a veces\u201d. No sab\u00e9s lo que fue leerlo a eso, yo ten\u00eda 17 m\u00e1s o menos. Revelador y liberador: no se puede ser un artista las 24 horas del d\u00eda, todos los d\u00edas del a\u00f1o. Yo siempre digo que ni Bowie puede sostener esa situaci\u00f3n. Tal vez es algo que aprend\u00ed, adem\u00e1s de \u00e9l, tambi\u00e9n en Satie, leyendo <em>Memorias de un amn\u00e9sico<\/em>. Fue muy importante tambi\u00e9n para m\u00ed. Y la idea de ser siempre un aprendiz, eso lo aprend\u00ed tambi\u00e9n de Satie. <\/p>\n<\/div>\n<div class=\"col-span-8 md:col-span-10 md:col-start-2 xl:col-span-8 xl:col-start-5 max-w-550 md:max-w-635 mb-64\">\n<p><iframe loading=\"lazy\" title=\"Habitantes\" width=\"1170\" height=\"878\" src=\"https:\/\/www.youtube.com\/embed\/X5nRM6XSdXk?wmode=transparent&amp;rel=0&amp;feature=oembed\" frameborder=\"0\" allow=\"accelerometer; autoplay; clipboard-write; encrypted-media; gyroscope; picture-in-picture; web-share\" referrerpolicy=\"strict-origin-when-cross-origin\" allowfullscreen><\/iframe><\/p>\n<\/div>\n<div class=\"col-span-8 md:col-span-10 md:col-start-2 xl:col-span-8 xl:col-start-5 max-w-550 md:max-w-635 mb-16\">\n<p class=\"ds-custom-paragraph font-tertiary text-20 leading-[150%] tracking-[-0.1px] text-left\"><strong>-Para cerrar, dijiste que \u201cla m\u00fasica nueva m\u00e1s interesante es la que no pretende representar la felicidad y permanece interesada\u201d. \u00bfQu\u00e9 lugar juegan la curiosidad y la insatisfacci\u00f3n, por elegir algunos impulsos, en esa b\u00fasqueda? <\/strong><\/p>\n<\/div>\n<div class=\"col-span-8 md:col-span-10 md:col-start-2 xl:col-span-8 xl:col-start-5 max-w-550 md:max-w-635 mb-16\">\n<p class=\"ds-custom-paragraph font-tertiary text-20 leading-[150%] tracking-[-0.1px] text-left\">-S\u00ed, en el caso de la incomodidad me parece que tiene que introducir una sensaci\u00f3n que no sea funcional. Eso es lo que hace para m\u00ed una m\u00fasica realmente interesante. Cuando est\u00e1 dise\u00f1ada, puedo disfrutarla, pero no me parece interesante. O sea, digamos, una m\u00fasica dise\u00f1ada para la discoteca, para lo que sea, un club de baile, es un dise\u00f1o adaptado. Y a m\u00ed me parece que Kevin Martin es un \u201cpianta pista\u201d. Este concepto lo elabor\u00f3 Tu\u00f1\u00f3n, \u00bfno? Carca fue mucho un pianta pista tambi\u00e9n en los noventa. La informaci\u00f3n que recib\u00eds tiene una respuesta que es gen\u00e9rica, m\u00e1s all\u00e1 de la informaci\u00f3n. Yo respeto la informaci\u00f3n y no a c\u00f3mo es interpretada, \u00bfno? Y luego, creo que la gente que se siente muy feliz en el mundo de hoy me parece que est\u00e1 alienada. Esa es la alienaci\u00f3n, sentir felicidad en el mundo de hoy, como en general en todos los mundos. Yo nunca me sent\u00ed muy feliz en ninguna etapa de mi vida, pero s\u00ed encontr\u00e9 la felicidad eventualmente en relaciones, en una construcci\u00f3n. Pero no como respuesta a lo que recib\u00eda sonoramente, yendo a un lugar donde iba a recibir esa implicaci\u00f3n. Creo que prefiero la felicidad de aquel que lee un libro deprimente que el que, ante la m\u00fasica que supuestamente es alegre en los tonos mayores y todo eso, reaccione y diga \u201cqu\u00e9 bien la pas\u00e9\u201d. Porque en lo siniestro es donde tendr\u00edan una informaci\u00f3n nueva. Verse a s\u00ed mismos de otra forma. Si no, termin\u00e1s yendo a recitales donde se re\u00fane a una banda y hasta si falta un miembro \u201cla pas\u00e1s bien\u201d [risas].<\/p>\n<\/div>\n<\/div>\n<p><script id=\"facebookpixel\" defer=\"\" type=\"text\/javascript\">\n        !function(f,b,e,v,n,t,s)\n        {if(f.fbq)return;n=f.fbq=function(){n.callMethod?\n        n.callMethod.apply(n,arguments):n.queue.push(arguments)};\n        if(!f._fbq)f._fbq=n;n.push=n;n.loaded=!0;n.version='2.0';\n        n.queue=[];t=b.createElement(e);t.async=!0;\n        t.src=v;s=b.getElementsByTagName(e)[0];\n        s.parentNode.insertBefore(t,s)}(window, document,'script',\n        '\n        fbq('init', '492459597522335');\n        fbq('track', 'PageView');\n    <\/script><\/p>\n","protected":false},"excerpt":{"rendered":"<p>2 de septiembre de 202606:0012&#8216;minutos de lectura Un caf\u00e9, a pocos metros de la esquina donde se cruzan las calles Posadas y Rodr\u00edguez Pe\u00f1a, es el recinto elegido por el entrevistado para dialogar durante un buen rato con el entusiasmo y la singularidad que lo caracterizan. Daniel Melero es capaz de dejar m\u00e1s de un [&hellip;]<\/p>\n","protected":false},"author":2,"featured_media":91315,"comment_status":"","ping_status":"","sticky":false,"template":"","format":"standard","meta":{"footnotes":""},"categories":[14],"tags":[],"_links":{"self":[{"href":"https:\/\/maxradio923.com.ar\/index.php\/wp-json\/wp\/v2\/posts\/91314"}],"collection":[{"href":"https:\/\/maxradio923.com.ar\/index.php\/wp-json\/wp\/v2\/posts"}],"about":[{"href":"https:\/\/maxradio923.com.ar\/index.php\/wp-json\/wp\/v2\/types\/post"}],"author":[{"embeddable":true,"href":"https:\/\/maxradio923.com.ar\/index.php\/wp-json\/wp\/v2\/users\/2"}],"replies":[{"embeddable":true,"href":"https:\/\/maxradio923.com.ar\/index.php\/wp-json\/wp\/v2\/comments?post=91314"}],"version-history":[{"count":0,"href":"https:\/\/maxradio923.com.ar\/index.php\/wp-json\/wp\/v2\/posts\/91314\/revisions"}],"wp:featuredmedia":[{"embeddable":true,"href":"https:\/\/maxradio923.com.ar\/index.php\/wp-json\/wp\/v2\/media\/91315"}],"wp:attachment":[{"href":"https:\/\/maxradio923.com.ar\/index.php\/wp-json\/wp\/v2\/media?parent=91314"}],"wp:term":[{"taxonomy":"category","embeddable":true,"href":"https:\/\/maxradio923.com.ar\/index.php\/wp-json\/wp\/v2\/categories?post=91314"},{"taxonomy":"post_tag","embeddable":true,"href":"https:\/\/maxradio923.com.ar\/index.php\/wp-json\/wp\/v2\/tags?post=91314"}],"curies":[{"name":"wp","href":"https:\/\/api.w.org\/{rel}","templated":true}]}}