{"id":91312,"date":"2026-09-02T02:18:07","date_gmt":"2026-09-02T05:18:07","guid":{"rendered":"https:\/\/maxradio923.com.ar\/index.php\/2026\/09\/02\/tango-a-primera-vista-una-griega-y-un-cordobes-ganaron-el-campeonato-mundial-2026-de-la-categoria-pista\/"},"modified":"2026-09-02T02:18:07","modified_gmt":"2026-09-02T05:18:07","slug":"tango-a-primera-vista-una-griega-y-un-cordobes-ganaron-el-campeonato-mundial-2026-de-la-categoria-pista","status":"publish","type":"post","link":"https:\/\/maxradio923.com.ar\/index.php\/2026\/09\/02\/tango-a-primera-vista-una-griega-y-un-cordobes-ganaron-el-campeonato-mundial-2026-de-la-categoria-pista\/","title":{"rendered":"Tango \u201ca primera vista\u201d: una griega y un cordob\u00e9s ganaron el Campeonato Mundial 2026 de la categor\u00eda pista"},"content":{"rendered":"<p><\/p>\n<div>\n<p class=\"com-paragraph --s text-left\"><strong>Lucas Gauto<\/strong> y <strong>Naima Gerasopoulou<\/strong> se conocieron hace una d\u00e9cada en el Festival y Mundial de Tango de Buenos Aires. Pint\u00f3 el amor, fue \u201ctango a primera vista\u201d. Y aunque actualmente no son pareja en la vida cotidiana, siguen juntos en pistas de baile y escenarios. Y ahora m\u00e1s que nunca, porque este martes <strong>fueron consagrados como los ganadores de la categor\u00eda Tango Pista del Mundial 2026.<\/strong><\/p>\n<div class=\"content-media\">\n<section role=\"button\" class=\"mod-media   \">\n<figure role=\"button\" tabindex=\"0\" class=\"mod-figure \"><figcaption class=\"mod-figcaption\"><span class=\"com-text --caption --twoxs\">Lucas Gauto y Naima Gerasopoulou se presentaron seis veces en el Mundial de Tango<\/span><span class=\"com-text --credit --twoxs\">Tadeo Bourbon &#8211; LA NACION<\/span><\/figcaption><\/figure>\n<\/section>\n<\/div>\n<p class=\"com-paragraph --s text-left\">\u00c9l viene de \u201cLa Docta\u201d (tambi\u00e9n conocida como los pagos del fernet con coca y el cuarteto). Ella, de la tierra de la filosof\u00eda, los mitos y la democracia. Habla un espa\u00f1ol de lo m\u00e1s fluido, tanto que cuando se indaga a Lucas sobre la relaci\u00f3n -antes pareja de vida, hoy solo de escenario- que los trajo hasta el Gran Rex, donde se celebr\u00f3 la final, ella mira a su compa\u00f1ero y con una sonrisa le dice: \u201csal\u00ed de ah\u00ed Maravilla\u201d. <\/p>\n<p class=\"com-paragraph --s text-left\">La gracia que tienen en camarines es, tambi\u00e9n, la que demuestran al momento de bailar. Naima, que se define \u201ccordogriega\u201d, lleg\u00f3 al tango en su pa\u00eds, cuando se anot\u00f3 en unas clases gratuitas que se ofrec\u00edan en la universidad donde estudiaba. Le gust\u00f3, comenz\u00f3 a bailar, gan\u00f3 un concurso en Grecia y eso la trajo a participar en el Mundial de Buenos Aires, el mismo a\u00f1o que Lucas hab\u00eda ganado el certamen local de C\u00f3rdoba. Entre una copa y la siguiente de un c\u00f3ctel que se hizo para ganadores, comenz\u00f3 esta historia que ahora los consagra campeones.<\/p>\n<div class=\"content-media\">\n<section role=\"button\" class=\"mod-media   \">\n<figure role=\"button\" tabindex=\"0\" class=\"mod-figure \"><figcaption class=\"mod-figcaption\"><span class=\"com-text --caption --twoxs\">Los ganadores del Mundial 2026 de la categor\u00eda Tango Pista, con las banderas de la Argentina y Grecia<\/span><span class=\"com-text --credit --twoxs\">Tadeo Bourbon &#8211; LA NACION<\/span><\/figcaption><\/figure>\n<\/section>\n<\/div>\n<p class=\"com-paragraph --s text-left\">Lucas lleva el tango danza como herencia. Comenz\u00f3 a bailar a los 8, con su abuela, y desde entonces, nunca par\u00f3. \u201cMi abuela me dio mi primera clase. Vino a vernos hoy, la vi reci\u00e9n, estaba emocionada\u201d. <\/p>\n<p class=\"com-paragraph --s text-left\">Desde que Lucas y Naima bailan juntos el camino que recorrieron fue una verdadera construcci\u00f3n que se hizo a\u00f1o tras a\u00f1o. Porque, como le ha sucedido a muchas otras parejas, un campe\u00f3n no se construyen en el primer intento. Ellos compitieron seis veces, y siempre quedaron entre los primeros diez puestos. Esta vez se les dio. <\/p>\n<p class=\"com-paragraph --s text-left\">\u00bfNunca en Tango Escenario? \u201cPuede que el a\u00f1o que viene\u201d, se envalentona Lucas. \u201cEl tango nos gusta en todas sus formas. Nos gusta crecer y explorar, puede que volvamos\u201d, dice su compa\u00f1era. Desde hace diez a\u00f1os que bailan tango profesionalmente. Radicados en Atenas, dan clases, hacen shows y participan en festivales. \u201cVivimos de esto\u201d, completa Naima con su espa\u00f1ol tan asimilado; ese que aprendi\u00f3 (cuando quiso saber qu\u00e9 dec\u00edan esas letras de los tangos que la emocionaban tanto), y luego habl\u00f3 (gracias a sus viajes de pasajera frecuente a la Argentina).<\/p>\n<p><h2 class=\"font-primary font-w-bold text-subheading-lg text-left container-center-100 mb-8\"><span>Milongueros de ayer y de hoy<\/span><\/h2>\n<\/p>\n<p class=\"com-paragraph --s text-left\">No fueron los \u00fanicos que festejaron con un primer premio. Desde hace tiempo que tambi\u00e9n existe la categor\u00eda \u201csenior\u201d, para bailarines +55, que tienen un perfil de tango sal\u00f3n. La pareja que integran Aldo Adri\u00e1n Romero y Marcela Pilatti, representantes de la Ciudad de Buenos Aires, fue la que se impuso en esta categor\u00eda.<\/p>\n<p class=\"com-paragraph --s text-left\">La del mi\u00e9rcoles ser\u00e1 la noche del tango acrob\u00e1tico, como mucho despliegue. Por eso se llama de \u201cescenario\u201d, por lo espectacular de las coreograf\u00edas y el espacio que requiere. En cambio, el tango pista todav\u00eda conserva algunas caracter\u00edsticas de su tradici\u00f3n, aunque <em>aggiornadas <\/em>a estos tiempos. <\/p>\n<p class=\"com-paragraph --s text-left\">La del martes fue la noche \u201cpara milongueros\u201d, donde se defini\u00f3 esta primera secci\u00f3n del campeonato. A pesar de que, como se sabe, el tango pista, cada vez convoca a m\u00e1s bailarines profesionales. Hoy ambas categor\u00edas est\u00e1n atravesadas por bailarines de altas performances. El porcentaje de aquellos que solo bailan por pasi\u00f3n, para despuntar el vicio, va decreciendo. Y es por esto que gana importancia la categor\u00eda \u201csenior\u201d. <\/p>\n<div class=\"content-media\">\n<section role=\"button\" class=\"mod-media   \">\n<figure role=\"button\" tabindex=\"0\" class=\"mod-figure \"><figcaption class=\"mod-figcaption\"><span class=\"com-text --caption --twoxs\">Lucas Gauto y Naima Gerasopoulou<\/span><span class=\"com-text --credit --twoxs\">Tadeo Bourbon &#8211; LA NACION<\/span><\/figcaption><\/figure>\n<\/section>\n<\/div>\n<p><h2 class=\"font-primary font-w-bold text-subheading-lg text-left container-center-100 mb-8\"><span>Noche de festejos<\/span><\/h2>\n<\/p>\n<p class=\"com-paragraph --s text-left\">A las 19 en punto, Fernando Bravo abri\u00f3 la velada y le pas\u00f3 la posta a dos hist\u00f3ricos de estas finales, Carlos Lin y Leda Olano. Curtidos en este metier, le pusieron ritmo a una jornada que suele tener sus formalidades. Una ronda para los finalistas de tango senior, cinco rondas para los de tango pista, con tangazos en los estilos de Pugliese, Cal\u00f3, Di Sarli o D\u2019Arienzo, y, finalmente, un jurado de ocho expertos que suman puntajes hasta dar con los ganadores. <\/p>\n<p class=\"com-paragraph --s text-left\">Mientras tanto, la cantante Milagros Amud, que tambi\u00e9n cant\u00f3 en la apertura del festival, se encarg\u00f3 del interludio, antes de la premiaci\u00f3n. \u201cTrenzas\u201d, \u201cBaldosa floja\u201d y \u201cSe dice de m\u00ed\u201d, fueron algunos tangos que eligi\u00f3 para esa noche.<\/p>\n<div class=\"content-media\">\n<section role=\"button\" class=\"mod-media   \">\n<figure role=\"button\" tabindex=\"0\" class=\"mod-figure \"><figcaption class=\"mod-figcaption\"><span class=\"com-text --caption --twoxs\"> Milagros Amud cant\u00f3 en la apertura y en la final de Mundial de Tango<\/span><span class=\"com-text --credit --twoxs\">Pilar Camacho<\/span><\/figcaption><\/figure>\n<\/section>\n<\/div>\n<p class=\"com-paragraph --s text-left\">Un rato despu\u00e9s, hubo un homenaje coreogr\u00e1fico a la bailarina <strong>Mar\u00eda Nieves<\/strong> (quien muri\u00f3 en abril pasado). \u201cDisculpen mi emoci\u00f3n pero fui su amigo\u201d, dijo Fernando Bravo. <\/p>\n<p><h2 class=\"font-primary font-w-bold text-subheading-lg text-left container-center-100 mb-8\"><span>Ultimas luces de la edici\u00f3n 2026<\/span><\/h2>\n<\/p>\n<p class=\"com-paragraph --s text-left\">\u201cEs un Festival que crece en cantidad, en calidad y, sobre todo, en generaci\u00f3n de sentido para una Ciudad que tuvo la suerte de ver nacer al tango y tiene la enorme responsabilidad de preservarlo y compartirlo con el mundo. Las 800 parejas de m\u00e1s de 40 pa\u00edses inscriptas en el Mundial hablan de ese alcance\u201d, dec\u00eda la ministra de Cultura porte\u00f1a, Gabriela Ricardes, antes de que comenzara el campeonato. <\/p>\n<p class=\"com-paragraph --s text-left\">En las \u00faltimas dos semanas hubo danza en todas sus formas. Desde los movimientos en la pista (los m\u00e1s espont\u00e1neos, los m\u00e1s estudiados) hasta la vida de bailarines y milongueros que se pudo ver en exhibiciones, clases magistrales, talleres o, incluso, en la pantalla. Dentro del festival y mundial se estren\u00f3 <em>Nous<\/em>, documental de Flor Argento sobre el trabajo que han realizado en el tango danza el maestro Claudio Gonz\u00e1lez y su disc\u00edpula no vidente Eliana Manzo.<\/p>\n<p class=\"com-paragraph --s text-left\">Por supuesto que en las \u00faltimas dos semanas tambi\u00e9n hubo mucha m\u00fasica en grandes salas, bares notales y todo tipo de espacios culturales. Desde los conciertos especiales en la Usina del Arte y el Teatro Col\u00f3n (como la Orquesta del Tango de la Ciudad de Buenos Aires, la Camerata Argentina, el Sexteto Mayor, y los bandoneonistas Ryota Komatsu y V\u00edctor Lavall\u00e9n). Fueron 23 las sedes que estuvieron disponibles para las actividades. <\/p>\n<div class=\"content-media\">\n<section role=\"button\" class=\"mod-media   \">\n<figure role=\"button\" tabindex=\"0\" class=\"mod-figure \"><figcaption class=\"mod-figcaption\"><span class=\"com-text --caption --twoxs\">Abel Pintos tanguero, en la apertura del Festival y Mundial Tango BA 2026<\/span><span class=\"com-text --credit --twoxs\">Pilar Camacho<\/span><\/figcaption><\/figure>\n<\/section>\n<\/div>\n<p class=\"com-paragraph --s text-left\">La apertura del festival se realiz\u00f3 en la Usina del Arte, donde participaron, como invitados, Vicentico, Abel Pintos y Amud. Desde el 19 agosto pasado, el festival program\u00f3 a los artistas m\u00e1s diversos en los espacios destinados para esta edici\u00f3n: Ana Mar\u00eda Stekelman, Sandra Mihanovich, N\u00e9stor Marconi, Germ\u00e1n Cornejo, el Quinteto Revolucionario, Jos\u00e9 Col\u00e1ngelo, Milena Plebs, Lito Vitale y Juan Carlos Baglietto, Franco Luciani, la Orquesta del Plata, Maggie Cullen, Marcos Ayala, Noelia Sinkunas, V\u00edctor Lavall\u00e9n, Julieta Laso, Ollantay Rojas, Adriana Varela, El Arranque, Carlos Rivarola, Guillermo Fern\u00e1ndez, la Orquesta T\u00edpica Fern\u00e1ndez Fierro, Eduardo Arquimbau, Hugo Rivas y Johana Copes, entre muchos otros.<\/p>\n<section class=\"container-center-100 mb-40 border border-bottom border-thin border-neutral-light-700\">\n<hr\/>\n<\/section>\n<\/div>\n<p><script id=\"facebookpixel\" defer=\"\" type=\"text\/javascript\">\n        !function(f,b,e,v,n,t,s)\n        {if(f.fbq)return;n=f.fbq=function(){n.callMethod?\n        n.callMethod.apply(n,arguments):n.queue.push(arguments)};\n        if(!f._fbq)f._fbq=n;n.push=n;n.loaded=!0;n.version='2.0';\n        n.queue=[];t=b.createElement(e);t.async=!0;\n        t.src=v;s=b.getElementsByTagName(e)[0];\n        s.parentNode.insertBefore(t,s)}(window, document,'script',\n        '\n        fbq('init', '492459597522335');\n        fbq('track', 'PageView');\n    <\/script><\/p>\n","protected":false},"excerpt":{"rendered":"<p>Lucas Gauto y Naima Gerasopoulou se conocieron hace una d\u00e9cada en el Festival y Mundial de Tango de Buenos Aires. Pint\u00f3 el amor, fue \u201ctango a primera vista\u201d. Y aunque actualmente no son pareja en la vida cotidiana, siguen juntos en pistas de baile y escenarios. Y ahora m\u00e1s que nunca, porque este martes fueron [&hellip;]<\/p>\n","protected":false},"author":2,"featured_media":91313,"comment_status":"","ping_status":"","sticky":false,"template":"","format":"standard","meta":{"footnotes":""},"categories":[14],"tags":[],"_links":{"self":[{"href":"https:\/\/maxradio923.com.ar\/index.php\/wp-json\/wp\/v2\/posts\/91312"}],"collection":[{"href":"https:\/\/maxradio923.com.ar\/index.php\/wp-json\/wp\/v2\/posts"}],"about":[{"href":"https:\/\/maxradio923.com.ar\/index.php\/wp-json\/wp\/v2\/types\/post"}],"author":[{"embeddable":true,"href":"https:\/\/maxradio923.com.ar\/index.php\/wp-json\/wp\/v2\/users\/2"}],"replies":[{"embeddable":true,"href":"https:\/\/maxradio923.com.ar\/index.php\/wp-json\/wp\/v2\/comments?post=91312"}],"version-history":[{"count":0,"href":"https:\/\/maxradio923.com.ar\/index.php\/wp-json\/wp\/v2\/posts\/91312\/revisions"}],"wp:featuredmedia":[{"embeddable":true,"href":"https:\/\/maxradio923.com.ar\/index.php\/wp-json\/wp\/v2\/media\/91313"}],"wp:attachment":[{"href":"https:\/\/maxradio923.com.ar\/index.php\/wp-json\/wp\/v2\/media?parent=91312"}],"wp:term":[{"taxonomy":"category","embeddable":true,"href":"https:\/\/maxradio923.com.ar\/index.php\/wp-json\/wp\/v2\/categories?post=91312"},{"taxonomy":"post_tag","embeddable":true,"href":"https:\/\/maxradio923.com.ar\/index.php\/wp-json\/wp\/v2\/tags?post=91312"}],"curies":[{"name":"wp","href":"https:\/\/api.w.org\/{rel}","templated":true}]}}