{"id":91304,"date":"2026-09-01T11:56:11","date_gmt":"2026-09-01T14:56:11","guid":{"rendered":"https:\/\/maxradio923.com.ar\/index.php\/2026\/09\/01\/el-programa-bosque-en-la-escuela-llego-a-jachal-con-formacion-y-actividades\/"},"modified":"2026-09-01T11:56:11","modified_gmt":"2026-09-01T14:56:11","slug":"el-programa-bosque-en-la-escuela-llego-a-jachal-con-formacion-y-actividades","status":"publish","type":"post","link":"https:\/\/maxradio923.com.ar\/index.php\/2026\/09\/01\/el-programa-bosque-en-la-escuela-llego-a-jachal-con-formacion-y-actividades\/","title":{"rendered":"El programa Bosque en la Escuela lleg\u00f3 a J\u00e1chal con formaci\u00f3n y actividades"},"content":{"rendered":"<p><\/p>\n<div>\n<p>La Secretar\u00eda de Ambiente y Desarrollo Sustentable realiz\u00f3 una jornada de Bosque en la Escuela en el departamento J\u00e1chal. Bosque en la Escuela, es un programa para promover la educaci\u00f3n ambiental y la conservaci\u00f3n de los bosques nativos, involucrando a la comunidad educativa en actividades pr\u00e1cticas y l\u00fadicas que fomentan la protecci\u00f3n de los ecosistemas aut\u00f3ctonos.<\/p>\n<p>En esta actividad, se brindaron charlas vinculadas con la importancia de los bosques nativos y su conservaci\u00f3n. La propuesta acerc\u00f3 contenidos ambientales a la comunidad educativa y promovi\u00f3 herramientas para fortalecer el aprendizaje en las escuelas.<\/p>\n<p>Adem\u00e1s, se anunci\u00f3 el lanzamiento de Bosque Activo: Aprendizaje in situ para futuros educadores, una iniciativa que tendr\u00e1 lugar en La Ci\u00e9naga y ser\u00e1 desarrollada por la Direcci\u00f3n de Bosques Nativos.<\/p>\n<p>La propuesta contempla el trabajo conjunto con el Profesorado de Biolog\u00eda de J\u00e1chal y de la ciudad de San Juan, perteneciente al Instituto Superior de Formaci\u00f3n Docente IN.E.S. \u201cDra. Carmen Pe\u00f1aloza\u201d.<\/p>\n<p>En La Ci\u00e9naga se trabajar\u00e1 sobre un proyecto ecotur\u00edstico financiado por la Ley de Bosques Nativos, con una modalidad de aprendizaje directamente vinculada con el territorio.<\/p>\n<p>De esta manera, la iniciativa busca fortalecer la formaci\u00f3n de futuros educadores mediante experiencias pr\u00e1cticas y el conocimiento de los ambientes naturales de la provincia.<\/p>\n<p>Tanto la jornada de Bosque en la Escuela como el lanzamiento de Bosque Activo fueron reconocidos de inter\u00e9s departamental mediante una ordenanza del Concejo Deliberante de J\u00e1chal.<\/p>\n<p>Las acciones forman parte del trabajo de la Secretar\u00eda de Ambiente y Desarrollo Sustentable para vincular educaci\u00f3n, territorio y conservaci\u00f3n de los bosques nativos, generando herramientas que puedan trasladarse a las comunidades educativas.<\/p>\n<\/p><\/div>\n<p><script async defer crossorigin=\"anonymous\" src=\"https:\/\/connect.facebook.net\/es_ES\/sdk.js#xfbml=1&#038;version=v3.3\"><\/script><\/p>\n","protected":false},"excerpt":{"rendered":"<p>La Secretar\u00eda de Ambiente y Desarrollo Sustentable realiz\u00f3 una jornada de Bosque en la Escuela en el departamento J\u00e1chal. Bosque en la Escuela, es un programa para promover la educaci\u00f3n ambiental y la conservaci\u00f3n de los bosques nativos, involucrando a la comunidad educativa en actividades pr\u00e1cticas y l\u00fadicas que fomentan la protecci\u00f3n de los ecosistemas [&hellip;]<\/p>\n","protected":false},"author":2,"featured_media":91305,"comment_status":"","ping_status":"","sticky":false,"template":"","format":"standard","meta":{"footnotes":""},"categories":[8],"tags":[],"_links":{"self":[{"href":"https:\/\/maxradio923.com.ar\/index.php\/wp-json\/wp\/v2\/posts\/91304"}],"collection":[{"href":"https:\/\/maxradio923.com.ar\/index.php\/wp-json\/wp\/v2\/posts"}],"about":[{"href":"https:\/\/maxradio923.com.ar\/index.php\/wp-json\/wp\/v2\/types\/post"}],"author":[{"embeddable":true,"href":"https:\/\/maxradio923.com.ar\/index.php\/wp-json\/wp\/v2\/users\/2"}],"replies":[{"embeddable":true,"href":"https:\/\/maxradio923.com.ar\/index.php\/wp-json\/wp\/v2\/comments?post=91304"}],"version-history":[{"count":0,"href":"https:\/\/maxradio923.com.ar\/index.php\/wp-json\/wp\/v2\/posts\/91304\/revisions"}],"wp:featuredmedia":[{"embeddable":true,"href":"https:\/\/maxradio923.com.ar\/index.php\/wp-json\/wp\/v2\/media\/91305"}],"wp:attachment":[{"href":"https:\/\/maxradio923.com.ar\/index.php\/wp-json\/wp\/v2\/media?parent=91304"}],"wp:term":[{"taxonomy":"category","embeddable":true,"href":"https:\/\/maxradio923.com.ar\/index.php\/wp-json\/wp\/v2\/categories?post=91304"},{"taxonomy":"post_tag","embeddable":true,"href":"https:\/\/maxradio923.com.ar\/index.php\/wp-json\/wp\/v2\/tags?post=91304"}],"curies":[{"name":"wp","href":"https:\/\/api.w.org\/{rel}","templated":true}]}}