{"id":91302,"date":"2026-09-01T11:31:03","date_gmt":"2026-09-01T14:31:03","guid":{"rendered":"https:\/\/maxradio923.com.ar\/index.php\/2026\/09\/01\/las-primeras-horas-de-tini-en-mexico-tras-la-ruptura-con-su-papa-alejandro-stoessel\/"},"modified":"2026-09-01T11:31:03","modified_gmt":"2026-09-01T14:31:03","slug":"las-primeras-horas-de-tini-en-mexico-tras-la-ruptura-con-su-papa-alejandro-stoessel","status":"publish","type":"post","link":"https:\/\/maxradio923.com.ar\/index.php\/2026\/09\/01\/las-primeras-horas-de-tini-en-mexico-tras-la-ruptura-con-su-papa-alejandro-stoessel\/","title":{"rendered":"Las primeras horas de Tini en M\u00e9xico, tras la ruptura con su pap\u00e1 Alejandro Stoessel"},"content":{"rendered":"<p><\/p>\n<div>\n<p class=\"com-paragraph --s\"><strong>\u201cEl show debe continuar\u201d,<\/strong> reza la frase popularizada por Freddie Mercury y por estos d\u00edas bien aplica para <strong>Tini Stossel<\/strong>, que en medio del esc\u00e1ndalo y la ruptura con su pap\u00e1 Alejandro tras darse cuenta que ni su dinero ni los derechos de su imagen estaban a nombre de ella, <strong>se encuentra en plena cuenta regresiva para una nueva etapa de su gira con el festival Futttura<\/strong>. En las \u00faltimas horas, la ex <em>Violetta<\/em> lleg\u00f3 a M\u00e9xico para comenzar su tour el pr\u00f3ximo mi\u00e9rcoles 2 de septiembre en <strong>Guadalajara<\/strong>. <\/p>\n<p><h2 class=\"font-primary font-w-bold text-subheading-lg text-left container-center-100 mb-8\"><span>Y un d\u00eda, volvi\u00f3 al ruedo<\/span><\/h2>\n<\/p>\n<p class=\"com-paragraph --s\">A menos de una semana de que el esc\u00e1ndalo se hiciera p\u00fablico y que se dieran a conocer detalles de la auditor\u00eda que la artista hizo y que dej\u00f3 en evidencia los movimientos de su padre, <strong>la estrella del pop reapareci\u00f3 en redes sociales, donde cosecha m\u00e1s de veinte millones de seguidores<\/strong>. Lo hizo reposteando en sus historias postales de <strong>su cuenta paralela (latriplete_). \u201cDos d\u00edas Guadalajara<\/strong>\u201d, escribi\u00f3 junto con un carrusel de trece fotos y videos hechos desde el Arena de la ciudad mexicana. All\u00ed se la puede ver con su equipo de colaboradores y bailarines ensayando coreograf\u00edas y reconociendo el espacio. <\/p>\n<p class=\"com-paragraph --s\">M\u00e1s que sugerente teniendo en cuenta la situaci\u00f3n personal y familiar por la que atraviesa, es el tema que eligi\u00f3 cantar en uno de los videos del <em>back<\/em>. Se reata del corte de <em><strong>Un mech\u00f3n de pelo<\/strong><\/em>, \u201cMe voy\u201d. \u201c<em>Por eso me voy\/As\u00ed que no me extra\u00f1es\/Antes de que me da\u00f1en\/Cambiando lo que soy\/Me encanta este desaire\/Este mi \u00faltimo baile<\/em>\u201d, reza la canci\u00f3n que en el video que comparti\u00f3 canta de rodillas en el piso. Otra de las im\u00e1genes contiene el <em>setlist<\/em> de la gran noche de su regreso, aunque est\u00e1 blureado, para mantener la sorpresa del p\u00fablico que se har\u00e1 presente en el show. Es que en las \u00faltimas horas mucho se especul\u00f3 respecto a la lista de hits que interpretar\u00eda y fundamentalmente si escoger\u00e1 o no el tema \u201cP\u00e1\u201d que escribi\u00f3 en el 2023 y lanz\u00f3 un a\u00f1o despu\u00e9s, especialmente dedicado a <strong>Alejandro Stoessel<\/strong> que ven\u00eda de superar un duro momento de salud luego de haber estado internado varias semanas en terapia intensiva.<\/p>\n<p class=\"com-paragraph --s\">En menos de tres horas, el mencionado posteo alcanz\u00f3 los cien mil me gusta y casi cuatro mil repost y otro tanto de comentarios. Pero entre ellos hab\u00eda uno muy especial, el de su pareja <strong>Rodrigo de Paul que escribi\u00f3: \u201cCada d\u00eda m\u00e1s buena\u201d.<\/strong> En este punto vale la pena recalcar que si bien \u00e9l la estuvo acompa\u00f1ando en todo el proceso de separaci\u00f3n de la representaci\u00f3n de su padre, nunca habl\u00f3 del tema. <strong>Maria Becerra<\/strong>, con quien hizo el hit \u201cMi\u00e9nteme\u201d firm\u00f3 con un \u201c<strong>Te amo\u201d.<\/strong><\/p>\n<p class=\"com-paragraph --s\">Anteriormente la protagonista de <em>Quebranto<\/em> se hab\u00eda reportado a trav\u00e9s de una historia compartida tambi\u00e9n desde la cuenta de la triple T donde se geolocaliz\u00f3 en Guadalajara y con una foto de ella tomando un caf\u00e9 escribi\u00f3: \u201cMis amores ya nos vemos\u201d.<\/p>\n<p><h2 class=\"font-primary font-w-bold text-subheading-lg text-left container-center-100 mb-8\"><span>Sin <!-- -->sold out<!-- --> y con 2&#215;1<\/span><\/h2>\n<\/p>\n<p class=\"com-paragraph --s\">Tini dar\u00e1 tres shows en M\u00e9xico antes de presentarse el 15 de septiembre en El Salvador. El primero de los conciertos ser\u00e1 <strong>este mi\u00e9rcoles en Guadalajara y aunque faltan menos de 48 horas para la gran fiesta, a\u00fan no se vendieron todas las entradas.<\/strong> Incluso desde las redes de la productora organizadora del festival promocionan los <strong>\u00faltimos mil boletos con un 2&#215;1<\/strong>. Lo mismo ocurre con la fecha del 7 en Monterrey, donde seg\u00fan la web, a\u00fan quedan mil quinientas entradas sin vender. En el medio, espec\u00edficamente el 4, se presentar\u00e1 en Ciudad de M\u00e9xico con <em>sold out<\/em> y repetir\u00e1 fecha a fines de octubre.<\/p>\n<div class=\"content-media\">\n<section role=\"button\" class=\"mod-media   \">\n<figure role=\"button\" tabindex=\"0\" class=\"mod-figure \"><figcaption class=\"mod-figcaption\"><span class=\"com-text --caption --twoxs\">Tini World Tour: 2 de septiembre en Guadalajara<\/span><\/figcaption><\/figure>\n<\/section>\n<\/div>\n<p class=\"com-paragraph --s\">En este tramo de su gira, estar\u00e1 tambi\u00e9n en <strong>Costa Rica, Panam\u00e1, Colombia, Ecuador, Guatemala y Venezuela<\/strong>, cerrando a fines de octubre para retomar el 19 de enero en <strong>Espa\u00f1a.<\/strong> El festival <strong>Futttura<\/strong>, donde la artista repasa \u201ctodas sus eras\u201d, desde que empez\u00f3 su carrera con <em>Violetta<\/em> hasta su \u00faltimo disco <em>Un mech\u00f3n de pelo<\/em>, comenz\u00f3 el a\u00f1o pasado con nueve fechas en <strong>Tecn\u00f3polis<\/strong>, donde asistieron en total unas trescientas mil personas. Adem\u00e1s de los shows que dio este a\u00f1o en <strong>Rosario, C\u00f3rdoba, Salta, Uruguay, Paraguay, Chile y Per\u00fa.<\/strong><\/p>\n<p class=\"com-paragraph --s\"><strong>\u00bfEn primera persona?<\/strong><\/p>\n<p class=\"com-paragraph --s\">Sin dudas el escenario es el espacio que mejor le sienta y por eso se cree que <strong>ser\u00e1 all\u00ed, sobre el suelo guadalajarense donde hable y cuente su versi\u00f3n de todo lo que trascendi\u00f3 en los \u00faltimos d\u00edas sobre sus finanzas, sus regal\u00edas y fundamentalmente sobre su relaci\u00f3n con su pap\u00e1 Alejandro Stoessel<\/strong>, quien la represent\u00f3 desde sus catorce a\u00f1os hasta hace tres meses. Por ahora, ninguna de las partes se refiri\u00f3 al conflicto ni emiti\u00f3 ning\u00fan comunicado al respecto como se especul\u00f3 en un comienzo.<\/p>\n<p class=\"com-paragraph --s\"><strong>Mariana Muzlera,<\/strong> mam\u00e1 de Tini, fue la \u00fanica integrante de los Stoessel que habl\u00f3 y lo hizo a trav\u00e9s de un mensaje que le envi\u00f3 al periodista <strong>Daniel Ambrosino<\/strong>, en el que defendi\u00f3 a su marido. \u201c<strong>Alejandro es el mejor pap\u00e1 del mundo y, como profesional, no creo que haya otro igual. No existe un tipo m\u00e1s honesto; es un tipo impecable, con valores, \u00e9tica y moral indiscutible. Lo digo yo que lo conozco desde los 17 a\u00f1os<\/strong>\u201d escribi\u00f3.<\/p>\n<p class=\"com-paragraph --s\">El domingo sali\u00f3 una nota que Martina brind\u00f3 para el ciclo <em>Pop con Cami<\/em>, de El Salvador, donde se presentar\u00e1 en dos semanas. Sin embargo, por el tenor de la entrevista y por el comentario de la periodista que asegur\u00f3 que hab\u00eda \u201cesperado d\u00edas para poder compartirla\u201d, todo dar\u00eda a entender que fue grabada antes de que el conflicto estallara. All\u00ed cont\u00f3 c\u00f3mo ser\u00e1 su show, pero adem\u00e1s habl\u00f3 de la importancia de ir a los lugares oscuros para reencontrarse y soltar.<\/p>\n<p class=\"com-paragraph --s\">\u201c<strong>Creo que todos estamos siempre pasando por algo, en un proceso de soltar, de animarte a volver a ese lugar oscuro<\/strong>. A m\u00ed me parece lo m\u00e1s m\u00e1gico del mundo, porque me pasa con mis artistas preferidos que me hacen replantearme muchas cosas. Y eso es muy m\u00e1gico la verdad\u201d, dijo la cantante y hoy, sabiendo por todo lo que estaba pasando puertas adentro, sin dudas sus palabras se resignifican.<\/p>\n<section class=\"container-center-100 mb-40 border border-bottom border-thin border-neutral-light-700\">\n<hr\/>\n<\/section>\n<\/div>\n<p><script id=\"facebookpixel\" defer=\"\" type=\"text\/javascript\">\n        !function(f,b,e,v,n,t,s)\n        {if(f.fbq)return;n=f.fbq=function(){n.callMethod?\n        n.callMethod.apply(n,arguments):n.queue.push(arguments)};\n        if(!f._fbq)f._fbq=n;n.push=n;n.loaded=!0;n.version='2.0';\n        n.queue=[];t=b.createElement(e);t.async=!0;\n        t.src=v;s=b.getElementsByTagName(e)[0];\n        s.parentNode.insertBefore(t,s)}(window, document,'script',\n        '\n        fbq('init', '492459597522335');\n        fbq('track', 'PageView');\n    <\/script><\/p>\n","protected":false},"excerpt":{"rendered":"<p>\u201cEl show debe continuar\u201d, reza la frase popularizada por Freddie Mercury y por estos d\u00edas bien aplica para Tini Stossel, que en medio del esc\u00e1ndalo y la ruptura con su pap\u00e1 Alejandro tras darse cuenta que ni su dinero ni los derechos de su imagen estaban a nombre de ella, se encuentra en plena cuenta [&hellip;]<\/p>\n","protected":false},"author":2,"featured_media":91303,"comment_status":"","ping_status":"","sticky":false,"template":"","format":"standard","meta":{"footnotes":""},"categories":[14],"tags":[],"_links":{"self":[{"href":"https:\/\/maxradio923.com.ar\/index.php\/wp-json\/wp\/v2\/posts\/91302"}],"collection":[{"href":"https:\/\/maxradio923.com.ar\/index.php\/wp-json\/wp\/v2\/posts"}],"about":[{"href":"https:\/\/maxradio923.com.ar\/index.php\/wp-json\/wp\/v2\/types\/post"}],"author":[{"embeddable":true,"href":"https:\/\/maxradio923.com.ar\/index.php\/wp-json\/wp\/v2\/users\/2"}],"replies":[{"embeddable":true,"href":"https:\/\/maxradio923.com.ar\/index.php\/wp-json\/wp\/v2\/comments?post=91302"}],"version-history":[{"count":0,"href":"https:\/\/maxradio923.com.ar\/index.php\/wp-json\/wp\/v2\/posts\/91302\/revisions"}],"wp:featuredmedia":[{"embeddable":true,"href":"https:\/\/maxradio923.com.ar\/index.php\/wp-json\/wp\/v2\/media\/91303"}],"wp:attachment":[{"href":"https:\/\/maxradio923.com.ar\/index.php\/wp-json\/wp\/v2\/media?parent=91302"}],"wp:term":[{"taxonomy":"category","embeddable":true,"href":"https:\/\/maxradio923.com.ar\/index.php\/wp-json\/wp\/v2\/categories?post=91302"},{"taxonomy":"post_tag","embeddable":true,"href":"https:\/\/maxradio923.com.ar\/index.php\/wp-json\/wp\/v2\/tags?post=91302"}],"curies":[{"name":"wp","href":"https:\/\/api.w.org\/{rel}","templated":true}]}}