{"id":91300,"date":"2026-08-31T18:57:03","date_gmt":"2026-08-31T21:57:03","guid":{"rendered":"https:\/\/maxradio923.com.ar\/index.php\/2026\/08\/31\/lionel-richie-fue-internado-en-terapia-intensiva-tras-su-ultimo-concierto-en-st-louis\/"},"modified":"2026-08-31T18:57:03","modified_gmt":"2026-08-31T21:57:03","slug":"lionel-richie-fue-internado-en-terapia-intensiva-tras-su-ultimo-concierto-en-st-louis","status":"publish","type":"post","link":"https:\/\/maxradio923.com.ar\/index.php\/2026\/08\/31\/lionel-richie-fue-internado-en-terapia-intensiva-tras-su-ultimo-concierto-en-st-louis\/","title":{"rendered":"Lionel Richie fue internado en terapia intensiva tras su \u00faltimo concierto en St. Louis"},"content":{"rendered":"<p><\/p>\n<div>\n<p class=\"com-paragraph --s\"><strong>Lionel Richie<\/strong> <strong>debi\u00f3 ser hospitalizado de urgencia tras actuar el \u00faltimo fin de semana en la ciudad de St. Louis.<\/strong> Seg\u00fan inform\u00f3 el medio estadounidense <em>TMZ<\/em>, el cantante de 77 a\u00f1os ingres\u00f3 voluntariamente a un hospital local para someterse a algunos an\u00e1lisis y estudios despu\u00e9s de sentirse mal durante su \u00faltimo concierto. Mientras <strong>se encuentra internado en la unidad de cuidados intensivos<\/strong>, los m\u00e9dicos investigan si la causa de su malestar se debe a un cuadro de deshidrataci\u00f3n.<\/p>\n<p class=\"com-paragraph --s\">Seg\u00fan testigos que presenciaron su show del d\u00eda s\u00e1bado en la localidad de Missouri, el juez de <em>American Idol<\/em> <strong>se mostr\u00f3 con serias dificultades para terminar su presentaci\u00f3n y pidi\u00f3 una silla mientras interpretaba su \u00faltima canci\u00f3n, <\/strong><em><strong>\u201cAll Night Long\u201d<\/strong><\/em><strong>.<\/strong><\/p>\n<div class=\"content-media\">\n<section role=\"button\" class=\"mod-media   \">\n<figure role=\"button\" tabindex=\"0\" class=\"mod-figure \"><figcaption class=\"mod-figcaption\"><span class=\"com-text --caption --twoxs\">El artista de 77 a\u00f1os debi\u00f3 ser hospitalizado tras su \u00faltimo recital en la ciudad de St. Louis<\/p>\n<p><\/span><span class=\"com-text --credit --twoxs\">Santiago Filipuzzi<\/span><\/figcaption><\/figure>\n<\/section>\n<\/div>\n<p class=\"com-paragraph --s\">Esta no es la primera vez que Richie sufre problemas de salud arriba del escenario. En junio pasado, durante la noche inaugural de su gira norteamericana, el artista tuvo que terminar su show de manera abrupta tras sentirse indispuesto. Seg\u00fan se puede ver en los videos compartidos por el p\u00fablico, el int\u00e9rprete se vio obligado a sentarse varias veces mientras cantaba \u201cDancing on the Ceiling\u201d.<strong> \u201cCuando se sientan mareados, si\u00e9ntense\u201d, le dijo a la platea sin esconder su malestar. <\/strong><\/p>\n<p class=\"com-paragraph --s\">Aunque continu\u00f3 con su actuaci\u00f3n, el cantante hizo una pausa para recuperarse y dej\u00f3 a su banda en el escenario, quienes tocaron alrededor de 15 minutos sin \u00e9l. Casi una hora despu\u00e9s, el saxofonista Dino Soldo se dirigi\u00f3 al p\u00fablico presente y les comunic\u00f3 que el concierto se cancelaba porque Richie \u201cno se encontraba bien\u201d. Inmediatamente, el artista fue trasladado de urgencia al hospital de Minnesota. <\/p>\n<div class=\"content-media\">\n<section role=\"button\" class=\"mod-media   \">\n<figure role=\"button\" tabindex=\"0\" class=\"mod-figure \"><figcaption class=\"mod-figcaption\"><span class=\"com-text --caption --twoxs\">No es la primera vez que Richie se descompone arriba del escenario. En pasado junio, tuvo que terminar su show en el Grand Casino Arena de St. Paul tras sufrir un fuerte mareo <\/p>\n<p><\/span><span class=\"com-text --credit --twoxs\">Santiago Filipuzzi<\/span><\/figcaption><\/figure>\n<\/section>\n<\/div>\n<p class=\"com-paragraph --s\">Posteriormente a esa presentaci\u00f3n, el artista cancel\u00f3 dos conciertos en Chicago y Columbus, Ohio. \u201cSiguiendo las recomendaciones m\u00e9dicas de descansar y recuperarse por completo, Lionel Richie ha pospuesto sus dos pr\u00f3ximos conciertos\u201d, anunci\u00f3 la productora de su gira en redes sociales. <\/p>\n<p class=\"com-paragraph --s\">El 30 de junio, la estrella regres\u00f3 a los escenarios y brome\u00f3: \u201cLos ten\u00eda preocupados por un momento, \u00bfeh?. No tienen ni idea de lo que he pasado en las \u00faltimas 24 horas, escuchando a mis amigos darme consejos sobre lo que deber\u00eda estar haciendo&#8221;. D\u00edas despu\u00e9s, recurri\u00f3 a su Instagram para volver a llevar tranquilidad a sus fans. \u201cGracias por cada mensaje, cada palabra amable y por todo su cari\u00f1o. Estoy bien y les agradezco a todos\u201d, escribi\u00f3 mientras anunciaba sus pr\u00f3ximas fechas. <\/p>\n<p class=\"com-paragraph --s\">Su pr\u00f3xima presentaci\u00f3n con su espect\u00e1culo <em>Sing a song all night long <\/em>est\u00e1 programada para el 26 de septiembre en San Francisco. <\/p>\n<section class=\"container-center-100 mb-40 border border-bottom border-thin border-neutral-light-700\">\n<hr\/>\n<\/section>\n<\/div>\n<p><script id=\"facebookpixel\" defer=\"\" type=\"text\/javascript\">\n        !function(f,b,e,v,n,t,s)\n        {if(f.fbq)return;n=f.fbq=function(){n.callMethod?\n        n.callMethod.apply(n,arguments):n.queue.push(arguments)};\n        if(!f._fbq)f._fbq=n;n.push=n;n.loaded=!0;n.version='2.0';\n        n.queue=[];t=b.createElement(e);t.async=!0;\n        t.src=v;s=b.getElementsByTagName(e)[0];\n        s.parentNode.insertBefore(t,s)}(window, document,'script',\n        '\n        fbq('init', '492459597522335');\n        fbq('track', 'PageView');\n    <\/script><\/p>\n","protected":false},"excerpt":{"rendered":"<p>Lionel Richie debi\u00f3 ser hospitalizado de urgencia tras actuar el \u00faltimo fin de semana en la ciudad de St. Louis. Seg\u00fan inform\u00f3 el medio estadounidense TMZ, el cantante de 77 a\u00f1os ingres\u00f3 voluntariamente a un hospital local para someterse a algunos an\u00e1lisis y estudios despu\u00e9s de sentirse mal durante su \u00faltimo concierto. Mientras se encuentra [&hellip;]<\/p>\n","protected":false},"author":2,"featured_media":91301,"comment_status":"","ping_status":"","sticky":false,"template":"","format":"standard","meta":{"footnotes":""},"categories":[14],"tags":[],"_links":{"self":[{"href":"https:\/\/maxradio923.com.ar\/index.php\/wp-json\/wp\/v2\/posts\/91300"}],"collection":[{"href":"https:\/\/maxradio923.com.ar\/index.php\/wp-json\/wp\/v2\/posts"}],"about":[{"href":"https:\/\/maxradio923.com.ar\/index.php\/wp-json\/wp\/v2\/types\/post"}],"author":[{"embeddable":true,"href":"https:\/\/maxradio923.com.ar\/index.php\/wp-json\/wp\/v2\/users\/2"}],"replies":[{"embeddable":true,"href":"https:\/\/maxradio923.com.ar\/index.php\/wp-json\/wp\/v2\/comments?post=91300"}],"version-history":[{"count":0,"href":"https:\/\/maxradio923.com.ar\/index.php\/wp-json\/wp\/v2\/posts\/91300\/revisions"}],"wp:featuredmedia":[{"embeddable":true,"href":"https:\/\/maxradio923.com.ar\/index.php\/wp-json\/wp\/v2\/media\/91301"}],"wp:attachment":[{"href":"https:\/\/maxradio923.com.ar\/index.php\/wp-json\/wp\/v2\/media?parent=91300"}],"wp:term":[{"taxonomy":"category","embeddable":true,"href":"https:\/\/maxradio923.com.ar\/index.php\/wp-json\/wp\/v2\/categories?post=91300"},{"taxonomy":"post_tag","embeddable":true,"href":"https:\/\/maxradio923.com.ar\/index.php\/wp-json\/wp\/v2\/tags?post=91300"}],"curies":[{"name":"wp","href":"https:\/\/api.w.org\/{rel}","templated":true}]}}