{"id":91296,"date":"2026-08-31T17:53:05","date_gmt":"2026-08-31T20:53:05","guid":{"rendered":"https:\/\/maxradio923.com.ar\/index.php\/2026\/08\/31\/ozuna-vuelve-a-la-argentina-con-una-aventura-world-tour-cuando-toca-cual-es-precio-de-las-entradas-y-como-comprarlas\/"},"modified":"2026-08-31T17:53:05","modified_gmt":"2026-08-31T20:53:05","slug":"ozuna-vuelve-a-la-argentina-con-una-aventura-world-tour-cuando-toca-cual-es-precio-de-las-entradas-y-como-comprarlas","status":"publish","type":"post","link":"https:\/\/maxradio923.com.ar\/index.php\/2026\/08\/31\/ozuna-vuelve-a-la-argentina-con-una-aventura-world-tour-cuando-toca-cual-es-precio-de-las-entradas-y-como-comprarlas\/","title":{"rendered":"Ozuna vuelve a la Argentina con Una Aventura World Tour: cu\u00e1ndo toca, cu\u00e1l es precio de las entradas y c\u00f3mo comprarlas"},"content":{"rendered":"<p><\/p>\n<div>\n<p class=\"com-paragraph --s\"><strong>Ozuna<\/strong> volver\u00e1 a Buenos Aires el <strong>martes 8 de septiembre<\/strong> como parte de <strong>Una Aventura World Tour 2026<\/strong>, la gira internacional con la que durante este a\u00f1o recorre distintos mercados de Europa y Am\u00e9rica Latina.<\/p>\n<p class=\"com-paragraph --s\">El cantante puertorrique\u00f1o se presentar\u00e1 a las <strong>21.00<\/strong> en el Movistar Arena, con apertura de puertas desde las <strong>19.00<\/strong>. Las entradas disponibles parten de <strong>$105.000<\/strong>.<\/p>\n<p class=\"com-paragraph --s\">La gira toma su nombre de \u201cUna Aventura\u201d, canci\u00f3n incorporada a la etapa m\u00e1s reciente del artista, y propone combinar nuevo material con los temas que marcaron su recorrido dentro del reggaet\u00f3n y la m\u00fasica urbana.<\/p>\n<p><h4 class=\"font-primary font-w-bold text-subheading-md text-left container-center-100 mb-8\"><span>Cu\u00e1ndo y d\u00f3nde toca Ozuna en Buenos Aires<\/span><\/h4>\n<\/p>\n<div class=\"content-media\">\n<section role=\"button\" class=\"mod-media   \">\n<figure role=\"button\" tabindex=\"0\" class=\"mod-figure \"><figcaption class=\"mod-figcaption\"><span class=\"com-text --caption --twoxs\">El cantante puertorrique\u00f1o Ozuna y el DJ franc\u00e9s David Guetta (al fondo) act\u00faan durante la 24\u00aa ceremonia anual de los Premios Grammy Latinos en el Centro de Congresos y Exposiciones (FIBES) de Sevilla el 16 de noviembre de 2023<\/span><span class=\"com-text --credit --twoxs\">CRISTINA QUICLER &#8211; AFP<\/span><\/figcaption><\/figure>\n<\/section>\n<\/div>\n<p><h4 class=\"font-primary font-w-bold text-subheading-md text-left container-center-100 mb-8\"><span>Precios de entradas para Ozuna en Movistar Arena<\/span><\/h4>\n<\/p>\n<p class=\"com-paragraph --s\">Las localidades disponibles comienzan en <strong>$105.000<\/strong>, seg\u00fan sector y disponibilidad.<\/p>\n<p><h4 class=\"font-primary font-w-bold text-subheading-md text-left container-center-100 mb-8\"><span>C\u00f3mo comprar entradas para Ozuna<\/span><\/h4>\n<\/p>\n<p><h4 class=\"font-primary font-w-bold text-subheading-md text-left container-center-100 mb-8\"><span>Qu\u00e9 canciones puede incluir el show<\/span><\/h4>\n<\/p>\n<div class=\"content-media\">\n<section role=\"button\" class=\"mod-media   \">\n<figure role=\"button\" tabindex=\"0\" class=\"mod-figure \"><figcaption class=\"mod-figcaption\"><span class=\"com-text --caption --twoxs\">Eva Longoria sorprendi\u00f3 a Ozuna en vivo: la letra del tema que el m\u00fasico le dedic\u00f3 a la actriz<\/span><span class=\"com-text --credit --twoxs\">Instagram @laresistenciacero<\/span><\/figcaption><\/figure>\n<\/section>\n<\/div>\n<p class=\"com-paragraph --s\">La presentaci\u00f3n fue planteada como un recorrido entre la etapa actual de Ozuna y las canciones que impulsaron su carrera internacional.<\/p>\n<p class=\"com-paragraph --s\">Entre los temas asociados al repertorio de la gira aparecen \u201cDile que t\u00fa me quieres\u201d, \u201cSe Prepar\u00f3\u201d, \u201cBaila Baila Baila\u201d, \u201cHey Mor\u201d y \u201cUna Aventura\u201d.<\/p>\n<p><h4 class=\"font-primary font-w-bold text-subheading-md text-left container-center-100 mb-8\"><span>La gira Una Aventura World Tour 2026<\/span><\/h4>\n<\/p>\n<p class=\"com-paragraph --s\">El nuevo tour lleva a Ozuna nuevamente a una gira internacional de gran escala, con un recorrido que incluye <strong>Europa y Am\u00e9rica Latina<\/strong> durante 2026.<\/p>\n<p class=\"com-paragraph --s\">Buenos Aires forma parte del tramo latinoamericano del itinerario, con un espect\u00e1culo que retoma sus mayores \u00e9xitos y suma el material desarrollado en su etapa m\u00e1s reciente.<\/p>\n<section class=\"container-center-100 mb-40 border border-bottom border-thin border-neutral-light-700\">\n<hr\/>\n<\/section>\n<\/div>\n<p><script id=\"facebookpixel\" defer=\"\" type=\"text\/javascript\">\n        !function(f,b,e,v,n,t,s)\n        {if(f.fbq)return;n=f.fbq=function(){n.callMethod?\n        n.callMethod.apply(n,arguments):n.queue.push(arguments)};\n        if(!f._fbq)f._fbq=n;n.push=n;n.loaded=!0;n.version='2.0';\n        n.queue=[];t=b.createElement(e);t.async=!0;\n        t.src=v;s=b.getElementsByTagName(e)[0];\n        s.parentNode.insertBefore(t,s)}(window, document,'script',\n        '\n        fbq('init', '492459597522335');\n        fbq('track', 'PageView');\n    <\/script><\/p>\n","protected":false},"excerpt":{"rendered":"<p>Ozuna volver\u00e1 a Buenos Aires el martes 8 de septiembre como parte de Una Aventura World Tour 2026, la gira internacional con la que durante este a\u00f1o recorre distintos mercados de Europa y Am\u00e9rica Latina. El cantante puertorrique\u00f1o se presentar\u00e1 a las 21.00 en el Movistar Arena, con apertura de puertas desde las 19.00. Las [&hellip;]<\/p>\n","protected":false},"author":2,"featured_media":91297,"comment_status":"","ping_status":"","sticky":false,"template":"","format":"standard","meta":{"footnotes":""},"categories":[14],"tags":[],"_links":{"self":[{"href":"https:\/\/maxradio923.com.ar\/index.php\/wp-json\/wp\/v2\/posts\/91296"}],"collection":[{"href":"https:\/\/maxradio923.com.ar\/index.php\/wp-json\/wp\/v2\/posts"}],"about":[{"href":"https:\/\/maxradio923.com.ar\/index.php\/wp-json\/wp\/v2\/types\/post"}],"author":[{"embeddable":true,"href":"https:\/\/maxradio923.com.ar\/index.php\/wp-json\/wp\/v2\/users\/2"}],"replies":[{"embeddable":true,"href":"https:\/\/maxradio923.com.ar\/index.php\/wp-json\/wp\/v2\/comments?post=91296"}],"version-history":[{"count":0,"href":"https:\/\/maxradio923.com.ar\/index.php\/wp-json\/wp\/v2\/posts\/91296\/revisions"}],"wp:featuredmedia":[{"embeddable":true,"href":"https:\/\/maxradio923.com.ar\/index.php\/wp-json\/wp\/v2\/media\/91297"}],"wp:attachment":[{"href":"https:\/\/maxradio923.com.ar\/index.php\/wp-json\/wp\/v2\/media?parent=91296"}],"wp:term":[{"taxonomy":"category","embeddable":true,"href":"https:\/\/maxradio923.com.ar\/index.php\/wp-json\/wp\/v2\/categories?post=91296"},{"taxonomy":"post_tag","embeddable":true,"href":"https:\/\/maxradio923.com.ar\/index.php\/wp-json\/wp\/v2\/tags?post=91296"}],"curies":[{"name":"wp","href":"https:\/\/api.w.org\/{rel}","templated":true}]}}